{"id":10531,"date":"2019-08-09T12:32:36","date_gmt":"2019-08-09T10:32:36","guid":{"rendered":"http:\/\/www.ladislavjakl.cz\/?p=10531"},"modified":"2019-08-09T12:32:36","modified_gmt":"2019-08-09T10:32:36","slug":"jakl-napsal-bradacove-chce-at-statni-zastupitelstvi-proveri-vysetrovani-kvetnovych-incidentu","status":"publish","type":"post","link":"https:\/\/www.ladislavjakl.cz\/?p=10531","title":{"rendered":"Jakl napsal Brad\u00e1\u010dov\u00e9. Chce, a\u0165 st\u00e1tn\u00ed zastupitelstv\u00ed prov\u011b\u0159\u00ed vy\u0161et\u0159ov\u00e1n\u00ed kv\u011btnov\u00fdch incident\u016f"},"content":{"rendered":"<p>N\u011bkdej\u0161\u00ed tajemn\u00edk b\u00fdval\u00e9ho prezidenta V\u00e1clava Klause Ladislav Jakl \u017e\u00e1d\u00e1 Vrchn\u00ed st\u00e1tn\u00ed zastupitelstv\u00ed v Praze, aby prov\u011b\u0159ilo z\u00e1konnost a korektnost po\u010d\u00edn\u00e1n\u00ed policie p\u0159i vy\u0161et\u0159ov\u00e1n\u00ed dvou kv\u011btnov\u00fdch incident\u016f, p\u0159i kter\u00fdch byl \u00fadajn\u011b napaden. V dopisu, kter\u00fd v p\u00e1tek dal k dispozici novin\u00e1\u0159\u016fm, kritizuje to, \u017ee mu policist\u00e9 v p\u0159\u00edpadu napaden\u00ed v Praze i ve Zl\u00edn\u011b nesd\u011blili ani to, jak byla p\u0159\u00edslu\u0161n\u00e1 \u0159\u00edzen\u00ed ukon\u010dena, a\u010dkoliv informace poskytli m\u00e9di\u00edm.<\/p>\n<p><!--more--><\/p>\n<p>\u201eOfici\u00e1ln\u011b nem\u00e1m o v\u00fdsledku vy\u0161et\u0159ov\u00e1n\u00ed a\u017e dosud \u017e\u00e1dnou informaci, p\u0159esto\u017ee jsem byl p\u0159edt\u00edm s ob\u011bma policejn\u00edmi org\u00e1ny opakovan\u011b i v telefonick\u00e9m styku. Nikdo mi nevolal, nikdo mi nepsal. Zato se v obou p\u0159\u00edpadech vy\u0161et\u0159ovatel\u00e9 obr\u00e1tili na m\u00e9dia a sd\u011blili jim, \u017ee vy\u0161et\u0159ov\u00e1n\u00ed bylo ukon\u010deno, a tak\u00e9 s jak\u00fdm v\u00fdsledkem,\u201c p\u00ed\u0161e v dokumentu Jakl.<\/p>\n<p class=\"img img--16x9\" data-text-version=\"Na\u010d\u00edst obr\u00e1zek\"><a class=\"img__holder img__holder--static\" href=\"https:\/\/www.irozhlas.cz\/fotogalerie\/8029667?fid=8651014\"><img loading=\"lazy\" decoding=\"async\" class=\"\" src=\"https:\/\/www.irozhlas.cz\/sites\/default\/files\/styles\/zpravy_otvirak_velky\/public\/uploader\/profimedia-038387358_190327-170152_och.jpg?itok=Qy59Ea6l\" alt=\"\" width=\"485\" height=\"273\"><\/a><\/p>\n<p>Ladislav Jakl | Foto: Dan Materna | Zdroj: MAFRA \/ Profimedia<\/p>\n<p>Kritizuje, \u017ee ho policejn\u00ed mluv\u010d\u00ed ozna\u010dili jako podez\u0159el\u00e9ho \u010di to, \u017ee p\u0159isp\u00edvali k medi\u00e1ln\u00ed relativizaci druh\u00e9ho incidentu.<\/p>\n<p>\u201eVzhledem k ve\u0159ejn\u00e9 funkci, do kter\u00e9 jsem byl zvolen Poslaneckou sn\u011bmovnou, pova\u017euji medializovan\u00e1 vyj\u00e1d\u0159en\u00ed policejn\u00edch org\u00e1n\u016f za n\u00e1pomoc p\u0159i znev\u00e1\u017een\u00ed moj\u00ed d\u016fv\u011bryhodnosti a poru\u0161en\u00ed z\u00e1konem stanoven\u00fdch procesn\u00edch pravidel,\u201c napsal \u010dlen Rady pro rozhlasov\u00e9 a televizn\u00ed vys\u00edl\u00e1n\u00ed Jakl v dopisu adresovan\u00e9m vrchn\u00ed st\u00e1tn\u00ed z\u00e1stupkyni Lence Brad\u00e1\u010dov\u00e9.<\/p>\n<p>Prvn\u00ed z incident\u016f se odehr\u00e1l 25. kv\u011btna v Praze v souprav\u011b metra mezi stanicemi Florenc a N\u00e1m\u011bst\u00ed Republiky. Jakl tvrd\u00ed, \u017ee kdy\u017e sed\u011bl, p\u0159istoupil k n\u011bmu nezn\u00e1m\u00fd mu\u017e a zeptal se ho, zda je l\u00eddrem kandid\u00e1tky hnut\u00ed SPD. Pot\u00e9, co kladn\u011b odpov\u011bd\u011bl, \u00fato\u010dn\u00edk mu pr\u00fd dal r\u00e1ny do hlavy a dal\u0161\u00edch \u010d\u00e1st\u00ed t\u011bla a oba pak upadli na zem.<\/p>\n<p>Jakl se v p\u00e1tek ohradil proti tomu, \u017ee mu\u017e na rozd\u00edl od n\u011bj nemus\u00ed \u010delit z\u00e1jmu ve\u0159ejnosti, proto\u017ee je chr\u00e1n\u011bna jeho toto\u017enost. Novin\u00e1\u0159\u016fm proto sd\u011blil jeho jm\u00e9no. Mu\u017e d\u0159\u00edve p\u0159iznal, \u017ee Jakla dvakr\u00e1t nazval \u201ekriplem\u201c. Pot\u00e9 pr\u00fd cht\u011bl z vagonu vystoupit, ale Jakl, kter\u00fd podle n\u011bj st\u00e1l, na n\u011bj za\u00fato\u010dil. S\u00e1m \u00fadajn\u011b ude\u0159il Jakla dvakr\u00e1t p\u011bst\u00ed do tv\u00e1\u0159e a jednou do ramene.<\/p>\n<h2>Podez\u0159en\u00ed z p\u0159estupku<\/h2>\n<p>Podobn\u00e9 okolnosti podle Jakla doprov\u00e1zej\u00ed i dal\u0161\u00ed fyzick\u00e9 napaden\u00ed. Jakl uvedl, \u017ee mu \u010delil posledn\u00ed kv\u011btnovou st\u0159edu ve Zl\u00edn\u011b p\u0159i sn\u00eddani v hotelu. \u00dato\u010dn\u00edk mu \u00fadajn\u011b \u0159ekl, \u017ee ho \u00famysln\u011b ude\u0159il do m\u00edsta, kter\u00e9 ho bol\u00ed po prvn\u00edm \u00fatoku. \u201eAni zde jsem nedostal \u017e\u00e1dnou zpr\u00e1vu o ukon\u010den\u00ed vy\u0161et\u0159ov\u00e1n\u00ed. Pouze z m\u00e9di\u00ed se mi po n\u011bkolika t\u00fddnech doneslo, \u017ee \u00fato\u010dn\u00edk byl pr\u00fd odhalen a vede se v\u016f\u010di n\u011bmu p\u0159estupkov\u00e9 \u0159\u00edzen\u00ed,\u201c uvedl.<\/p>\n<p>Pra\u017esk\u00e1 ani zl\u00ednsk\u00e1 policie se v p\u00e1tek na dotaz k Jaklov\u011b kritice nevyj\u00e1d\u0159ily.&nbsp;\u201eVin\u00edkovi hroz\u00ed ve spr\u00e1vn\u00edm \u0159\u00edzen\u00ed n\u011bkolikatis\u00edcov\u00e1 pokuta. Na projedn\u00e1n\u00ed p\u0159estupku m\u00e1 magistr\u00e1t jeden rok,\u201c \u0159ekla k tomu v p\u00e1tek zl\u00ednsk\u00e1 policejn\u00ed mluv\u010d\u00ed Monika Kozumpl\u00edkov\u00e1.<\/p>\n<p>I pra\u017esk\u00e1 policie p\u0159edala p\u0159\u00edpad do p\u0159estupkov\u00e9ho \u0159\u00edzen\u00ed. Ze sp\u00e1ch\u00e1n\u00ed p\u0159estupku jsou podle n\u00ed podez\u0159el\u00ed Jakl i dev\u011btadvacetilet\u00fd mu\u017e, kter\u00fd se s b\u00fdval\u00fdm tajemn\u00edkem dostal do poty\u010dky. Incident tak posoud\u00ed \u00da\u0159ad m\u011bstsk\u00e9 \u010d\u00e1sti Praha 1.<\/p>\n<p>V p\u0159\u00edpad\u011b poty\u010dky ve Zl\u00edn\u011b kvalifikovali kriminalist\u00e9 jedn\u00e1n\u00ed p\u011bta\u010dty\u0159icetilet\u00e9ho mu\u017ee z Prahy jako p\u0159estupek proti ob\u010dansk\u00e9mu sou\u017eit\u00ed. P\u0159\u00edpad p\u0159edali pracovn\u00edk\u016fm p\u0159estupkov\u00e9ho odd\u011blen\u00ed zl\u00ednsk\u00e9ho magistr\u00e1tu.<\/p>\n<p>Jakl v lo\u0148sk\u00fdch sen\u00e1tn\u00edch volb\u00e1ch kandidoval v Praze 2 za SPD Tomia Okamury. Opakovan\u00fd \u00fatok na n\u011bj sn\u011bmovna odsoudila jako nep\u0159ijateln\u00e9 ohro\u017een\u00ed demokracie a svobody v \u010cR. Rozhodla o tom na n\u00e1vrh p\u0159edsedy SPD Tomia Okamury.<\/p>\n<p><a href=\"https:\/\/www.irozhlas.cz\/zpravy-domov\/ladislav-jakl-statni-zastupitelstvi-policie-napadeni-potycka-prestupek-stiznost_1908021631_lac\">Zdroj<\/a><\/p>\n","protected":false},"excerpt":{"rendered":"<p>N\u011bkdej\u0161\u00ed tajemn\u00edk b\u00fdval\u00e9ho prezidenta V\u00e1clava Klause Ladislav Jakl \u017e\u00e1d\u00e1 Vrchn\u00ed st\u00e1tn\u00ed zastupitelstv\u00ed v Praze, aby prov\u011b\u0159ilo z\u00e1konnost a korektnost po\u010d\u00edn\u00e1n\u00ed policie p\u0159i vy\u0161et\u0159ov\u00e1n\u00ed dvou kv\u011btnov\u00fdch incident\u016f, p\u0159i kter\u00fdch byl \u00fadajn\u011b napaden. V dopisu, kter\u00fd v p\u00e1tek dal k dispozici novin\u00e1\u0159\u016fm, kritizuje to, \u017ee mu policist\u00e9 v p\u0159\u00edpadu napaden\u00ed v Praze i ve Zl\u00edn\u011b nesd\u011blili ani [&hellip;]<\/p>\n","protected":false},"author":1,"featured_media":0,"comment_status":"open","ping_status":"open","sticky":false,"template":"","format":"standard","meta":{"ngg_post_thumbnail":0,"footnotes":""},"categories":[11],"tags":[],"class_list":["post-10531","post","type-post","status-publish","format-standard","hentry","category-ozvena"],"_links":{"self":[{"href":"https:\/\/www.ladislavjakl.cz\/index.php?rest_route=\/wp\/v2\/posts\/10531","targetHints":{"allow":["GET"]}}],"collection":[{"href":"https:\/\/www.ladislavjakl.cz\/index.php?rest_route=\/wp\/v2\/posts"}],"about":[{"href":"https:\/\/www.ladislavjakl.cz\/index.php?rest_route=\/wp\/v2\/types\/post"}],"author":[{"embeddable":true,"href":"https:\/\/www.ladislavjakl.cz\/index.php?rest_route=\/wp\/v2\/users\/1"}],"replies":[{"embeddable":true,"href":"https:\/\/www.ladislavjakl.cz\/index.php?rest_route=%2Fwp%2Fv2%2Fcomments&post=10531"}],"version-history":[{"count":1,"href":"https:\/\/www.ladislavjakl.cz\/index.php?rest_route=\/wp\/v2\/posts\/10531\/revisions"}],"predecessor-version":[{"id":10532,"href":"https:\/\/www.ladislavjakl.cz\/index.php?rest_route=\/wp\/v2\/posts\/10531\/revisions\/10532"}],"wp:attachment":[{"href":"https:\/\/www.ladislavjakl.cz\/index.php?rest_route=%2Fwp%2Fv2%2Fmedia&parent=10531"}],"wp:term":[{"taxonomy":"category","embeddable":true,"href":"https:\/\/www.ladislavjakl.cz\/index.php?rest_route=%2Fwp%2Fv2%2Fcategories&post=10531"},{"taxonomy":"post_tag","embeddable":true,"href":"https:\/\/www.ladislavjakl.cz\/index.php?rest_route=%2Fwp%2Fv2%2Ftags&post=10531"}],"curies":[{"name":"wp","href":"https:\/\/api.w.org\/{rel}","templated":true}]}}