{"id":10533,"date":"2019-08-09T12:34:03","date_gmt":"2019-08-09T10:34:03","guid":{"rendered":"http:\/\/www.ladislavjakl.cz\/?p=10533"},"modified":"2019-08-09T12:34:03","modified_gmt":"2019-08-09T10:34:03","slug":"pichali-mi-injekce-do-zad-jakl-kvuli-utoku-v-metru-uderil-i-na-policii","status":"publish","type":"post","link":"https:\/\/www.ladislavjakl.cz\/?p=10533","title":{"rendered":"\u201eP\u00edchali mi injekce do zad.\u201c Jakl kv\u016fli \u00fatoku v metru ude\u0159il i na policii"},"content":{"rendered":"<p>Bl\u00edzk\u00fd spolupracovn\u00edk exprezidenta V\u00e1clava Klause Ladislav Jakl p\u0159idal \u0159adu detail\u016f ke sv\u00e9mu napaden\u00ed v metru v Praze. Odehr\u00e1lo se na konci kv\u011btna ve voze na lince B, kdy na Jakla podle jeho tvrzen\u00ed za\u00fato\u010dil mlad\u00fd mu\u017e (29). Ne\u00fasp\u011b\u0161n\u00fd kandid\u00e1t do Sen\u00e1tu za SPD od za\u010d\u00e1tku uv\u00e1d\u00ed, \u017ee byl napaden\u00fd kv\u016fli sv\u00e9 politick\u00e9 p\u0159\u00edslu\u0161nosti. V p\u00e1tek popsal i n\u00e1sledky, kter\u00e9 si z&nbsp;rva\u010dky odnesl. Z\u00e1rove\u0148 m\u00e9di\u00edm odtajnil identitu \u00fato\u010dn\u00edka.<\/p>\n<p><!--more--><\/p>\n<p>K napaden\u00ed m\u011blo podle Ladislava Jakla doj\u00edt ve\u010der 25. kv\u011btna, kdy\u017e se vracel dom\u016f metrem. \u201eU\u017e n\u011bkolik vte\u0159in, co jsem nastoupil, a metro se rozjelo, m\u011b napadl ciz\u00ed \u010dlov\u011bk.&nbsp;<strong>Prvn\u011b vyk\u0159ikoval, \u017ee jsem Jakl, l\u00eddr SPD, co\u017e jsem nikdy nebyl. A pak jsem od n\u011bj dostal nepo\u010d\u00edtan\u011b ran<\/strong>, ur\u010dit\u011b aspo\u0148 deset, do lev\u00e9 poloviny t\u011bla, pravou jsem si stihl kr\u00fdt. Dostal jsem celou \u0159adu ran do hlavy, do ruky a do ramene,\u201c popsal \u00fatok Jakl.<\/p>\n<p>Verze, kterou poskytl pro Den\u00edk N druh\u00fd mu\u017e Daniel R. (29), je ale odli\u0161n\u00e1. Prvn\u00ed m\u011bl pr\u00fd za\u00fato\u010dit Jakl. Roz\u010d\u00edlila ho \u00fadajn\u011b v\u011bta: \u201e<strong>S t\u00edmhle kriplem nepojedu.\u201c<\/strong>&nbsp;Takov\u00fd v\u00fdklad Ladislav Jakl odm\u00edt\u00e1 a tvrd\u00ed, \u017ee mlad\u00e9mu mu\u017ei s v\u00fdpov\u011bd\u00ed pomohl pr\u00e1vn\u00edk, aby nebyl \u00fatok ozna\u010den\u00fd jako politicky motivovan\u00fd. Daniel R. se podle n\u011bj z\u00e1m\u011brn\u011b schov\u00e1v\u00e1 v anonymit\u011b, a proto m\u00e9di\u00edm v p\u00e1tek odhalil jeho identitu.&nbsp;<strong>\u201eMysl\u00edm si, \u017ee to nen\u00ed f\u00e9r. Z anonymity \u0161pinit druh\u00e9ho \u010dlov\u011bka je snadn\u00e9,\u201c<\/strong>&nbsp;vysv\u011btlil sv\u016fj krok Jakl.<\/p>\n<h2>Injekce a pr\u00e1\u0161ky<\/h2>\n<p>Z poty\u010dky v metru si Jakl, jak tvrd\u00ed, odnesl \u0159adu poran\u011bn\u00ed. \u201ePoda\u0159ilo se mu shodit m\u011b na zem a&nbsp;<strong>tam jsem si hnul z\u00e1dy tak ne\u0161\u0165astn\u011b, \u017ee jsem si sk\u0159\u00edpnul nerv a dostal jsem k\u0159e\u010dovit\u00fd z\u00e1chv\u011bvy v dutin\u011b b\u0159i\u0161n\u00ed<\/strong>,\u201c \u0159ekl Klaus\u016fv spolupracovn\u00edk, aby dodal: \u201eMyslel jsem si, \u017ee je to vnit\u0159n\u00ed poran\u011bn\u00ed, tak jsem si p\u0159ivolal pomoc, kter\u00e1 m\u011b odvezla na pohotovost.\u201c<\/p>\n<p>K dispozici m\u00e1 pr\u00fd Jakl t\u0159i l\u00e9ka\u0159sk\u00e9 zpr\u00e1vy od t\u0159\u00ed r\u016fzn\u00fdch pracovi\u0161\u0165. \u201e<strong>Krom\u011b pohmo\u017ed\u011bnin a otla\u010denin na hlav\u011b, na rameni a na pa\u017ei jsem m\u011bl p\u0159edev\u0161\u00edm poran\u011bn\u00ed na p\u00e1te\u0159i, kv\u016fli kter\u00e9mu jsem dost\u00e1val injekce.<\/strong>&nbsp;Bral jsem pak pr\u00e1\u0161ky na bolest n\u011bkolik t\u00fddn\u016f,\u201c popisuje sv\u00e9 zran\u011bn\u00ed.<\/p>\n<h2>St\u00ed\u017enost na policii<\/h2>\n<p>O n\u011bkolik dn\u00ed pozd\u011bji po poty\u010dce v metru byl napaden\u00fd podruh\u00e9 ve Zl\u00edn\u011b, kdy jej m\u011bl u sn\u00eddan\u011b ude\u0159it mu\u017e do zad. \u201e<strong>\u0158ekl jsem mu, \u017ee m\u011b to tam bol\u00ed. A on odpov\u011bd\u011bl, \u017ee to v\u00ed, a pr\u00fd m\u011b tam pra\u0161t\u00ed klidn\u011b je\u0161t\u011b jednou<\/strong>,\u201c vracel se k dal\u0161\u00edmu napaden\u00ed Jakl. Podle n\u011bj pak Policie \u010cR oba p\u0159\u00edpady nedostate\u010dn\u011b \u0159e\u0161ila a \u00fadajn\u011b jej nijak neinformovala o postupu vy\u0161et\u0159ov\u00e1n\u00ed. Podrobnosti se dozv\u011bd\u011bl a\u017e z m\u00e9di\u00ed. Z toho d\u016fvodu poslal st\u00ed\u017enost vrchn\u00ed st\u00e1tn\u00ed z\u00e1stupkyni Lence Brad\u00e1\u010dov\u00e9, v n\u00ed\u017e \u017e\u00e1d\u00e1 o prov\u011b\u0159en\u00ed spr\u00e1vnosti postupu policist\u016f.<\/p>\n<p><a href=\"https:\/\/www.blesk.cz\/clanek\/zpravy-politika\/614750\/pichali-mi-injekce-do-zad-jakl-kvuli-utoku-v-metru-uderil-i-na-policii.html\">Zdroj<\/a><\/p>\n","protected":false},"excerpt":{"rendered":"<p>Bl\u00edzk\u00fd spolupracovn\u00edk exprezidenta V\u00e1clava Klause Ladislav Jakl p\u0159idal \u0159adu detail\u016f ke sv\u00e9mu napaden\u00ed v metru v Praze. Odehr\u00e1lo se na konci kv\u011btna ve voze na lince B, kdy na Jakla podle jeho tvrzen\u00ed za\u00fato\u010dil mlad\u00fd mu\u017e (29). Ne\u00fasp\u011b\u0161n\u00fd kandid\u00e1t do Sen\u00e1tu za SPD od za\u010d\u00e1tku uv\u00e1d\u00ed, \u017ee byl napaden\u00fd kv\u016fli sv\u00e9 politick\u00e9 p\u0159\u00edslu\u0161nosti. V p\u00e1tek [&hellip;]<\/p>\n","protected":false},"author":1,"featured_media":0,"comment_status":"open","ping_status":"open","sticky":false,"template":"","format":"standard","meta":{"ngg_post_thumbnail":0,"footnotes":""},"categories":[11],"tags":[],"class_list":["post-10533","post","type-post","status-publish","format-standard","hentry","category-ozvena"],"_links":{"self":[{"href":"https:\/\/www.ladislavjakl.cz\/index.php?rest_route=\/wp\/v2\/posts\/10533","targetHints":{"allow":["GET"]}}],"collection":[{"href":"https:\/\/www.ladislavjakl.cz\/index.php?rest_route=\/wp\/v2\/posts"}],"about":[{"href":"https:\/\/www.ladislavjakl.cz\/index.php?rest_route=\/wp\/v2\/types\/post"}],"author":[{"embeddable":true,"href":"https:\/\/www.ladislavjakl.cz\/index.php?rest_route=\/wp\/v2\/users\/1"}],"replies":[{"embeddable":true,"href":"https:\/\/www.ladislavjakl.cz\/index.php?rest_route=%2Fwp%2Fv2%2Fcomments&post=10533"}],"version-history":[{"count":1,"href":"https:\/\/www.ladislavjakl.cz\/index.php?rest_route=\/wp\/v2\/posts\/10533\/revisions"}],"predecessor-version":[{"id":10534,"href":"https:\/\/www.ladislavjakl.cz\/index.php?rest_route=\/wp\/v2\/posts\/10533\/revisions\/10534"}],"wp:attachment":[{"href":"https:\/\/www.ladislavjakl.cz\/index.php?rest_route=%2Fwp%2Fv2%2Fmedia&parent=10533"}],"wp:term":[{"taxonomy":"category","embeddable":true,"href":"https:\/\/www.ladislavjakl.cz\/index.php?rest_route=%2Fwp%2Fv2%2Fcategories&post=10533"},{"taxonomy":"post_tag","embeddable":true,"href":"https:\/\/www.ladislavjakl.cz\/index.php?rest_route=%2Fwp%2Fv2%2Ftags&post=10533"}],"curies":[{"name":"wp","href":"https:\/\/api.w.org\/{rel}","templated":true}]}}