{"id":10540,"date":"2019-08-15T11:35:42","date_gmt":"2019-08-15T09:35:42","guid":{"rendered":"http:\/\/www.ladislavjakl.cz\/?p=10540"},"modified":"2019-08-15T11:35:42","modified_gmt":"2019-08-15T09:35:42","slug":"video-proc-nas-ta-pata-kolona-tak-nenavidi-cela-vlastenecka-scena-u-jednoho-stolu","status":"publish","type":"post","link":"https:\/\/www.ladislavjakl.cz\/?p=10540","title":{"rendered":"VIDEO Pro\u010d n\u00e1s ta p\u00e1t\u00e1 kolona tak nen\u00e1vid\u00ed? Cel\u00e1 vlasteneck\u00e1 sc\u00e9na u jednoho stolu"},"content":{"rendered":"<p>Na z\u00e1mku P\u0159\u00ed\u010dovy u Sedl\u010dan se v sobotu konala akce nazvan\u00e1 Vlasteneck\u00e9 setk\u00e1n\u00ed. Na akci zav\u00edtalo mnoho publicist\u016f, aktivist\u016f a politik\u016f v\u010detn\u011b spisovatele Benjamina Kurase, publicisty Petra \u017dantovsk\u00e9ho \u010di novin\u00e1\u0159e a kandid\u00e1ta do Rady \u010cTK Michala Sem\u00edna. O vybran\u00fdch t\u00e9matech hovo\u0159ili i poslanec Jaroslav Foldyna, aktivista a entomolog Martin Konvi\u010dka \u010di b\u00fdval\u00fd \u0159editel politick\u00e9ho odboru Kancel\u00e1\u0159e prezidenta republiky a \u010dlen RRTV Ladislav Jakl. Mezi t\u00e9maty byly: porovn\u00e1n\u00ed zm\u011bn ve spole\u010dnosti od sametov\u00e9 revoluce po sou\u010dasnost, vlastenectv\u00ed \u010di vliv glob\u00e1ln\u00edch m\u00e9di\u00ed. Akci na kr\u00e1tkou chv\u00edli naru\u0161ili demonstranti.<\/p>\n<p><!--more--><\/p>\n<p>Cel\u00e9 setk\u00e1n\u00ed zapo\u010dal aktivista a sociolog Petr Hampl a mluvil o srovn\u00e1n\u00ed situace p\u0159ed t\u0159iceti lety a nyn\u00ed. O\u010dek\u00e1v\u00e1n\u00ed ze zm\u011bny re\u017eimu jsou pr\u00fd nyn\u00ed nenapln\u011bn\u00e1. N\u00e1sledovala spisovatelka Lenka Proch\u00e1zkov\u00e1. Hampl ji uvedl se slovy, \u017ee je velmi state\u010dn\u00e1 \u017eena a v&nbsp;souvislosti s&nbsp;t\u00edm se op\u0159el i o \u201eslun\u00ed\u010dka\u201c. \u201eTo, co vlasteneck\u00e9 lidi odli\u0161uje od t\u011bch slun\u00ed\u010dek, nen\u00ed, \u017ee jen m\u00e1me jin\u00e9 n\u00e1zory, ale \u017ee m\u00e1me i jin\u00e9 povahov\u00e9 rysy,\u201c \u0159ekl Hampl, kter\u00fd on\u011bmi povahov\u00fdmi rysy myslel pr\u00e1v\u011b state\u010dnost a vlastnost \u0159\u00edkat nahlas to, co si skute\u010dn\u011b mysl\u00ed.<\/p>\n<p>\u201ePosledn\u00ed zm\u011bna politick\u00e9ho re\u017eimu v&nbsp;na\u0161\u00ed zemi sice prob\u011bhla sametov\u011b, ale kdy\u017e se ohl\u00ed\u017e\u00edme na ta t\u0159i desetilet\u00ed, kter\u00e1 n\u00e1sledovala pod heslem budov\u00e1n\u00ed demokracie, p\u0159ipom\u00edn\u00e1 to sp\u00ed\u0161e rozeb\u00edr\u00e1n\u00ed nosn\u00fdch zd\u00ed podle asana\u010dn\u00edho z\u00e1m\u011bru, kter\u00fd je\u0161t\u011b zdaleka nebyl dokon\u010den,\u201c shrnula posledn\u00edch t\u0159icet let demokracie Proch\u00e1zkov\u00e1. \u201ePro\u010d jsou alternativn\u00ed m\u00e9dia pod dohledem \u201a\u010du\u010dka\u0159\u016f\u2018 a pro\u010d je tak nen\u00e1vid\u00ed p\u00e1t\u00e1 kolona?\u201c t\u00e1zala se d\u00e1le a setk\u00e1n\u00ed ozna\u010dila za \u201enovodob\u00fd samizdat\u201c. Proch\u00e1zkov\u00e1 takt\u00e9\u017e vy\u0159kla n\u00e1pad na \u201ealternativn\u00ed \u0161kolstv\u00ed\u201c, p\u0159es kter\u00e9 by se dle n\u00ed m\u011bla pomoc\u00ed internetu vzd\u011bl\u00e1vat nejmlad\u0161\u00ed generace.<\/p>\n<section class=\"section-brown section-inarticle poll\">\n<div class=\"well well-rounded\">\n<div>N\u00e1sledn\u011b \u0159e\u010dnil i diplomat a b\u00fdval\u00fd ministr Jaroslav Ba\u0161ta. Vyj\u00e1d\u0159il sv\u00e1 zklam\u00e1n\u00ed, \u017ee jsme po sametov\u00e9 revoluci nesm\u011b\u0159ovali kroky n\u00e1sledn\u011b na prvn\u00ed republiku, hovo\u0159il pak p\u0159edev\u0161\u00edm o tom, \u017ee spousta stejn\u00fdch lid\u00ed z\u016fstala ve funkc\u00edch i po zm\u011bn\u011b re\u017eimu a neza\u010dali jsme se v\u011bnovat sv\u00e9 obran\u011b. \u201eV\u00edte, k&nbsp;\u010demu v\u017edycky slou\u017eily kolonie?\u201c polo\u017eil pak ot\u00e1zku s&nbsp;t\u00edm, \u017ee k&nbsp;n\u00e1m vzhledem k&nbsp;sou\u010dasn\u00e9 migra\u010dn\u00ed krizi \u201epo\u0161lou ty nepohodln\u00e9\u201c.<\/div>\n<\/div>\n<\/section>\n<section class=\"section-blue section-inarticle profile-thumb-card\">\n<div class=\"well well-rounded\">\n<div class=\"row\">&nbsp;<\/div>\n<\/div>\n<\/section>\n<section class=\"section-blue section-inarticle profile-thumb-card\">\n<div class=\"well well-rounded\">\n<div class=\"row\">\n<div class=\"col-md-9\">\n<div>&nbsp;<\/div>\n<div class=\"btn-rowed-group\">U \u0159e\u010dnick\u00e9ho pultu Ba\u0161tu vyst\u0159\u00eddal m\u00edstop\u0159edseda spolku Zemsk\u00e1 domobrana Ivo Gec. Podle Gece jsme p\u0159ed t\u0159iceti lety ud\u011blali chybu, \u017ee jsme byli nerozv\u00e1\u017en\u00ed a \u201eti, kte\u0159\u00ed p\u0159evzali moc, nem\u011bli \u010dist\u00e9 \u00famysly\u201c. Tak\u00e9 se p\u0159ipojil k&nbsp;n\u00e1zoru, \u017ee jsme se stali koloni\u00ed a vyj\u00e1d\u0159il znepokojen\u00ed z&nbsp;bezpe\u010dnostn\u00ed situace v&nbsp;N\u011bmecku, p\u0159i\u010dem\u017e zd\u016fraznil, \u017ee hranice je nehl\u00eddan\u00e1. \u201eKdokoliv p\u0159ejde zelenou hranici, m\u016f\u017ee chodit, jak chce,\u201c podotkl.<\/div>\n<\/div>\n<\/div>\n<\/div>\n<\/section>\n<div id=\"carodaOutstream67812Container\" class=\"carodaContainer\">\n<div id=\"carodaTeadsContainer367624165\" class=\"carodaOutstream fs-caroda-container-439914 fs-caroda-container-904367\">\n<div class=\"teads-adCall\">&nbsp;<\/div>\n<\/div>\n<\/div>\n<p><iframe loading=\"lazy\" src=\"https:\/\/www.facebook.com\/plugins\/video.php?href=https%3A%2F%2Fwww.facebook.com%2FRaptorTV.cz%2Fvideos%2F2771586656189708%2F&amp;show_text=0&amp;width=560\" width=\"560\" height=\"315\" frameborder=\"0\" scrolling=\"no\" allowfullscreen=\"allowfullscreen\" data-mce-fragment=\"1\"><\/iframe><\/p>\n<p>A pak se Gec rozhovo\u0159il, \u017ee pr\u00fd existuj\u00ed technologie na d\u00e1lkov\u00e9 ovl\u00e1d\u00e1n\u00ed mysli a sv\u00e9 tvrzen\u00ed dal do souvislosti s&nbsp;posledn\u00edmi dv\u011bma v\u011bt\u0161\u00edmi st\u0159elbami ve Spojen\u00fdch st\u00e1tech. Ve sv\u00e9m znepokojen\u00ed pak Gec pokra\u010doval, pr\u00fd jsme kontrolov\u00e1ni p\u0159es technologie a internet a z\u00e1padn\u00ed zem\u011b nikdy neskon\u010dily se studenou v\u00e1lkou. A nevynechal ani premi\u00e9ra Andreje Babi\u0161e, toho m\u011bli \u201ep\u0159eprogramovat\u201c v&nbsp;s\u00eddle CIA v Langley: \u201eM\u016f\u017eete si v\u0161imnout, pan premi\u00e9r byl v&nbsp;Langley a vr\u00e1til se \u00fapln\u011b jako jin\u00e1 osoba!\u201c \u201eM\u00e1me tady chemtrails, m\u00e1me tady drogy. Ti, kdo berou drogy, jestli\u017ee dneska jsou fal\u0161ovan\u00e1 l\u00e9\u010diva, ta ofici\u00e1ln\u00ed, co mysl\u00edte, \u017ee v\u00e1m p\u0159im\u00edch\u00e1vaj\u00ed do t\u011bch drog? Pro\u010d jsou slun\u00ed\u010dk\u00e1\u0159i slun\u00ed\u010dka\u0159ema, m\u011b napad\u00e1 to, \u017ee v\u011bt\u0161ina z&nbsp;nich m\u00e1 zku\u0161enost s&nbsp;drogami a prost\u011b maj\u00ed p\u0159eprogramovanou, zm\u011bn\u011bnou osobnost pr\u00e1v\u011b t\u011bmito nov\u00fdmi technologiemi,\u201c pokra\u010doval Gec. Z\u00e1v\u011brem sv\u00e9 \u0159e\u010di je\u0161t\u011b ozna\u010dil LGBT a homosexualitu, spolu se satanismem, za \u201ezvr\u00e1cen\u00e9\u201c. Cestou je pr\u00fd n\u00e1vrat k&nbsp;tradi\u010dn\u00edm hodnot\u00e1m.<\/p>\n<p>N\u00e1sledovala dal\u0161\u00ed z&nbsp;diskus\u00ed t\u00fdkaj\u00edc\u00ed se t\u0159\u00eddn\u00edho konfliktu a n\u00e1rodn\u00ed soun\u00e1le\u017eitosti. Jako prvn\u00ed si vzal slovo filozof z Metropolitn\u00ed univerzity profesor Ivo Budil. Budil mezi t\u0159\u00eddn\u00edm konfliktem a n\u00e1rodn\u00ed soun\u00e1le\u017eitost\u00ed nevid\u00ed antagonismus. Soci\u00e1ln\u00ed konflikt je pr\u00fd pro spole\u010dnost norm\u00e1ln\u00ed i zdrav\u00fd. Upozornil t\u00e9\u017e, \u017ee m\u00edra n\u00e1sil\u00ed v&nbsp;r\u00e1mci b\u011bhu d\u011bjin kles\u00e1.<\/p>\n<section class=\"section-brown section-inarticle poll\">\n<div class=\"well well-rounded\">\n<div class=\"row\">\n<div class=\"col-md-2\">N\u00e1sledoval poslanec Jaroslav Foldyna, jen\u017e vyzdvihl d\u016fle\u017eitost vlastenectv\u00ed. Vlast a n\u00e1rod jsou dle n\u011bj jedny ze z\u00e1kladn\u00edch stavebn\u00edch kamen\u016f identity ka\u017ed\u00e9ho \u010dlov\u011bka. Jak d\u00e1le upozornil, tak vlast a vlastenectv\u00ed jsou dnes mnoh\u00fdmi zpochyb\u0148ov\u00e1ny, \u010di dokonce napad\u00e1ny. Vlastenc\u016fm se pr\u00fd \u0159\u00edk\u00e1 term\u00edny \u201enen\u00e1vistn\u00ed, nacionalisti, n\u00e1ckov\u00e9, xenofobov\u00e9 \u010di islamofobov\u00e9\u201c.<\/div>\n<\/div>\n<\/div>\n<\/section>\n<p>Foldyna mluvil i o tom, \u017ee ka\u017ed\u00fd n\u00e1rod s\u00e1m v\u00ed nejl\u00e9pe, co je pro n\u011bj dobr\u00e9, a m\u011bl by si o tom s\u00e1m rozhodnout: \u201eKa\u017ed\u00fd a\u0165 si na vlastn\u00edm \u00fazem\u00ed \u017eije, jak uzn\u00e1 za vhodn\u00e9. Je to jeho zem\u011b, nikoli zem\u011b v\u0161ech. Nikdo p\u0159ece nev\u00ed l\u00e9pe, jak maj\u00ed \u017e\u00edt \u010ce\u0161i ne\u017e \u010ce\u0161i samotn\u00ed, nikdo nev\u00ed l\u00e9pe, jak maj\u00ed \u017e\u00edt Pol\u00e1ci ne\u017e Pol\u00e1ci, nikdo nev\u00ed l\u00e9pe, jak maj\u00ed \u017e\u00edt Ma\u010fa\u0159i ne\u017e Ma\u010fa\u0159i,\u201c pronesl. Foldyna dod\u00e1v\u00e1, \u017ee \u201enejsme \u0161patn\u00ed a na\u0161e kulturn\u00ed d\u011bdictv\u00ed je t\u00edm nejcenn\u011bj\u0161\u00edm pokladem, jak\u00fd n\u00e1m na\u0161i p\u0159edkov\u00e9 mohli zanechat\u201c. \u201eProto jsme po\u0159\u00e1d tady, i kdy\u017e je to mnoh\u00fdm asi trnem v oku. Po\u0159\u00e1d m\u00e1me svoji zemi, svoji \u0159e\u010d a svoji v\u00edru. Po\u0159\u00e1d m\u00e1me nad\u011bji a je jenom na n\u00e1s, abychom to, co se uk\u00e1zalo jako dobr\u00e9, dok\u00e1zali ubr\u00e1nit a p\u0159edat budouc\u00edm generac\u00edm,\u201c dod\u00e1v\u00e1.<\/p>\n<p>Po Foldynov\u011b projevu akci kr\u00e1tce naru\u0161ili demonstranti, kte\u0159\u00ed p\u0159ed objektem z\u00e1mku hlasit\u011b provol\u00e1vali nesouhlas s&nbsp;akc\u00ed; po kr\u00e1tk\u00e9 odmlce v\u0161ak akce pokra\u010dovala. Slova se ujal p\u0159edseda Strany st\u00e1tu p\u0159\u00edm\u00e9 demokracie \u2013 Strany pr\u00e1ce Radoslav \u0160t\u011bdro\u0148. \u0160t\u011bdro\u0148 prohl\u00e1sil, \u017ee by se m\u011bla p\u0159ijmout nov\u00e1 \u00fastava, o kter\u00e9 by se dva roky vedla celon\u00e1rodn\u00ed debata. Ta by obsahovala zm\u011bny ohledn\u011b domobrany \u010di vzd\u011bl\u00e1n\u00ed, p\u0159idala by t\u00e9\u017e definici rodiny.<\/p>\n<section class=\"section-brown section-inarticle poll\">\n<div class=\"well well-rounded\">\n<div class=\"row\">\n<div class=\"col-md-2\">Setk\u00e1n\u00ed pokra\u010dovalo debatou o vlastenectv\u00ed. Tu odstartoval Alexandr Tomsk\u00fd, jen\u017e spole\u010denstv\u00ed st\u00e1tu vid\u00ed jako p\u0159irozen\u00e9 a za nejcenn\u011bj\u0161\u00ed v&nbsp;n\u011bm pova\u017euje d\u016fv\u011bru v\u016f\u010di ciz\u00edm lidem.<\/div>\n<\/div>\n<\/div>\n<\/section>\n<p>Pak mluvil aktivista a entomolog Martin Konvi\u010dka, jen\u017e upozornil, \u017ee evropsk\u00e1 spole\u010dnost je velice k\u0159ehk\u00e1 proti absolutn\u011b bezskrupul\u00f3zn\u00ed metod\u00e1m, za n\u011b\u017e ozna\u010duje isl\u00e1mskou expanzi. Debaty se \u00fa\u010dastnil i spisovatel a dramatik Benjamin Kuras a novin\u00e1\u0159 a koment\u00e1tor Michal Sem\u00edn, oba dva mluvili o v\u00fdznamu vlastenectv\u00ed.<\/p>\n<p><iframe loading=\"lazy\" src=\"https:\/\/www.facebook.com\/plugins\/video.php?href=https%3A%2F%2Fwww.facebook.com%2FRaptorTV.cz%2Fvideos%2F2399464493675155%2F&amp;show_text=0&amp;width=560\" width=\"560\" height=\"315\" frameborder=\"0\" scrolling=\"no\" allowfullscreen=\"allowfullscreen\" data-mce-fragment=\"1\"><\/iframe><\/p>\n<p>Posledn\u00edm t\u00e9matem pak byly glob\u00e1ln\u00ed medi\u00e1ln\u00ed elita a n\u00e1rodn\u00ed \u017eivot. Dle koment\u00e1tora a publicisty Petra \u017dantovsk\u00e9ho je d\u011bn\u00ed v&nbsp;glob\u00e1ln\u00edch m\u00e9di\u00edch ovliv\u0148ov\u00e1no p\u0159edev\u0161\u00edm financemi a \u010dasto je v&nbsp;nich uplat\u0148ov\u00e1no \u201e\u010dernob\u00edl\u00e9 vid\u011bn\u00ed\u201c.<\/p>\n<section class=\"section-brown section-inarticle poll\">\n<div class=\"well well-rounded\">\n<div class=\"row\">\n<div class=\"col-md-2\">K&nbsp;t\u00e9matu hovo\u0159il i b\u00fdval\u00fd \u0159editel politick\u00e9ho odboru Kancel\u00e1\u0159e prezidenta republiky a \u010dlen RRTV Ladislav Jakl. Nyn\u011bj\u0161\u00ed re\u017eim, dle Jakla, spl\u0148uje definici totalitn\u00edho re\u017eimu, proto\u017ee se nespokojuje s&nbsp;dr\u017een\u00edm faktick\u00fdch n\u00e1stroj\u016f moci a dr\u017een\u00ed hospod\u00e1\u0159sk\u00e9 moci, ale \u201esna\u017e\u00ed prostoupit na k\u016f\u017ei ka\u017ed\u00e9ho z&nbsp;n\u00e1s a obrat n\u00e1s o na\u0161i intimitu, identitu, soukrom\u00ed i mezilidsk\u00e9 vztahy a o to, co d\u011bl\u00e1 spole\u010dnost spole\u010dnost\u00ed\u201c. Na tom, \u017ee je spole\u010dnost rozd\u011blena, pr\u00fd nen\u00ed nic zl\u00e9ho. Dle Jakla existuj\u00ed i t\u00e9mata, kter\u00e9 nerozd\u011bluj\u00ed, ale kter\u00e1 spojuj\u00ed, a za d\u016fle\u017eit\u00e1 tak ozna\u010dil podobn\u00e1 setk\u00e1n\u00ed jako je to dne\u0161n\u00ed.<\/div>\n<\/div>\n<\/div>\n<\/section>\n<p>Jakl vy\u0159kl, \u017ee nem\u016f\u017eeme ovlivnit, co k&nbsp;n\u00e1m p\u0159ich\u00e1z\u00ed z&nbsp;glob\u00e1ln\u00edch m\u00e9di\u00ed, ovlivnit ov\u0161em m\u016f\u017eeme samotn\u00e9 vn\u00edm\u00e1n\u00ed zpr\u00e1v. Upozornil t\u00e9\u017e na nastolov\u00e1n\u00ed t\u00e9mat od m\u00e9di\u00ed. Je pr\u00fd velmi snadn\u00e9, aby se nejv\u011bt\u0161\u00ed redakce sv\u011btov\u00fdch m\u00e9di\u00ed rozhodla, jak\u00e9 t\u00e9ma se bude v&nbsp;aktu\u00e1ln\u00ed dob\u011b \u0159e\u0161it. Jakl t\u00e9\u017e upozornil, \u017ee dan\u00e1 t\u00e9mata maj\u00ed v\u017edy i n\u011bjak\u00fd c\u00edl.<\/p>\n<p><a href=\"https:\/\/www.parlamentnilisty.cz\/arena\/monitor\/VIDEO-Proc-nas-ta-pata-kolona-tak-nenavidi-Cela-vlastenecka-scena-u-jednoho-stolu-592069\">Zdroj<\/a><\/p>\n","protected":false},"excerpt":{"rendered":"<p>Na z\u00e1mku P\u0159\u00ed\u010dovy u Sedl\u010dan se v sobotu konala akce nazvan\u00e1 Vlasteneck\u00e9 setk\u00e1n\u00ed. Na akci zav\u00edtalo mnoho publicist\u016f, aktivist\u016f a politik\u016f v\u010detn\u011b spisovatele Benjamina Kurase, publicisty Petra \u017dantovsk\u00e9ho \u010di novin\u00e1\u0159e a kandid\u00e1ta do Rady \u010cTK Michala Sem\u00edna. O vybran\u00fdch t\u00e9matech hovo\u0159ili i poslanec Jaroslav Foldyna, aktivista a entomolog Martin Konvi\u010dka \u010di b\u00fdval\u00fd \u0159editel politick\u00e9ho odboru [&hellip;]<\/p>\n","protected":false},"author":1,"featured_media":0,"comment_status":"open","ping_status":"open","sticky":false,"template":"","format":"standard","meta":{"ngg_post_thumbnail":0,"footnotes":""},"categories":[11],"tags":[],"class_list":["post-10540","post","type-post","status-publish","format-standard","hentry","category-ozvena"],"_links":{"self":[{"href":"https:\/\/www.ladislavjakl.cz\/index.php?rest_route=\/wp\/v2\/posts\/10540","targetHints":{"allow":["GET"]}}],"collection":[{"href":"https:\/\/www.ladislavjakl.cz\/index.php?rest_route=\/wp\/v2\/posts"}],"about":[{"href":"https:\/\/www.ladislavjakl.cz\/index.php?rest_route=\/wp\/v2\/types\/post"}],"author":[{"embeddable":true,"href":"https:\/\/www.ladislavjakl.cz\/index.php?rest_route=\/wp\/v2\/users\/1"}],"replies":[{"embeddable":true,"href":"https:\/\/www.ladislavjakl.cz\/index.php?rest_route=%2Fwp%2Fv2%2Fcomments&post=10540"}],"version-history":[{"count":1,"href":"https:\/\/www.ladislavjakl.cz\/index.php?rest_route=\/wp\/v2\/posts\/10540\/revisions"}],"predecessor-version":[{"id":10541,"href":"https:\/\/www.ladislavjakl.cz\/index.php?rest_route=\/wp\/v2\/posts\/10540\/revisions\/10541"}],"wp:attachment":[{"href":"https:\/\/www.ladislavjakl.cz\/index.php?rest_route=%2Fwp%2Fv2%2Fmedia&parent=10540"}],"wp:term":[{"taxonomy":"category","embeddable":true,"href":"https:\/\/www.ladislavjakl.cz\/index.php?rest_route=%2Fwp%2Fv2%2Fcategories&post=10540"},{"taxonomy":"post_tag","embeddable":true,"href":"https:\/\/www.ladislavjakl.cz\/index.php?rest_route=%2Fwp%2Fv2%2Ftags&post=10540"}],"curies":[{"name":"wp","href":"https:\/\/api.w.org\/{rel}","templated":true}]}}