{"id":10542,"date":"2019-08-15T11:37:26","date_gmt":"2019-08-15T09:37:26","guid":{"rendered":"http:\/\/www.ladislavjakl.cz\/?p=10542"},"modified":"2019-08-15T11:37:26","modified_gmt":"2019-08-15T09:37:26","slug":"jak-se-dela-spinava-kampan-predni-ceska-media-umyslne-siri-dezinformace-o-soukrome-zahradni-slavnosti-kterou-lzive-spojuji-se-sobotnim-pruvodem-homosexualu","status":"publish","type":"post","link":"https:\/\/www.ladislavjakl.cz\/?p=10542","title":{"rendered":"Jak se d\u011bl\u00e1 \u0161pinav\u00e1 kampa\u0148. P\u0159edn\u00ed \u010desk\u00e1 m\u00e9dia \u00famysln\u011b \u0161\u00ed\u0159\u00ed dezinformace o soukrom\u00e9 zahradn\u00ed slavnosti, kterou l\u017eiv\u011b spojuj\u00ed se sobotn\u00edm pr\u016fvodem homosexu\u00e1l\u016f"},"content":{"rendered":"<p>U v\u011bt\u0161iny dezinformac\u00ed, kter\u00fdch se m\u00e9dia v&nbsp;posledn\u00edch letech dopou\u0161t\u011bj\u00ed, nen\u00ed snadn\u00e9 rozeznat \u00famysl \u010di prok\u00e1zat, \u017ee jde o p\u0159\u00edmou manipulaci \u2013 a to p\u0159edev\u0161\u00edm proto, \u017ee u ud\u00e1lost\u00ed, o kter\u00fdch referuj\u00ed, neb\u00fdv\u00e1me osobn\u011b. Maxim\u00e1ln\u011b z&nbsp;nich m\u016f\u017eeme c\u00edtit zaujatost, tenden\u010dnost \u010di stran\u011bn\u00ed jedn\u00e9 skupin\u011b \u010di ideologii.<\/p>\n<p><!--more--><\/p>\n<p>V&nbsp;p\u0159\u00edpad\u011b sobotn\u00ed akce v&nbsp;P\u0159\u00ed\u010dovech u Sedl\u010dan jsem ale mohl vzorec, podle kter\u00e9ho \u010desk\u00e1 m\u00e9dia funguj\u00ed, pozorovat v&nbsp;p\u0159\u00edm\u00e9m p\u0159enosu, proto\u017ee jsem tam byl jednak p\u0159\u00edtomen, a jednak p\u0159esn\u011b v\u00edm, jak to cel\u00e9 bylo. O to je to zaj\u00edmav\u011bj\u0161\u00ed.<\/p>\n<p>Kdy\u017e se mi Alice Tomkov\u00e1, l\u00e9ka\u0159ka a \u010dten\u00e1\u0159ka m\u00e9ho m\u011bs\u00ed\u010dn\u00edku \u0160ifra, na za\u010d\u00e1tku roku sv\u011b\u0159ila se sv\u00fdm pl\u00e1nem sezvat lidi na zahradn\u00ed slavnost na barokn\u00edm z\u00e1me\u010dku, kter\u00fd koupila s&nbsp;c\u00edlem pam\u00e1tku spolu s vz\u00e1cnou barokn\u00ed kapl\u00ed svat\u00e9ho Vojt\u011bcha zachr\u00e1nit, byl jsem nad\u0161en\u00fd. \u0160eptanda se \u0161\u00ed\u0159ila rychle a z\u00e1jemc\u016f p\u0159ib\u00fdvalo. Doktorka Tomkov\u00e1 se s&nbsp;vervou pustila do organizace. Na jedn\u00e9 besed\u011b se sezn\u00e1mila se sociologem Petrem Hamplem, kter\u00e9mu se n\u00e1pad uspo\u0159\u00e1dat setk\u00e1n\u00ed ku p\u0159\u00edle\u017eitosti Mezin\u00e1rodn\u00edho dne p\u016fvodn\u00edch obyvatel, jej\u017e vyhl\u00e1sila OSN na 9. srpna, zal\u00edbil a p\u0159isl\u00edbil svou pomoc i \u00fa\u010dast. Tento odborn\u00edk a b\u00fdval\u00fd korpor\u00e1tn\u00ed mana\u017eer p\u0159ed lety publikoval b\u011b\u017en\u011b na str\u00e1nk\u00e1ch Lidov\u00fdch novin, kde jsem za\u010d\u00ednal svoji novin\u00e1\u0159skou dr\u00e1hu i j\u00e1. Jednoho dne ale napsal na Facebook nesouhlasn\u00e9 stanovisko ve v\u011bci \u0159\u00edzen\u00e9 masov\u00e9 migrace, kter\u00e1 se v&nbsp;t\u00e9 dob\u011b rozb\u00edhala, a jeho \u017eivot se oto\u010dil vzh\u016fru nohama. Z respektovan\u00e9ho odborn\u00edka se stal psanec, kter\u00fd dostal z\u00e1kaz publikovat, a nikde nemohl sehnat pr\u00e1ci. Nemluvila s&nbsp;n\u00edm ani klika u dve\u0159\u00ed. A co v\u00edc, novin\u00e1\u0159i o n\u011bm za\u010dali referovat jako o samozvan\u00e9m \u010di dokonce fale\u0161n\u00e9m sociologovi, a\u010dkoli m\u00e1 v&nbsp;tomto oboru velk\u00fd doktor\u00e1t.<\/p>\n<p>Jeliko\u017e ale otev\u0159en\u011b, erudovan\u011b, a p\u0159itom srozumiteln\u011b popisuje patologick\u00e9 jevy sou\u010dasn\u00e9 spole\u010dnosti, a to i ty, kter\u00fdm se mainstreamov\u00ed sociologov\u00e9 vyh\u00fdbaj\u00ed pr\u00e1v\u011b proto, aby nem\u011bli probl\u00e9my jako on, nakonec si Petr Hampl poradil i bez nich. Jeho kniha Prolomen\u00ed hradeb se stala bestsellerem, obj\u00ed\u017ed\u00ed republiku s&nbsp;besedami a u\u017eiv\u00ed se i jako nez\u00e1visl\u00fd odborn\u00edk. Kniha m\u00e1 sice r\u016fzn\u00e9 n\u00e1lepky, ale p\u0159edev\u0161\u00edm u t\u011bch, kte\u0159\u00ed ji ne\u010detli. Skv\u011ble toti\u017e popisuje p\u0159\u00ed\u010diny \u00fapadku na\u0161\u00ed civilizace a byrokratiza\u010dn\u00ed ma\u0161inerii, kter\u00e1 ji rozkl\u00e1d\u00e1 zevnit\u0159.<\/p>\n<figure id=\"attachment_104108\" class=\"wp-caption aligncenter\" style=\"width: 437px;\" aria-describedby=\"caption-attachment-104108\"><img loading=\"lazy\" decoding=\"async\" class=\"wp-image-104108 \" src=\"https:\/\/www.casopis-sifra.cz\/wp-content\/uploads\/2019\/08\/DSC_0262-1024x683.jpg\" sizes=\"auto, (max-width: 696px) 100vw, 696px\" srcset=\"https:\/\/www.casopis-sifra.cz\/wp-content\/uploads\/2019\/08\/DSC_0262-1024x683.jpg 1024w, https:\/\/www.casopis-sifra.cz\/wp-content\/uploads\/2019\/08\/DSC_0262-300x200.jpg 300w, https:\/\/www.casopis-sifra.cz\/wp-content\/uploads\/2019\/08\/DSC_0262-768x512.jpg 768w, https:\/\/www.casopis-sifra.cz\/wp-content\/uploads\/2019\/08\/DSC_0262-696x464.jpg 696w, https:\/\/www.casopis-sifra.cz\/wp-content\/uploads\/2019\/08\/DSC_0262-1068x712.jpg 1068w, https:\/\/www.casopis-sifra.cz\/wp-content\/uploads\/2019\/08\/DSC_0262-630x420.jpg 630w\" alt=\"\" width=\"437\" height=\"291\"><figcaption id=\"caption-attachment-104108\" class=\"wp-caption-text\"><strong>Zahradn\u00ed slavnost po\u0159\u00e1dala l\u00e9ka\u0159ka Alice Tomkov\u00e1, nikoli Sdru\u017een\u00ed p\u0159\u00e1tel b\u00edl\u00e9ho heterosexu\u00e1ln\u00edho mu\u017ee, jak ve\u0159ejnosti podsouvaj\u00ed mainstreamov\u00e1 m\u00e9dia. Foto \u0160ifra<\/strong><\/figcaption><\/figure>\n<p>Program Alice Tomkov\u00e1 konzultovala a d\u00e1vala dohromady pr\u00e1v\u011b s&nbsp;Petrem Hamplem, kter\u00fd je coby doktor sociologie \u010dlenem \u010cesk\u00e9 spole\u010dnosti pro civiliza\u010dn\u00ed studia, a m\u00e1 tud\u00ed\u017e v\u00fdborn\u00e9 kontakty na \u0161pi\u010dkov\u00e9 \u0159e\u010dn\u00edky, odborn\u00edky a zaj\u00edmav\u00e9 osobnosti. Nakonec dorazil t\u0159eba politolog Alexander Tomsk\u00fd, antropolog a profesor Ivo Budil \u010di spisovatel Benjamin Kuras, ale tak\u00e9 spisovatelka Lenka Proch\u00e1zkov\u00e1, p\u0159ekladatelka, sociolo\u017eka, b\u00fdval\u00e1 politi\u010dka a zbroja\u0159ka Viktorie Hradsk\u00e1, b\u00fdval\u00fd policejn\u00ed prezident Stanislav Novotn\u00fd, poslanec Jaroslav Foldyna, exministr Jaroslav Ba\u0161ta, Michal Sem\u00edn z m\u011bs\u00ed\u010dn\u00edku My nebo Ladislav Jakl z&nbsp;Institutu V\u00e1clava Klause. Ale tak\u00e9 kontroverzn\u00ed docent biologie z&nbsp;Jiho\u010desk\u00e9 univerzity Martin Konvi\u010dka, kter\u00fd v&nbsp;p\u016fvodn\u00edm programu nefiguroval; naopak nedorazil zn\u00e1m\u00fd sociolog Jan Keller \u010di bezpe\u010dnostn\u00ed expert Jaroslav \u0160tefec, kte\u0159\u00ed v&nbsp;n\u011bm byli.<\/p>\n<p>A pr\u00e1v\u011b na \u00fa\u010dasti Martina Konvi\u010dky v&nbsp;panelov\u00e9 diskusi, podobn\u011b jako poslance Jaroslava Foldyny nebo publicisty Ladislava Jakla postavila m\u00e9dia v&nbsp;\u010dele s&nbsp;Lidov\u00fdmi novinami \u0161pinavou kampa\u0148, kter\u00e1 za\u010dala je\u0161t\u011b p\u0159ed samotn\u00fdm setk\u00e1n\u00edm.<\/p>\n<p>Lidov\u00e9 noviny se dopustily prvn\u00ed \u00famysln\u00e9 dezinformace u\u017e v&nbsp;titulku&nbsp;<em>Foldyna, Jakl a spol. jedou na \u201aVlasteneck\u00e9 setk\u00e1n\u00ed\u2018 Sdru\u017een\u00ed p\u0159\u00e1tel b\u00edl\u00e9ho heterosexu\u00e1ln\u00edho mu\u017ee<\/em>. Jak se pozd\u011bji uk\u00e1zalo, pr\u00e1v\u011b na t\u00e9to nepravd\u011b byla cel\u00e1 kampa\u0148, do n\u00ed\u017e se posl\u00e9ze zapojila i dal\u0161\u00ed m\u00e9dia, zalo\u017eena.<\/p>\n<p>Petr Hampl se setk\u00e1n\u00ed \u00fa\u010dastnil jako soukrom\u00e1 osoba. To, \u017ee je z\u00e1rove\u0148 spoluzakladatelem Sdru\u017een\u00ed p\u0159\u00e1tel b\u00edl\u00e9ho heterosexu\u00e1ln\u00edho mu\u017ee (od roku 2017), jeho\u017e posl\u00e1n\u00edm je vyu\u017e\u00edvat svobodu projevu ve v\u0161ech jeho form\u00e1ch, d\u011blat si legraci z&nbsp;politick\u00e9 korektnosti&nbsp;a prosazovat ochranu pr\u00e1v heterosexu\u00e1ln\u00edch b\u00edl\u00fdch mu\u017e\u016f, s&nbsp;t\u00edm v\u016fbec nesouvis\u00ed. \u201eSetk\u00e1n\u00ed nem\u011blo s&nbsp;t\u00edmto sdru\u017een\u00edm nic spole\u010dn\u00e9ho, neorganizovalo jej, ani v&nbsp;n\u011bm nebylo nijak anga\u017eov\u00e1no. \u00da\u010dastnil jsem se jen j\u00e1 jako Petr Hampl. Stejn\u011b tak nebyli \u017e\u00e1dn\u00fdm z&nbsp;t\u00e9mat diskusn\u00edho panelu homosexu\u00e1lov\u00e9, v\u016fbec to s&nbsp;t\u00edm nesouvis\u00ed,\u201c \u0159\u00edk\u00e1 sociolog.<\/p>\n<p>Toto spojen\u00ed vytvo\u0159ila m\u00e9dia um\u011ble proto, \u017ee se jim hodilo, aby jej mohla d\u00e1t do opozice v\u016f\u010di ve stejnou dobu prob\u00edhaj\u00edc\u00edmu pr\u016fvodu leseb, gay\u016f, bisexu\u00e1l\u016f a transgender osob Prague Pride v&nbsp;Praze. Setk\u00e1n\u00ed v&nbsp;P\u0159\u00ed\u010dovech s&nbsp;pr\u016fvodem sexu\u00e1ln\u00edch men\u0161in po Praze nem\u011blo od za\u010d\u00e1tku absolutn\u011b nic spole\u010dn\u00e9ho, nikdo mu nebr\u00e1nil, nikdo ho ne\u0159e\u0161il a nebylo ani t\u00e9matem debat. A\u017e do doby, ne\u017e p\u0159ed p\u016fl druhou jednu z&nbsp;poklidn\u00fdch diskus\u00ed p\u0159eru\u0161ilo koordinovan\u00e9 a s\u00e1hodlouh\u00e9 trouben\u00ed automobil\u016f a k\u0159ik z&nbsp;megafonu.<\/p>\n<p>Z\u00e1hy dorazil pr\u016fvod s&nbsp;duhov\u00fdmi vlajkami, jeho\u017e protagonist\u00e9 se za\u010dali dom\u00e1hat toho, abychom \u201eopustili jejich kraj\u201c. \u201eJak se v\u00e1m tam nen\u00e1vid\u00ed?\u201c k\u0159i\u010d\u00ed mlad\u00edk s megafonem a ozna\u010duje na\u0161i p\u0159\u00edtomnost za \u201efa\u0161istickou hrozbu\u201c. Lid\u00e9, kte\u0159\u00ed si p\u0159ijeli pov\u00eddat na soukromou akci o tom, kam sm\u011b\u0159uje na\u0161e spole\u010dnost, jsou dlouhodob\u011b n\u00e1lepkov\u00e1ni jako extremist\u00e9. Zat\u00edmco neomalen\u00ed provokat\u00e9\u0159i, kter\u00fdch se toto setk\u00e1n\u00ed v\u016fbec net\u00fdk\u00e1, na n\u011b agresivn\u011b k\u0159i\u010d\u00ed a nad\u00e1vaj\u00ed jim, \u017ee jsou jako nacist\u00e9 a maj\u00ed vypadnout z&nbsp;jejich kraje a sv\u00e9 vlastn\u00ed zahrady, jsou naz\u00fdv\u00e1ni ob\u010dansk\u00fdmi aktivisty. Zvl\u00e1\u0161tn\u00ed to doba\u2026<\/p>\n<figure id=\"attachment_104107\" class=\"wp-caption aligncenter\" style=\"width: 461px;\" aria-describedby=\"caption-attachment-104107\"><img loading=\"lazy\" decoding=\"async\" class=\"wp-image-104107 \" src=\"https:\/\/www.casopis-sifra.cz\/wp-content\/uploads\/2019\/08\/DSC_0318-1024x683.jpg\" sizes=\"auto, (max-width: 696px) 100vw, 696px\" srcset=\"https:\/\/www.casopis-sifra.cz\/wp-content\/uploads\/2019\/08\/DSC_0318-1024x683.jpg 1024w, https:\/\/www.casopis-sifra.cz\/wp-content\/uploads\/2019\/08\/DSC_0318-300x200.jpg 300w, https:\/\/www.casopis-sifra.cz\/wp-content\/uploads\/2019\/08\/DSC_0318-768x512.jpg 768w, https:\/\/www.casopis-sifra.cz\/wp-content\/uploads\/2019\/08\/DSC_0318-696x464.jpg 696w, https:\/\/www.casopis-sifra.cz\/wp-content\/uploads\/2019\/08\/DSC_0318-1068x712.jpg 1068w, https:\/\/www.casopis-sifra.cz\/wp-content\/uploads\/2019\/08\/DSC_0318-630x420.jpg 630w\" alt=\"\" width=\"461\" height=\"307\"><figcaption id=\"caption-attachment-104107\" class=\"wp-caption-text\"><strong>Kdy\u017e na n\u011bkoho, kdo si norm\u00e1ln\u011b pov\u00edd\u00e1, za\u010dne n\u011bkdo \u0159v\u00e1t megafonem, \u0159\u00edk\u00e1 se mu ob\u010dansk\u00fd aktivista. Foto \u0160ifra<\/strong><\/figcaption><\/figure>\n<p>V\u00fdsti\u017en\u011b toto hlu\u010dn\u00e9 extempore shrnula elegantn\u00ed konferenci\u00e9rka cel\u00e9ho setk\u00e1n\u00ed Viktorie Hradsk\u00e1. \u201eZachovali jste se p\u0159i t\u00e9 legraci za plotem skv\u011ble. Po\u017e\u00e1dala jsem je, aby mi p\u016fj\u010dili sv\u016fj megafon. \u017de bych na n\u011b zak\u0159i\u010dela, jak to mysl\u00edm, ale d\u011bti mi \u0159ekly, \u017ee mi nep\u016fj\u010d\u00ed megafon. Proto\u017ee je jejich. Tak jsem je pozvala, aby \u0161ly k&nbsp;n\u00e1m na p\u00f3dium, \u017ee my jim p\u016fj\u010d\u00edme n\u00e1\u0161 mikrofon. A oni \u0159ekli, \u017ee nep\u016fjdou k&nbsp;na\u0161emu mikrofonu. Tak jsem vstoupila za plot a \u0159ekla jim, jak se jmenuji, a \u017ee bych se s&nbsp;nimi r\u00e1da sezn\u00e1mila a r\u00e1da bych v\u011bd\u011bla, jak oni se jmenuj\u00ed. A oni \u0159ekli: Odejd\u011bte z&nbsp;na\u0161eho \u00fazem\u00ed.\u201c<\/p>\n<p>Jedin\u00e9, o co duhov\u00fdm d\u00edvk\u00e1m a chlapc\u016fm \u0161lo, bylo vyvolat konflikt. K&nbsp;um\u011bl\u00e9mu spojen\u00ed m\u00e9di\u00ed p\u0159\u00ed\u010dovsk\u00e9ho setk\u00e1n\u00ed s&nbsp;Gay Pride provokace poslou\u017eila dokonale. Skoro to vypadalo, jako by to bylo od za\u010d\u00e1tku domluven\u00e9.<\/p>\n<p>V\u00edm, jak se d\u011bl\u00e1 medi\u00e1ln\u00ed \u0161p\u00edna, proto jsem tak\u00e9 z&nbsp;mainstreamu ode\u0161el, a tak si trouf\u00e1m v&nbsp;debat\u011b o m\u00e9di\u00edch, kter\u00e9 se \u00fa\u010dastn\u00edm se Stanislavem Novotn\u00fdm, Ladislavem Jaklem a Petrem \u017dantovsk\u00fdm p\u0159edpov\u011bd\u011bt, jak bude \u201ekauza\u201c ve sd\u011blovac\u00edch prost\u0159edc\u00edch pod\u00e1na: \u201eNa tom o\u017eiven\u00ed na\u0161eho setk\u00e1n\u00ed se d\u00e1 kr\u00e1sn\u011b ilustrovat, jak m\u00e9dia funguj\u00ed. Pokud se to n\u011bkde objev\u00ed a byli tu mainstreamov\u00ed novin\u00e1\u0159i, bude v titulku nebo podtitulku, \u017ee Akci extremist\u016f naru\u0161ili aktivist\u00e9 poklidn\u00fdm protestem. P\u0159esto\u017ee to bylo \u00fapln\u011b naopak. My jsme si tu norm\u00e1ln\u011b pov\u00eddali, chovali jsme se slu\u0161n\u011b, ale p\u0159ijde n\u011bkdo a za\u010dne na n\u00e1s \u0159v\u00e1t megafonem. A v m\u00e9di\u00edch to bude obr\u00e1cen\u011b. A tak je to dnes v m\u00e9di\u00edch se v\u0161\u00edm.\u201c<\/p>\n<figure id=\"attachment_104109\" class=\"wp-caption aligncenter\" style=\"width: 456px;\" aria-describedby=\"caption-attachment-104109\"><img loading=\"lazy\" decoding=\"async\" class=\"wp-image-104109 \" src=\"https:\/\/www.casopis-sifra.cz\/wp-content\/uploads\/2019\/08\/DSC_0287-1024x683.jpg\" sizes=\"auto, (max-width: 696px) 100vw, 696px\" srcset=\"https:\/\/www.casopis-sifra.cz\/wp-content\/uploads\/2019\/08\/DSC_0287-1024x683.jpg 1024w, https:\/\/www.casopis-sifra.cz\/wp-content\/uploads\/2019\/08\/DSC_0287-300x200.jpg 300w, https:\/\/www.casopis-sifra.cz\/wp-content\/uploads\/2019\/08\/DSC_0287-768x512.jpg 768w, https:\/\/www.casopis-sifra.cz\/wp-content\/uploads\/2019\/08\/DSC_0287-696x464.jpg 696w, https:\/\/www.casopis-sifra.cz\/wp-content\/uploads\/2019\/08\/DSC_0287-1068x712.jpg 1068w, https:\/\/www.casopis-sifra.cz\/wp-content\/uploads\/2019\/08\/DSC_0287-630x420.jpg 630w\" alt=\"\" width=\"456\" height=\"304\"><figcaption id=\"caption-attachment-104109\" class=\"wp-caption-text\"><strong>A\u017e do naru\u0161en\u00ed akce pr\u016fvodem LGBT aktivist\u016f prob\u00edhala norm\u00e1ln\u00ed diskuse a akce nem\u011bla s homosexu\u00e1ln\u00edm pr\u016fvodem Prague Pride nic spole\u010dn\u00e9ho\u2026 Foto \u0160ifra<\/strong><\/figcaption><\/figure>\n<p>Ani jsem se moc nespletl. Jeden z&nbsp;\u00fa\u010dastn\u00edk\u016f na\u0161eho setk\u00e1n\u00ed se neudr\u017e\u00ed a h\u00e1z\u00ed po k\u0159iklounech za plotem spadan\u00e1 jabl\u00ed\u010dka. Ostatn\u00ed ho brzy zastav\u00ed, ale v&nbsp;titulku Lidov\u00fdch novin se objevuje:&nbsp;<a href=\"https:\/\/www.lidovky.cz\/domov\/vlastenecke-setkani-heterosexualu-narusil-jen-protest-duhove-mladeze-aktivisty-zasypala-sprska-jable.A190811_133402_ln_domov_ele\">Vlasteneck\u00e9 setk\u00e1n\u00ed heterosexu\u00e1l\u016f naru\u0161il jen protest \u201aduhov\u00e9\u2018 ml\u00e1de\u017ee. Aktivisty zasypala spr\u0161ka jablek<\/a>.<\/p>\n<p>Prague Pride s&nbsp;P\u0159\u00ed\u010dovy spojila ve sv\u00e9 report\u00e1\u017ei i televize Prima, kter\u00e1 z&nbsp;velk\u00fdch \u010desk\u00fdch m\u00e9di\u00ed informuje obvykle nejotev\u0159en\u011bji a nejsvobodn\u011bji. Ve t\u0159\u00edminutov\u00e9 report\u00e1\u017ei informuje o pr\u016fvodu v&nbsp;Praze, jeho\u017e se z\u00fa\u010dastnily desetitis\u00edce lid\u00ed, krom\u011b homosexu\u00e1l\u016f i p\u0159edseda Pir\u00e1tsk\u00e9 strany Ivan Barto\u0161 se svou man\u017eelkou. Moder\u00e1torka zmi\u0148uje naru\u0161en\u00ed pr\u016fvodu dvac\u00edtkou odp\u016frc\u016f nebo zap\u00e1len\u00ed duhov\u00e9 vlajky, symbolu LGBT komunity, a tak\u00e9 to, \u017ee n\u011bkdo gay\u016fm naolejoval letensk\u00e9 schody. Nepochopiteln\u011b pak ale na z\u00e1v\u011br t\u00e9to report\u00e1\u017ee p\u0159ipojila dov\u011btek,&nbsp;<a href=\"https:\/\/prima.iprima.cz\/zpravodajstvi\/10-8-2019-velke-zpravy-festival-prague-pride-parade-se-neobesel-bez-konfliktu\">\u017ee o p\u00e1r des\u00edtek kilometr\u016f d\u00e1l, v&nbsp;P\u0159\u00ed\u010dovech na Sedl\u010dansku<\/a>, se odehr\u00e1la ve stejnou dobu akce vyznava\u010d\u016f \u201eodli\u0161n\u00e9ho n\u00e1zoru\u201c. Bl\u00ed\u017e\u00ed se doba, kdy bude proh\u0159e\u0161ek neb\u00fdt homosexu\u00e1lem, nebo k\u00e1drov\u00e1n\u00ed podle orientace?<\/p>\n<p>\u201eAkci organizovalo Sdru\u017een\u00ed p\u0159\u00e1tel b\u00edl\u00e9ho heterosexu\u00e1ln\u00edho mu\u017ee,\u201c hl\u00e1sil moder\u00e1tor, kter\u00fd, v&nbsp;tomto p\u0159\u00edpad\u011b z\u0159ejm\u011b ne\u00famysln\u011b, tuto dezinformaci, kterou pova\u017eoval za fakt, p\u0159evzal z&nbsp;Lidov\u00fdch novin.<\/p>\n<p>Ve skute\u010dnosti \u0161lo o norm\u00e1ln\u00ed diskusn\u00ed bloky, t\u00fdkaj\u00edc\u00ed se sm\u011b\u0159ov\u00e1n\u00ed na\u0161\u00ed civilizace \u2013 pojet\u00ed vlastenectv\u00ed, chyb, kter\u00fdch se Z\u00e1pad dopou\u0161t\u00ed, vzd\u011bl\u00e1v\u00e1n\u00ed, nap\u011bt\u00ed ve spole\u010dnosti \u010di fungov\u00e1n\u00ed m\u00e9di\u00ed. Tedy t\u00e9mata, kter\u00e1 si norm\u00e1ln\u00ed \u010dlov\u011bk se z\u00e1jmem poslechne.&nbsp;<em>(Ost\u0159ej\u0161\u00ed p\u0159\u00edsp\u011bvek a takov\u00fd, kter\u00fd by \u0161el ozna\u010dit jako problematick\u00fd, zazn\u011bl za cel\u00e9 odpoledne v&nbsp;jinak velmi kultivovan\u00e9 a zaj\u00edmav\u00e9 diskusi jen jeden, v&nbsp;pod\u00e1n\u00ed Iva Gece. Pozoruhodn\u00e9 je, \u017ee o zaj\u00edmav\u00fdch my\u0161lenk\u00e1ch a post\u0159ez\u00edch Alexandera Tomsk\u00e9ho \u010di spisovatele Benjamina Kurase m\u00e9dia taktn\u011b poml\u010dela, a \u010dl\u00e1nky stav\u00ed na tom Gecov\u011b.)<\/em><\/p>\n<p>I kdy\u017e m\u00e1m na spoustu v\u011bc\u00ed jin\u00e9 n\u00e1zory ne\u017e mnoz\u00ed diskutuj\u00edc\u00ed, a kdyby bylo jen na mn\u011b, ud\u011blal bych slo\u017een\u00ed n\u00e1zorov\u011b je\u0161t\u011b pest\u0159ej\u0161\u00ed, nikdy by m\u011b nenapadlo n\u011bkoho k\u00e1drovat, nerespektovat a p\u0159ikazovat, kdo kde co sm\u00ed nebo nesm\u00ed \u0159\u00edkat. Byl jsem loni na akci, kter\u00e9 se \u00fa\u010dastnili i Ji\u0159\u00ed Draho\u0161 \u010di Marek Hil\u0161er. Norm\u00e1ln\u011b jsem si s&nbsp;nimi pov\u00eddal, jako s&nbsp;ostatn\u00edmi, a nek\u0159i\u010del na n\u011b megafonem. Tak jako si na jin\u00fdch akc\u00edch zase pov\u00edd\u00e1m s&nbsp;Jaroslavem Foldynou \u010di Petrem Hamplem. To je ta demokracie, o kter\u00e9 se tak \u010dasto nahlas mluv\u00ed. Pokud ale n\u011bkdo han\u00ed akci, na kter\u00e9 je p\u0159es dv\u011b st\u011b lid\u00ed, kv\u016fli tomu, \u017ee na ni p\u0159ijede tak\u00e9 n\u011bkdo s&nbsp;um\u011blou n\u00e1lepkou kontroverzn\u00ed, vypov\u00edd\u00e1 to jenom o n\u011bm. A o tom, \u017ee mu pr\u00e1v\u011b o to jde.<\/p>\n<p>P\u016fvodn\u011b nepolitick\u00e1 akce m\u011bla kv\u016fli aktivit\u00e1m LGBT a medi\u00e1ln\u00edch aktivist\u016f z&nbsp;Lidov\u00fdch novin i politickou dohru. Zahradn\u00ed slavnost se konala, jak ji\u017e bylo zm\u00edn\u011bno, t\u00e9\u017e ku p\u0159\u00edle\u017eitosti mezin\u00e1rodn\u00edho dne p\u016fvodn\u00edch obyvatel, jej\u017e vyhl\u00e1sila na 9. srpna OSN, a tak\u00e9 k&nbsp;v\u00fdro\u010d\u00ed vysv\u011bcen\u00ed vz\u00e1cn\u00e9 kaple svat\u00e9ho Vojt\u011bcha, v&nbsp;n\u00ed\u017e se odehr\u00e1la slavnostn\u00ed m\u0161e. Dorazili i n\u011bkte\u0159\u00ed ob\u010dan\u00e9 P\u0159\u00ed\u010dov, a ka\u017ed\u00fd, kdo mohl a cht\u011bl.<\/p>\n<figure id=\"attachment_104110\" class=\"wp-caption aligncenter\" style=\"width: 430px;\" aria-describedby=\"caption-attachment-104110\"><img loading=\"lazy\" decoding=\"async\" class=\"wp-image-104110 \" src=\"https:\/\/www.casopis-sifra.cz\/wp-content\/uploads\/2019\/08\/DSC_0272-e1565678531864-770x1024.jpg\" sizes=\"auto, (max-width: 696px) 100vw, 696px\" srcset=\"https:\/\/www.casopis-sifra.cz\/wp-content\/uploads\/2019\/08\/DSC_0272-e1565678531864-770x1024.jpg 770w, https:\/\/www.casopis-sifra.cz\/wp-content\/uploads\/2019\/08\/DSC_0272-e1565678531864-226x300.jpg 226w, https:\/\/www.casopis-sifra.cz\/wp-content\/uploads\/2019\/08\/DSC_0272-e1565678531864-768x1021.jpg 768w, https:\/\/www.casopis-sifra.cz\/wp-content\/uploads\/2019\/08\/DSC_0272-e1565678531864-696x926.jpg 696w, https:\/\/www.casopis-sifra.cz\/wp-content\/uploads\/2019\/08\/DSC_0272-e1565678531864-1068x1420.jpg 1068w, https:\/\/www.casopis-sifra.cz\/wp-content\/uploads\/2019\/08\/DSC_0272-e1565678531864-316x420.jpg 316w\" alt=\"\" width=\"430\" height=\"572\"><figcaption id=\"caption-attachment-104110\" class=\"wp-caption-text\"><strong>M\u0161e svat\u00e1 v z\u00e1meck\u00e9 kapli, kterou Alice Tomkov\u00e1 n\u00e1dhern\u011b zrestaurovala. Foto \u0160ifra<\/strong><\/figcaption><\/figure>\n<p>Pades\u00e1titis\u00edcov\u00fdm p\u0159\u00edsp\u011bvkem toto setk\u00e1n\u00ed podpo\u0159il tak\u00e9 St\u0159edo\u010desk\u00fd kraj. \u201eJedn\u00e1 se o zahradn\u00ed slavnost, kter\u00e1 se kon\u00e1 k v\u00fdro\u010d\u00ed vysv\u011bcen\u00ed kaple sv. Vojt\u011bcha v P\u0159\u00ed\u010dovech a z\u00e1rove\u0148 m\u00e1 b\u00fdt ch\u00e1p\u00e1na jako vlasteneck\u00e1,\u201c stoj\u00ed v&nbsp;\u017e\u00e1dosti, kterou poslala na kraj Alice Tomkov\u00e1, je\u017e cennou kapli zrekonstruovala a zrestaurovala, ji\u017e v&nbsp;b\u0159eznu. \u201eM\u011blo by v\u0161e vyzn\u00edt jako den ct\u011bn\u00ed tradic, respektu k minul\u00fdm generac\u00edm a tak\u00e9 jako den n\u00e1rodn\u00edho obrozen\u00ed,\u201c vysv\u011btlila sv\u00e9 z\u00e1m\u011bry s odkazem na rom\u00e1n Aloise Jir\u00e1ska F. L. V\u011bk. A tak se tak\u00e9 stalo.<\/p>\n<p>Nyn\u00ed, po manipula\u010dn\u00edm spojen\u00ed s&nbsp;homosexu\u00e1ln\u00edm pochodem a um\u011bl\u00e9m skandalizov\u00e1n\u00ed v&nbsp;m\u00e9di\u00edch se kraj lekl a po\u017eaduje vr\u00e1cen\u00ed dotace.<\/p>\n<p>Dob\u0159e to pro Lidov\u00e9 noviny shrnul poslanec \u010cSSD Jaroslav Foldyna: \u201eJe to sou\u010d\u00e1st psych\u00f3zy okolo pojm\u016f n\u00e1rod a vlastenectv\u00ed. Prague Pride v ten sam\u00fd den financovaly neziskov\u00e9 organizace, kter\u00e9 zase financuje st\u00e1tn\u00ed rozpo\u010det. (\u2026) Maj\u00ed svou pravdu a svoboda je jen pro n\u011bkoho. Je to uk\u00e1zka dvoj\u00edho metru.\u201c<\/p>\n<p>Hejtmanka St\u0159edo\u010desk\u00e9ho kraje Jaroslava Pokorn\u00e1 Jermanov\u00e1 (ANO), kter\u00e1 byla na (dez)informace Lidov\u00fdch novin nucena reagovat, nev\u011bdomky p\u0159ipustila, \u017ee se o dotac\u00edch rozhoduje podle politick\u00e9ho kl\u00ed\u010de. Kraj poskytuje podporu z Fondu hejtmana ka\u017edoro\u010dn\u011b des\u00edtk\u00e1m \u017eadatel\u016f z \u0159ad obc\u00ed, instituc\u00ed, sdru\u017een\u00ed i soukrom\u00fdch subjekt\u016f a podporuje mnoho spole\u010densk\u00fdch, kulturn\u00edch \u010di sportovn\u00edch akc\u00ed. \u201eNen\u00ed v\u0161ak na\u0161\u00edm c\u00edlem cenzurovat obsah t\u011bchto akc\u00ed. Rada schvaluje p\u0159edlo\u017een\u00e9 projekty v dobr\u00e9 v\u00ed\u0159e,\u201c \u0159ekla. V&nbsp;dobr\u00e9 v\u00ed\u0159e, \u017ee budou v\u0161ichni n\u00e1zorov\u011b jednotn\u00ed a stranicky uv\u011bdom\u011bl\u00ed jako za star\u00fdch \u010das\u016f?<\/p>\n<figure id=\"attachment_104096\" class=\"wp-caption aligncenter\" style=\"width: 416px;\" aria-describedby=\"caption-attachment-104096\"><a href=\"https:\/\/eshop.casopis-sifra.cz\/\" target=\"_blank\" rel=\"noopener noreferrer\"><img loading=\"lazy\" decoding=\"async\" class=\"wp-image-104096 \" src=\"https:\/\/www.casopis-sifra.cz\/wp-content\/uploads\/2019\/08\/08_19_obalka-797x1024.jpg\" sizes=\"auto, (max-width: 696px) 100vw, 696px\" srcset=\"https:\/\/www.casopis-sifra.cz\/wp-content\/uploads\/2019\/08\/08_19_obalka-797x1024.jpg 797w, https:\/\/www.casopis-sifra.cz\/wp-content\/uploads\/2019\/08\/08_19_obalka-233x300.jpg 233w, https:\/\/www.casopis-sifra.cz\/wp-content\/uploads\/2019\/08\/08_19_obalka-768x987.jpg 768w, https:\/\/www.casopis-sifra.cz\/wp-content\/uploads\/2019\/08\/08_19_obalka-696x894.jpg 696w, https:\/\/www.casopis-sifra.cz\/wp-content\/uploads\/2019\/08\/08_19_obalka-327x420.jpg 327w, https:\/\/www.casopis-sifra.cz\/wp-content\/uploads\/2019\/08\/08_19_obalka.jpg 1000w\" alt=\"\" width=\"416\" height=\"534\"><\/a><figcaption id=\"caption-attachment-104096\" class=\"wp-caption-text\"><strong>Aktu\u00e1ln\u00ed \u010d\u00edslo \u0160ifry si m\u016f\u017eete po\u0159\u00eddit v<a href=\"https:\/\/eshop.casopis-sifra.cz\/tistena-verze\/\" target=\"_blank\" rel=\"noopener noreferrer\">&nbsp;ti\u0161t\u011bn\u00e9<\/a>&nbsp;i&nbsp;<a href=\"https:\/\/eshop.casopis-sifra.cz\/digitalni-verze\/\" target=\"_blank\" rel=\"noopener noreferrer\">digit\u00e1ln\u00ed<\/a>&nbsp;verzi v na\u0161em eshopu, stejn\u011b jako&nbsp;<a href=\"https:\/\/eshop.casopis-sifra.cz\/predplatne\/\" target=\"_blank\" rel=\"noopener noreferrer\">p\u0159edplatn\u00e9<\/a>.<\/strong><\/figcaption><\/figure>\n<p>Zahradn\u00ed slavnost m\u011bla nav\u00e1zat na prvn\u00ed ro\u010dn\u00edk, kter\u00fd se konal p\u0159ed dv\u011bma lety. P\u0159i p\u0159\u00edle\u017eitosti restaurov\u00e1n\u00ed z\u00e1meck\u00e9 kaple svat\u00e9ho Vojt\u011bcha zde tehdy vysv\u011bcoval tam\u011bj\u0161\u00ed sochy arcibiskup pra\u017esk\u00fd a kardin\u00e1l Dominik Duka. Na z\u00e1mek se sjelo mnoho zaj\u00edmav\u00fdch lid\u00ed, pozv\u00e1ni byli i obyvatel\u00e9 obce, v\u0161ichni se dob\u0159e bavili a v\u0161echno bylo v po\u0159\u00e1dku.<\/p>\n<p>Letos, kdy dorazili nastr\u010den\u00ed duhov\u00ed provokat\u00e9\u0159i, m\u00e9dia l\u017eiv\u011b spojila kon\u00e1n\u00ed slavnosti s&nbsp;des\u00edtky kilometr\u016f vzd\u00e1len\u00fdm karnevalem men\u0161in a ud\u011blala z&nbsp;akce n\u011bco, co j\u00ed nikdy nebylo. U\u017e to zahradn\u00ed slavnost nen\u00ed, proto\u017ee p\u0159ijel i Konvi\u010dka? Co jin\u00e9ho ne\u017e k\u00e1drov\u00e1n\u00ed a cenzura tohle je?<\/p>\n<p>Korunu v\u0161emu nasadil internetov\u00fd den\u00edk Aktu\u00e1ln\u011b.cz, kter\u00fd p\u0159evzal kompletn\u00ed dezinformace z&nbsp;Lidov\u00fdch novin a je\u0161t\u011b si p\u0159idal vlastn\u00ed manipulace. Titulek k\u0159i\u010d\u00ed:&nbsp;<a href=\"https:\/\/zpravy.aktualne.cz\/regiony\/stredocesky\/stredocesky-kraj-podporil-vlastenecke-setkani-na-pribramsku\/r~472a1716bd1811e9bb450cc47ab5f122\/\">Vandas, Jakl a dal\u0161\u00ed. Kraj podpo\u0159il \u201evlasteneck\u00e9\u201c setk\u00e1n\u00ed dotac\u00ed, te\u010f ji chce vr\u00e1tit<\/a>. Server Zde\u0148ka Bakaly do titulku dokonce propa\u0161oval p\u0159edsedu D\u011blnick\u00e9 strany soci\u00e1ln\u00ed spravedlnosti Tom\u00e1\u0161e Vandase, kter\u00fd se na akci t\u00e9\u017e objevil. Dorazil jako soukrom\u00e1 osoba, ne\u00fa\u010dastnil se \u017e\u00e1dn\u00e9ho panelu, nebyl ofici\u00e1ln\u00edm hostem a nikdo nev\u011bd\u011bl, \u017ee p\u0159ijede. Liber\u00e1ln\u00ed Den\u00edk N posunul medi\u00e1ln\u00ed le\u017e zase o kousek d\u00e1l. P\u0159evzal v\u0161echny dezinformace z&nbsp;Lidov\u00fdch novin, z&nbsp;Aktu\u00e1ln\u011b.cz a v&nbsp;dne\u0161n\u00edm titulku hl\u00e1s\u00ed:&nbsp;<em>\u201eB\u00edl\u00ed heterosexu\u00e1ln\u00ed mu\u017ei\u201c rokovali za krajsk\u00e9 pen\u00edze. Uvedli n\u00e1s v&nbsp;omyl, zlob\u00ed se Jermanov\u00e1 a&nbsp;chce pen\u00edze zp\u011bt. \u201e<\/em>Na zhruba \u010dty\u0159hodinov\u00e9 akci s&nbsp;n\u00e1zvem Vlasteneck\u00e9 setk\u00e1n\u00ed v&nbsp;P\u0159\u00ed\u010dovech promluvilo mnoho p\u0159edstavitel\u016f xenofobn\u00ed a&nbsp;extremistick\u00e9 sc\u00e9ny,\u201c&nbsp;<a href=\"https:\/\/denikn.cz\/179061\/akci-extremistu-podporil-stredocesky-kraj-uvedli-nas-v-omyl-haji-se-a-chce-penize-zpet\/?ref=tit\">p\u00ed\u0161e \u201eseri\u00f3zn\u00ed\u201c den\u00edk<\/a>. Akce to byla osmihodinov\u00e1 a o skv\u011bl\u00e9m koncertu Zuzany Stirsk\u00e9 a jej\u00ed skupiny Gospel Time, kter\u00e1 zp\u00edv\u00e1 \u010derno\u0161sk\u00e9 spiritu\u00e1ly, se nikdo z&nbsp;novin\u00e1\u0159\u016f rad\u011bji ani nezm\u00ednil. Asi aby akce p\u016fsobila dost \u201eextremisticky\u201c. Stejn\u011b jako o diskusi o m\u00e9di\u00edch, kde jsme p\u0159esn\u011b tyto dehonesta\u010dn\u00ed a manipula\u010dn\u00ed kampan\u011b do detailu popisovali.<\/p>\n<p>Akce to byla pro ka\u017ed\u00e9ho, jak uvedla Alice Tomkov\u00e1 i v&nbsp;\u017e\u00e1dosti o p\u0159\u00edsp\u011bvek. L\u00e9ka\u0159ka, kter\u00e1 ve sv\u00e9m voln\u00e9m \u010dase sama opravuje barokn\u00ed pam\u00e1tku se vz\u00e1cnou kapl\u00ed a sna\u017e\u00ed se ji zachr\u00e1nit, proto\u017ee m\u00e1 vztah ke sv\u00e9mu rodn\u00e9mu kraji, je nyn\u00ed vl\u00e1\u010dena medi\u00e1ln\u00edm bahnem a cht\u011bj\u00ed po n\u00ed vr\u00e1tit p\u0159\u00edsp\u011bvek kv\u016fli tomu, \u017ee na jej\u00ed zahradn\u00ed slavnost p\u0159ijely mezi 200 lidmi i n\u011bkter\u00e9 \u201e\u0161patn\u00e9 k\u00e1dry\u201c. Zat\u00edmco barevn\u00fd pochod polonah\u00fdch homosexu\u00e1l\u016f v&nbsp;tang\u00e1ch s&nbsp;labut\u00edm pe\u0159\u00edm dost\u00e1v\u00e1 horentn\u00ed sumy ze st\u00e1tn\u00edho rozpo\u010dtu i Evropsk\u00e9 unie. A ka\u017ed\u00e9mu to p\u0159ijde norm\u00e1ln\u00ed. Tak absurdn\u00ed Zahradn\u00ed slavnost by nenapsal ani V\u00e1clav Havel.<\/p>\n<p><a href=\"https:\/\/www.casopis-sifra.cz\/exkluzivne-jak-se-dela-spinava-kampan-predni-ceska-media-umyslne-siri-dezinformace-o-soukrome-zahradni-slavnosti-kterou-lzive-spojuji-se-sobotnim-pruvodem-homosexualu\/\">Zdroj<\/a><\/p>\n","protected":false},"excerpt":{"rendered":"<p>U v\u011bt\u0161iny dezinformac\u00ed, kter\u00fdch se m\u00e9dia v&nbsp;posledn\u00edch letech dopou\u0161t\u011bj\u00ed, nen\u00ed snadn\u00e9 rozeznat \u00famysl \u010di prok\u00e1zat, \u017ee jde o p\u0159\u00edmou manipulaci \u2013 a to p\u0159edev\u0161\u00edm proto, \u017ee u ud\u00e1lost\u00ed, o kter\u00fdch referuj\u00ed, neb\u00fdv\u00e1me osobn\u011b. Maxim\u00e1ln\u011b z&nbsp;nich m\u016f\u017eeme c\u00edtit zaujatost, tenden\u010dnost \u010di stran\u011bn\u00ed jedn\u00e9 skupin\u011b \u010di ideologii.<\/p>\n","protected":false},"author":1,"featured_media":0,"comment_status":"open","ping_status":"open","sticky":false,"template":"","format":"standard","meta":{"ngg_post_thumbnail":0,"footnotes":""},"categories":[11],"tags":[],"class_list":["post-10542","post","type-post","status-publish","format-standard","hentry","category-ozvena"],"_links":{"self":[{"href":"https:\/\/www.ladislavjakl.cz\/index.php?rest_route=\/wp\/v2\/posts\/10542","targetHints":{"allow":["GET"]}}],"collection":[{"href":"https:\/\/www.ladislavjakl.cz\/index.php?rest_route=\/wp\/v2\/posts"}],"about":[{"href":"https:\/\/www.ladislavjakl.cz\/index.php?rest_route=\/wp\/v2\/types\/post"}],"author":[{"embeddable":true,"href":"https:\/\/www.ladislavjakl.cz\/index.php?rest_route=\/wp\/v2\/users\/1"}],"replies":[{"embeddable":true,"href":"https:\/\/www.ladislavjakl.cz\/index.php?rest_route=%2Fwp%2Fv2%2Fcomments&post=10542"}],"version-history":[{"count":1,"href":"https:\/\/www.ladislavjakl.cz\/index.php?rest_route=\/wp\/v2\/posts\/10542\/revisions"}],"predecessor-version":[{"id":10543,"href":"https:\/\/www.ladislavjakl.cz\/index.php?rest_route=\/wp\/v2\/posts\/10542\/revisions\/10543"}],"wp:attachment":[{"href":"https:\/\/www.ladislavjakl.cz\/index.php?rest_route=%2Fwp%2Fv2%2Fmedia&parent=10542"}],"wp:term":[{"taxonomy":"category","embeddable":true,"href":"https:\/\/www.ladislavjakl.cz\/index.php?rest_route=%2Fwp%2Fv2%2Fcategories&post=10542"},{"taxonomy":"post_tag","embeddable":true,"href":"https:\/\/www.ladislavjakl.cz\/index.php?rest_route=%2Fwp%2Fv2%2Ftags&post=10542"}],"curies":[{"name":"wp","href":"https:\/\/api.w.org\/{rel}","templated":true}]}}