{"id":10546,"date":"2019-08-15T11:38:58","date_gmt":"2019-08-15T09:38:58","guid":{"rendered":"http:\/\/www.ladislavjakl.cz\/?p=10546"},"modified":"2019-08-15T11:38:58","modified_gmt":"2019-08-15T09:38:58","slug":"prohlaseni-petra-hampla-k-fake-news-o-pricovech","status":"publish","type":"post","link":"https:\/\/www.ladislavjakl.cz\/?p=10546","title":{"rendered":"Prohl\u00e1\u0161en\u00ed Petra Hampla k fake news o P\u0159\u00ed\u010dovech"},"content":{"rendered":"<p>Proto\u017ee je dne\u0161n\u00ed tisk pln\u00fd nep\u0159esn\u00fdch a nepravdiv\u00fdch informac\u00ed o sobotn\u00edm vlasteneck\u00e9m setk\u00e1n\u00ed v P\u0159\u00ed\u010dovech, uv\u00e1d\u00edm n\u00e1sleduj\u00edc\u00ed:<\/p>\n<p><!--more--><\/p>\n<p>1) po\u0159adatelem akce NEBYLO Sdru\u017een\u00ed p\u0159\u00e1tel b\u00edl\u00e9ho heterosexu\u00e1ln\u00edho mu\u017ee. Sdru\u017een\u00ed se na akci ani jinak nepod\u00edlelo. Jedin\u00fdm spojovac\u00edm bodem byla moje osoba &#8211; byl jsem odborn\u00fdm garantem programu, a z\u00e1rove\u0148 p\u016fsob\u00edm v tom sdru\u017een\u00ed (stejn\u011b jako jsem aktivn\u00ed i v n\u011bkolika dal\u0161\u00edch spolc\u00edch).<\/p>\n<p>2) p\u0159edm\u011btem akce NEBYLA ot\u00e1zka homosexuality ani jin\u00e9ho sexu\u00e1ln\u00edho chov\u00e1n\u00ed. Nezab\u00fdval se t\u00edm \u017e\u00e1dn\u00fd panel, \u017e\u00e1dn\u00e1 p\u0159edn\u00e1\u0161ka, \u017e\u00e1dn\u00fd diskuzn\u00ed p\u0159\u00edsp\u011bvek.<\/p>\n<p>3) po\u0159adatel\u00e9 akce NEM\u011aLI \u017e\u00e1dnou mo\u017enost ovlivnit slo\u017een\u00ed n\u00e1v\u0161t\u011bvn\u00edk\u016f akce. Pozv\u00e1nka byla ve\u0159ejn\u011b dostupn\u00e1. Pokud v\u00edm, byl mezi n\u00e1v\u0161t\u011bvn\u00edky minim\u00e1ln\u011b jeden poslanec, jeden b\u00fdval\u00fd ministr a sou\u010dasn\u00fd p\u0159edseda politick\u00e9 strany. Po\u0159adatelka akce ani j\u00e1 jako odborn\u00fd garant t\u00edm nevyjad\u0159ujeme ani souhlas ani nesouhlas s jejich \u010dinnost\u00ed. Po\u017eadavky n\u011bkter\u00fdch chytrol\u00edn\u016f, \u017ee jsme m\u011bli u vchodu prov\u00e1d\u011bt k\u00e1drov\u00e1n\u00ed a &#8222;nevhodn\u00e9&#8220; div\u00e1ky nepustit dovnit\u0159, pokl\u00e1d\u00e1m za naprosto nehor\u00e1zn\u00e9.<\/p>\n","protected":false},"excerpt":{"rendered":"<p>Proto\u017ee je dne\u0161n\u00ed tisk pln\u00fd nep\u0159esn\u00fdch a nepravdiv\u00fdch informac\u00ed o sobotn\u00edm vlasteneck\u00e9m setk\u00e1n\u00ed v P\u0159\u00ed\u010dovech, uv\u00e1d\u00edm n\u00e1sleduj\u00edc\u00ed:<\/p>\n","protected":false},"author":1,"featured_media":0,"comment_status":"open","ping_status":"open","sticky":false,"template":"","format":"standard","meta":{"ngg_post_thumbnail":0,"footnotes":""},"categories":[11],"tags":[],"class_list":["post-10546","post","type-post","status-publish","format-standard","hentry","category-ozvena"],"_links":{"self":[{"href":"https:\/\/www.ladislavjakl.cz\/index.php?rest_route=\/wp\/v2\/posts\/10546","targetHints":{"allow":["GET"]}}],"collection":[{"href":"https:\/\/www.ladislavjakl.cz\/index.php?rest_route=\/wp\/v2\/posts"}],"about":[{"href":"https:\/\/www.ladislavjakl.cz\/index.php?rest_route=\/wp\/v2\/types\/post"}],"author":[{"embeddable":true,"href":"https:\/\/www.ladislavjakl.cz\/index.php?rest_route=\/wp\/v2\/users\/1"}],"replies":[{"embeddable":true,"href":"https:\/\/www.ladislavjakl.cz\/index.php?rest_route=%2Fwp%2Fv2%2Fcomments&post=10546"}],"version-history":[{"count":1,"href":"https:\/\/www.ladislavjakl.cz\/index.php?rest_route=\/wp\/v2\/posts\/10546\/revisions"}],"predecessor-version":[{"id":10547,"href":"https:\/\/www.ladislavjakl.cz\/index.php?rest_route=\/wp\/v2\/posts\/10546\/revisions\/10547"}],"wp:attachment":[{"href":"https:\/\/www.ladislavjakl.cz\/index.php?rest_route=%2Fwp%2Fv2%2Fmedia&parent=10546"}],"wp:term":[{"taxonomy":"category","embeddable":true,"href":"https:\/\/www.ladislavjakl.cz\/index.php?rest_route=%2Fwp%2Fv2%2Fcategories&post=10546"},{"taxonomy":"post_tag","embeddable":true,"href":"https:\/\/www.ladislavjakl.cz\/index.php?rest_route=%2Fwp%2Fv2%2Ftags&post=10546"}],"curies":[{"name":"wp","href":"https:\/\/api.w.org\/{rel}","templated":true}]}}