{"id":10548,"date":"2019-08-15T11:39:45","date_gmt":"2019-08-15T09:39:45","guid":{"rendered":"http:\/\/www.ladislavjakl.cz\/?p=10548"},"modified":"2019-08-15T11:39:45","modified_gmt":"2019-08-15T09:39:45","slug":"famy-kolem-pricov","status":"publish","type":"post","link":"https:\/\/www.ladislavjakl.cz\/?p=10548","title":{"rendered":"F\u00e1my kolem P\u0159\u00ed\u010dov"},"content":{"rendered":"<p><em>Mohl byste \u0159\u00edct p\u00e1r slov o tom, jakou roli vid\u00edte v osobn\u00ed \u00fa\u010dasti na setk\u00e1n\u00edch Sdru\u017een\u00ed p\u0159\u00e1tel b\u00edl\u00e9ho heterosexu\u00e1ln\u00edho mu\u017ee? A jakou roli hraj\u00ed diskuse, kter\u00e9 se tam uskute\u010d\u0148uj\u00ed? <\/em><em>Toto setk\u00e1n\u00ed prob\u011bhlo paraleln\u011b s tzv. pochodem Prague Pride v Praze. V t\u00e9to souvislosti se \u00fa\u010dastn\u00edci Vlasteneck\u00e9ho setk\u00e1n\u00ed dotkli t\u00e9matu ochrany tradi\u010dn\u00ed rodiny. Jak\u00e1 je z va\u0161eho hlediska situace v oblasti tradi\u010dn\u00edch rodinn\u00fdch hodnot v dne\u0161n\u00ed \u010cesk\u00e9 republice? Jak\u00e9 trendy v t\u00e9to oblasti je mo\u017en\u00e9 pozorovat?<\/em><\/p>\n<p><em>S&nbsp;\u00factou,<\/em><\/p>\n<p><em>Bogdan Vasilivitskii, redaktor<\/em><\/p>\n<p><em>Sputnik \u010cesk\u00e1 republika.<\/em><\/p>\n<p><!--more--><\/p>\n<p><strong>Dobr\u00fd den.<\/strong><\/p>\n<p><strong>Pokud v\u00edm, semin\u00e1\u0159 pod touto hlavi\u010dkou prob\u011bhl jedin\u00fd, p\u0159edloni na ja\u0159e v Poslaneck\u00e9 sn\u011bmovn\u011b. Byla to zaj\u00edmav\u00e1 diskuse o feminismu a genderismu, z p\u0159\u00edsp\u011bvk\u016f vy\u0161el i sborn\u00edk. Pozd\u011bji se je\u0161t\u011b uskute\u010dnilo asi jedno nebo dv\u011b neform\u00e1ln\u00ed setk\u00e1n\u00ed.<\/strong><\/p>\n<p><strong>Sobotn\u00ed akce v P\u0159\u00ed\u010dovech m\u011bla jin\u00e9ho po\u0159adatele a t\u00e9to problematiky se t\u00fdkala jen okrajov\u011b, tam byl t\u00e9matem patriotismus, suverenita \u010di rizika progresivismu. J\u00e1 jsem mluvil v panelu o m\u00e9di\u00edch na t\u00e9ma nastolov\u00e1n\u00ed glob\u00e1ln\u00ed agendy na \u00fakor t\u00e9mat t\u00fdkaj\u00edc\u00edch se p\u0159\u00edmo na\u0161ich \u017eivot\u016f. Akce nebyla svol\u00e1na v souvislosti s pra\u017eskou exhibic\u00ed homosexu\u00e1l\u016f a ani duhov\u00fd pr\u016fvod nejsp\u00ed\u0161 nebyl svol\u00e1n v reakci na setk\u00e1n\u00ed v P\u0159\u00ed\u010dovech.<br \/>\nL.&nbsp;<\/strong><strong>J.<\/strong><\/p>\n","protected":false},"excerpt":{"rendered":"<p>Mohl byste \u0159\u00edct p\u00e1r slov o tom, jakou roli vid\u00edte v osobn\u00ed \u00fa\u010dasti na setk\u00e1n\u00edch Sdru\u017een\u00ed p\u0159\u00e1tel b\u00edl\u00e9ho heterosexu\u00e1ln\u00edho mu\u017ee? A jakou roli hraj\u00ed diskuse, kter\u00e9 se tam uskute\u010d\u0148uj\u00ed? Toto setk\u00e1n\u00ed prob\u011bhlo paraleln\u011b s tzv. pochodem Prague Pride v Praze. V t\u00e9to souvislosti se \u00fa\u010dastn\u00edci Vlasteneck\u00e9ho setk\u00e1n\u00ed dotkli t\u00e9matu ochrany tradi\u010dn\u00ed rodiny. Jak\u00e1 je z [&hellip;]<\/p>\n","protected":false},"author":1,"featured_media":0,"comment_status":"open","ping_status":"open","sticky":false,"template":"","format":"standard","meta":{"ngg_post_thumbnail":0,"footnotes":""},"categories":[13],"tags":[],"class_list":["post-10548","post","type-post","status-publish","format-standard","hentry","category-rozhovory"],"_links":{"self":[{"href":"https:\/\/www.ladislavjakl.cz\/index.php?rest_route=\/wp\/v2\/posts\/10548","targetHints":{"allow":["GET"]}}],"collection":[{"href":"https:\/\/www.ladislavjakl.cz\/index.php?rest_route=\/wp\/v2\/posts"}],"about":[{"href":"https:\/\/www.ladislavjakl.cz\/index.php?rest_route=\/wp\/v2\/types\/post"}],"author":[{"embeddable":true,"href":"https:\/\/www.ladislavjakl.cz\/index.php?rest_route=\/wp\/v2\/users\/1"}],"replies":[{"embeddable":true,"href":"https:\/\/www.ladislavjakl.cz\/index.php?rest_route=%2Fwp%2Fv2%2Fcomments&post=10548"}],"version-history":[{"count":1,"href":"https:\/\/www.ladislavjakl.cz\/index.php?rest_route=\/wp\/v2\/posts\/10548\/revisions"}],"predecessor-version":[{"id":10549,"href":"https:\/\/www.ladislavjakl.cz\/index.php?rest_route=\/wp\/v2\/posts\/10548\/revisions\/10549"}],"wp:attachment":[{"href":"https:\/\/www.ladislavjakl.cz\/index.php?rest_route=%2Fwp%2Fv2%2Fmedia&parent=10548"}],"wp:term":[{"taxonomy":"category","embeddable":true,"href":"https:\/\/www.ladislavjakl.cz\/index.php?rest_route=%2Fwp%2Fv2%2Fcategories&post=10548"},{"taxonomy":"post_tag","embeddable":true,"href":"https:\/\/www.ladislavjakl.cz\/index.php?rest_route=%2Fwp%2Fv2%2Ftags&post=10548"}],"curies":[{"name":"wp","href":"https:\/\/api.w.org\/{rel}","templated":true}]}}