{"id":10550,"date":"2019-08-15T11:41:04","date_gmt":"2019-08-15T09:41:04","guid":{"rendered":"http:\/\/www.ladislavjakl.cz\/?p=10550"},"modified":"2019-08-15T11:41:04","modified_gmt":"2019-08-15T09:41:04","slug":"kompletni-obraz-totality-bude-nase-vlast-vyvlastnena-diktatura-s-ambicemi-ziskovky-banky-a-media-nam-vladnou-spiknuti-ci-odboj-pro-svobodny-svet-mladez-v-akutnim-ohrozeni-co-opravdu-znamena-lgb","status":"publish","type":"post","link":"https:\/\/www.ladislavjakl.cz\/?p=10550","title":{"rendered":"Kompletn\u00ed obraz totality: Bude na\u0161e vlast vyvlastn\u011bna? Diktatura s ambicemi. Ziskovky, banky a m\u00e9dia n\u00e1m vl\u00e1dnou. Spiknut\u00ed \u010di odboj pro svobodn\u00fd sv\u011bt? Ml\u00e1de\u017e v akutn\u00edm ohro\u017een\u00ed. Co opravdu znamen\u00e1 LGBT?"},"content":{"rendered":"<p>\u010ce\u0161t\u00ed vlastenci, kte\u0159\u00ed se se\u0161li v&nbsp;sobotu 10. srpna v&nbsp;hojn\u00e9m po\u010dtu na setk\u00e1n\u00ed na z\u00e1meck\u00e9 zahrad\u011b v&nbsp;P\u0159\u00ed\u010dovech u Sedl\u010dan, se shodli na tom, \u017ee&nbsp;povaha&nbsp;polistopadov\u00e9ho re\u017eimu vykazuje po vstupu do EU siln\u011bj\u0161\u00ed rysy totalitn\u00edho syst\u00e9mu, ne\u017e p\u0159ed rokem 1989.<\/p>\n<p><!--more--><\/p>\n<p><a href=\"http:\/\/www.protiproud.cz\/autor\/radek-pokorny-.htm\" target=\"_blank\" rel=\"noopener\"><img loading=\"lazy\" decoding=\"async\" src=\"http:\/\/www.protiproud.cz\/images\/textiky\/pokorny.jpg\" alt=\"\" width=\"276\" height=\"93\"><\/a>&nbsp;<\/p>\n<p>Ten se na rozd\u00edl od toho sou\u010dasn\u00e9ho nesna\u017eil natolik ovl\u00e1dnout intimn\u00ed \u017eivot \u010dlov\u011bka a rozb\u00edt tradi\u010dn\u00ed rodinn\u00e9 hodnoty jako ten dne\u0161n\u00ed. Proti t\u011bmto snah\u00e1m je t\u0159eba se podle \u00fa\u010dastn\u00edk\u016f setk\u00e1n\u00ed co nejrozhodn\u011bji postavit a zabr\u00e1nit tak \u201evyvlastn\u011bn\u00ed na\u0161\u00ed vlasti\u201c. &nbsp;<\/p>\n<h2>V\u00fdm\u011bna pozdrav\u016f<\/h2>\n<p>B\u00fdval\u00fd \u0159editel politick\u00e9ho odboru Kancel\u00e1\u0159e prezidenta republiky a sou\u010dasn\u00fd \u010dlen Rady pro rozhlasov\u00e9 a televizn\u00ed vys\u00edl\u00e1n\u00ed Ladislav Jakl vyzdvihl odvahu hostitelky a majitelky z\u00e1mku Alice Tomkov\u00e9, kter\u00e1 umo\u017enila na z\u00e1meck\u00e9 zahrad\u011b skv\u011blou oslavu vlastenectv\u00ed uspo\u0159\u00e1dat. Z\u00e1rove\u0148 na d\u00e1lku pozdravil setk\u00e1n\u00ed, kter\u00e9 ve stejnou dobu prob\u00edhalo v&nbsp;Praze.<\/p>\n<p>\u201eMysl\u00edm, \u017ee bych m\u011bl ze srdce pozdravit jedno setk\u00e1n\u00ed, kter\u00e9 prob\u00edh\u00e1 pr\u00e1v\u011b te\u010f v&nbsp;Praze a mus\u00edm vyj\u00e1d\u0159it pot\u011b\u0161en\u00ed nad t\u00edm, \u017ee to setk\u00e1n\u00ed na\u0161ich velmi mil\u00fdch p\u0159\u00e1tel, prob\u00edh\u00e1 pod zna\u010dkou LGBT. Mysl\u00edm, \u017ee mnoz\u00ed z n\u00e1s bychom se k&nbsp;t\u00e9to zna\u010dce mohli p\u0159ihl\u00e1sit. Ov\u0161em jen pokud ta p\u00edsmena znamenaj\u00ed Liberty, Guns, Beer, Trump,\u201c prohl\u00e1sil za sm\u00edchu \u010desk\u00fdch vlastenc\u016f.&nbsp;<\/p>\n<p>Ostatn\u011b jeho slova potvrdila i des\u00edtka vyslanc\u016f LGBT komunity, kte\u0159\u00ed p\u0159i\u0161li &#8222;pozdravit&#8220; vlastence v&nbsp;P\u0159\u00ed\u010dovech s&nbsp;typickou snahou zaujmout p\u0159edev\u0161\u00edm p\u0159\u00edtomn\u00e1 m\u00e9dia. Kdy\u017e si jejich zoufal\u00e9ho halek\u00e1n\u00ed p\u0159es plot s&nbsp;duhov\u00fdmi vlajkami nikdo p\u0159\u00edli\u0161 nev\u0161\u00edmal, nasedli do dod\u00e1vky, kter\u00e1 je na akci z&nbsp;Prahy p\u0159ivezla. Vr\u00e1tili se podat zpr\u00e1vu sv\u00fdm soudruh\u016fm k\u0159ep\u010d\u00edc\u00edm na Letn\u00e9 p\u0159ed stanem na zdarma testov\u00e1n\u00ed na AIDS a podobn\u00e9 radosti t\u00e9to py\u0161n\u00e9 (Pride) komunity, p\u0159ed n\u00ed\u017e navzdory roz\u0161i\u0159ov\u00e1n\u00ed pand\u00e9mie ministerstvo zdravotnictv\u00ed (narozd\u00edl od cigaret) &#8222;u\u017eivatele&#8220; stejnopohlavn\u00edho sexu nevaruje.<\/p>\n<p>Nezb\u00fdv\u00e1, ne\u017e podat zpr\u00e1vu od t\u011bch, kdo byli setk\u00e1n\u00ed p\u0159\u00edtomni po celou dobu. A kdy\u017e jsme ji\u017e za\u010dali otloukan\u00fdm medi\u00e1ln\u00edm radn\u00edm, pokra\u010dujme v tom. \u0158\u00edkal toti\u017e docela podstatn\u00e9 v\u011bci:<\/p>\n<h2>Ambice<\/h2>\n<p>Podle Ladislava Jakla je totalitn\u00ed re\u017eim ur\u010dit\u00fd druh diktatury, kter\u00fd si na rozd\u00edl od t\u011bch p\u0159ede\u0161l\u00fdch diktatur nevysta\u010d\u00ed pouze s&nbsp;t\u00edm, \u017ee dr\u017e\u00ed v&nbsp;ruce v\u0161echny mocensk\u00e9 n\u00e1stroje. Sou\u010dasn\u00fd druh eurodiktatury, kter\u00fd u n\u00e1s dnes vl\u00e1dne, m\u00e1 v\u011bt\u0161\u00ed ambice pros\u00e1knout do na\u0161ich \u017eivot\u016f, do mezilidsk\u00fdch vztah\u016f, do rodin a do intimity. \u201eI ty prvn\u00ed dva totalitn\u00ed re\u017eimy u n\u00e1s m\u011bly tyto ambice, ale ten prvn\u00ed na to nem\u011bl dost \u010dasu a ten druh\u00fd dost sil. Nyn\u011bj\u0161\u00ed re\u017eim jde v&nbsp;tomto jednozna\u010dn\u011b d\u00e1l a daleko v\u00edce spl\u0148uje definici totalitn\u00edho re\u017eimu,\u201c prohl\u00e1sil Jakl za souhlasn\u00e9ho potlesku p\u0159\u00edtomn\u00fdch osobnost\u00ed.<\/p>\n<p>Podle Jakla je to proto, \u017ee se sou\u010dasn\u00fd re\u017eim nespokojuje s&nbsp;n\u00e1stroji dr\u017een\u00ed moci v\u010detn\u011b t\u00e9 hospod\u00e1\u0159sk\u00e9, ale sna\u017e\u00ed se j\u00edt a\u017e na k\u016f\u017ei ka\u017ed\u00e9ho z&nbsp;n\u00e1s. K&nbsp;tomu mocn\u011b p\u0159isp\u00edvaj\u00ed sou\u010dasn\u00e1 m\u00e9dia, kter\u00e1 vytv\u00e1\u0159ej\u00ed vlastn\u00ed paradigmata a nastoluj\u00ed agendu, kter\u00e1 nem\u00e1 nic spole\u010dn\u00e9ho s&nbsp;\u017eivotn\u00edmi zku\u0161enostmi v\u011bt\u0161iny lid\u00ed.&nbsp;<\/p>\n<p><iframe loading=\"lazy\" src=\"http:\/\/www.youtube.com\/embed\/pyK3q2ehEw8\" width=\"425\" height=\"350\" data-mce-fragment=\"1\"><\/iframe><\/p>\n<h2>Banky a m\u00e9dia<\/h2>\n<p>B\u00fdval\u00fd policejn\u00ed prezident a sou\u010dasn\u00fd p\u0159edseda Asociace nez\u00e1visl\u00fdch m\u00e9di\u00ed Stanislav Novotn\u00fd p\u0159irovnal sou\u010dasn\u00fd syst\u00e9m k&nbsp;plutokracii. \u201eHrstka oligarch\u016f m\u00e1 pocit, \u017ee m\u00e1 pr\u00e1vo si zprivatizovat cel\u00fd sv\u011bt a cel\u00e9 st\u00e1ty a d\u011blat si tady prakticky cokoli.&#8220; Podle n\u011bho jde o snahu monopolizovat si pr\u00e1vo na na\u0161e v\u011bdom\u00ed a sv\u011bdom\u00ed a na n\u00e1s samotn\u00e9. Bankovn\u00ed syst\u00e9m euroamerick\u00e9 civilizace, ve kter\u00e9m se pohybuje desetkr\u00e1t v\u00edce pen\u011bz ne\u017e v&nbsp;n\u011bm skute\u010dn\u011b je, u\u017e podle b\u00fdval\u00e9ho policejn\u00edho prezidenta napl\u0148uje znaky organizovan\u00e9ho zlo\u010dinu.&nbsp;<\/p>\n<p>Moc t\u011bchto zlo\u010dinc\u016f potom kryj\u00ed glob\u00e1ln\u00ed m\u00e9dia. Ta \u0161\u00ed\u0159\u00ed ideologie rozb\u00edjej\u00edc\u00ed rodiny a jak\u00e1koliv spole\u010denstv\u00ed, kter\u00e1 cht\u011bj\u00ed vytv\u00e1\u0159et pevn\u00e9 vztahy ke st\u00e1tu a jeho lidem. Atomizovan\u00ed jednotlivci mohou podle n\u011bho l\u00e9pe vykon\u00e1vat pr\u00e1ci, kterou oni zadaj\u00ed, nebo i zmizet, kdy\u017e nefunguj\u00ed podle jejich p\u0159edstav. Sou\u010dasn\u00e1 euroamerick\u00e1 glob\u00e1ln\u00ed m\u00e9dia podporuj\u00ed sou\u010dasnu diktaturu.<\/p>\n<p>Podobn\u00e1 situace je i v&nbsp;internetov\u00fdch m\u00e9di\u00edch, kter\u00e1 se postupn\u011b st\u00e1vaj\u00ed ideologick\u00fdmi n\u00e1stroji glob\u00e1ln\u00edch elit a st\u00e1le v\u00edce se n\u00e1m za\u010d\u00ednaj\u00ed pl\u00e9st do \u017eivota. Jako p\u0159\u00edklad uvedl YouTube, Google a Facebook. \u201eTyto nadn\u00e1rodn\u00ed spole\u010dnosti maj\u00ed pocit, \u017ee si mohou dovolit cokoliv na \u00fazem\u00ed jak\u00e9hokoliv st\u00e1tu. Vloudily se do na\u0161eho politick\u00e9ho syst\u00e9mu a ovliv\u0148uj\u00ed ho. S t\u00edm je t\u0159eba velmi tvrd\u011b bojovat.\u201c&nbsp;&nbsp;Z\u00e1v\u011brem vyzval k&nbsp;d\u016fsledn\u00e9 kontrole neziskovek, kter\u00e9 nazval placen\u00fdmi ziskovkami, je\u017e ovliv\u0148uj\u00ed n\u00e1\u0161 politick\u00fd syst\u00e9m a ji\u017e zcela otev\u0159en\u011b zasahuj\u00ed za st\u00e1tn\u00ed pen\u00edze do politick\u00e9 sout\u011b\u017ee. &nbsp;<\/p>\n<h2>Zbab\u011blci v m\u00e9di\u00edch<\/h2>\n<p>\u0160\u00e9fredaktor \u010dasopisu \u0160ifra Milan Vidl\u00e1k p\u0159irovnal sou\u010dasnou situaci v&nbsp;novin\u00e1\u0159sk\u00e9 obci a ve spole\u010dnosti ke&nbsp;vzpom\u00ednk\u00e1m z mate\u0159sk\u00e9 \u0161kolky. \u201eI tam nikdo necht\u011bl b\u00fdt za outsidera a ka\u017ed\u00fd cht\u011bl b\u00fdt s&nbsp;tou siln\u011bj\u0161\u00ed partou, se kterou se v\u0161ichni bav\u00ed. V\u0161ichni se boj\u00ed toho, \u017ee kdyby z&nbsp;toho koloto\u010de vypadli, tak by se k nim m\u00e9dia chovala stejn\u011b jako k&nbsp;panu Jaklovi nebo k&nbsp;panu Konvi\u010dkovi, jen proto, \u017ee \u0159eknou jin\u00fd n\u00e1zor.\u201c&nbsp;<\/p>\n<p>Medi\u00e1ln\u00ed expert a \u010dlen rady \u010cTK Petr \u017dantovsk\u00fd upozornil na to, \u017ee m\u00e9dia by m\u011bla popisovat re\u00e1lnou skute\u010dnost, a ne vytv\u00e1\u0159et realitu um\u011blou, jako je tomu dnes. Z\u00e1rove\u0148 se pozastavil nad v\u00fdrazem medi\u00e1ln\u00ed elita. \u201e\u017d\u00e1dn\u00e1 medi\u00e1ln\u00ed elita neexistuje, existuj\u00ed pouze glob\u00e1ln\u00ed z\u00e1jmy. Jsou to lid\u00e9, kte\u0159\u00ed se zmocnili v\u00fdrobn\u00edch prost\u0159edk\u016f. A takt\u00e9\u017e medi\u00e1ln\u00edch tlampa\u010d\u016f, kter\u00e9 si plat\u00ed, aby jim d\u011blali propagandu.\u201c P\u0159irovnal sou\u010dasnou medi\u00e1ln\u00ed sc\u00e9nu k&nbsp;pades\u00e1t\u00fdm let\u016fm, kdy se stejn\u011b jako dnes razilo heslo \u201ekdo nejde s&nbsp;n\u00e1mi jde proti n\u00e1m\u201c. Novin\u00e1\u0159i podle n\u011bho nejsou schopni p\u0159ekro\u010dit rubikon \u010dernob\u00edl\u00e9ho vid\u011bn\u00ed, nebo\u0165 na to nemaj\u00ed vzd\u011bl\u00e1n\u00ed, schopnosti ani odpov\u011bdnost.<\/p>\n<p><iframe loading=\"lazy\" src=\"http:\/\/www.youtube.com\/embed\/GLJi_zLrIWQ\" width=\"425\" height=\"350\" data-mce-fragment=\"1\"><\/iframe><\/p>\n<h2>Podvolen\u00ed<\/h2>\n<p>Ivo Gec ze Zemsk\u00e9 domobrany p\u0159ipomn\u011bl, \u017ee na\u0161e zem\u011b je vzhledem k otev\u0159en\u00fdm nehl\u00eddan\u00fdm hranic\u00edm vystavena kv\u016fli migraci nebezpe\u010d\u00ed radik\u00e1ln\u00edho zv\u00fd\u0161en\u00ed zlo\u010dinnosti. P\u0159inesl podrobn\u00fd v\u00fd\u010det n\u00e1r\u016fstu n\u00e1siln\u00fdch trestn\u00fdch \u010din\u016f v&nbsp;sousedn\u00edm N\u011bmecku a upozornil, \u017ee p\u0159ipravenost \u010delit podobn\u00e9mu v\u00fdvoji tak\u00e9 u n\u00e1s, mus\u00ed b\u00fdt jednou z&nbsp;priorit \u010desk\u00e9ho vlasteneck\u00e9ho hnut\u00ed.&nbsp;&nbsp;&nbsp;<\/p>\n<p>Jeden ze spoluorganiz\u00e1tor\u016f setk\u00e1n\u00ed sociolog Petr Hampl upozornil, \u017ee na polistopadov\u00e9 obdob\u00ed nen\u00ed mo\u017en\u00e9 se d\u00edvat jako na jednolit\u00fd celek. Ka\u017ed\u00e9 m\u011blo tak jako p\u0159ed listopadem r\u016fzn\u00e9 f\u00e1ze, kdy se st\u0159\u00eddaly svobodn\u011bj\u0161\u00ed doby s&nbsp;t\u011bmi, kdy byla svoboda v\u00edce potla\u010dov\u00e1na, a\u017e jsme dosp\u011bli k&nbsp;sou\u010dasn\u00e9mu neblah\u00e9mu stavu (tuto skute\u010dnost podrobn\u011b rozvedl tak\u00e9 historik a b\u00fdval\u00fd ministr Jaroslav Ba\u0161ta, kdy\u017e se z&nbsp;p\u0159\u00edtomn\u00fdmi pod\u011blil o sv\u00e9 zku\u0161enosti z&nbsp;veden\u00ed tajn\u00fdch slu\u017eeb a z&nbsp;diplomacie).&nbsp; Za jednu z&nbsp;priorit pova\u017euje Hampl souboj o sou\u010dasnou ml\u00e1de\u017e, kter\u00e1 je drasticky indoktrinov\u00e1na. Ve \u0161kol\u00e1ch doch\u00e1z\u00ed k&nbsp; \u201ep\u0159eprogramov\u00e1n\u00ed\u201c mlad\u00fdch generac\u00ed, jeho\u017e v\u00fdsledkem jsou sou\u010dasn\u00ed \u201eslun\u00ed\u010dk\u00e1\u0159i\u201c.&nbsp;&nbsp;<\/p>\n<p>To potvrdil poslanec SPD Ji\u0159\u00ed Kobza, kter\u00fd v&nbsp;diskusi pouk\u00e1zal na nebezpe\u010d\u00ed projekt\u016f \u010clov\u011bka v&nbsp;t\u00edsni, kter\u00fd se na ovliv\u0148ov\u00e1n\u00ed ml\u00e1de\u017ee nap\u0159\u00edklad pomoc\u00ed projektu \u201eJeden sv\u011bt\u201c ve \u0161kol\u00e1ch v\u00fdznamn\u011b pod\u00edl\u00ed. P\u0159ed politick\u00fdm neziskov\u00fdm sektorem varoval i poslanec \u010cSSD Jaroslav Foldyna. Podle n\u011bho u n\u00e1s multikulturalist\u00e9 z&nbsp;neziskovek a dal\u0161\u00edch sf\u00e9r spole\u010dnosti vytv\u00e1\u0159ej\u00ed z\u00e1m\u011brn\u011b spole\u010densk\u00fd konflikt.&nbsp;<\/p>\n<p>Na ohro\u017een\u00ed vlasti reagovali i dal\u0161\u00ed \u0159e\u010dn\u00edci. Ozvaly se v\u00fdzvy k&nbsp;vytvo\u0159en\u00ed odbojov\u00fdch struktur, pokud by politick\u00e9 \u0159e\u0161en\u00ed sou\u010dasn\u00e9 situace selhalo a n\u00e1rod byl ze strany evropsk\u00fdch a multikulturn\u00edch elit ve stejn\u00e9m nebezpe\u010d\u00ed jako v&nbsp;dob\u011b n\u011bmeck\u00e9ho protektor\u00e1tu.&nbsp;<\/p>\n<p><iframe loading=\"lazy\" src=\"http:\/\/www.youtube.com\/embed\/zL0fnl1hwh4\" width=\"425\" height=\"350\" data-mce-fragment=\"1\"><\/iframe><\/p>\n<h2>Na\u0161e odpov\u011bdnost<\/h2>\n<p>Vydavatel a politolog Alexander Tomsk\u00fd zd\u016fraznil, \u017ee demokracie je mo\u017en\u00e1 jen v&nbsp;r\u00e1mci n\u00e1rodn\u00edch st\u00e1t\u016f.&nbsp;&nbsp;Podle n\u011bho jsou dnes n\u00e1rodn\u00ed st\u00e1ty v&nbsp;Evrop\u011b c\u00edlev\u011bdom\u011b likvidov\u00e1ny pomoc\u00ed nadn\u00e1rodn\u00edch struktur EU.&nbsp;<\/p>\n<p>B\u00fdval\u00fd p\u0159edseda Bloku proti isl\u00e1mu Martin Konvi\u010dka upozornil ve&nbsp;sv\u00e9m vystoupen\u00ed na nebezpe\u010d\u00ed, kter\u00e9 pro na\u0161i zemi p\u0159edstavuje sou\u010dasn\u00fd militantn\u00ed isl\u00e1m, proti kter\u00e9mu je sou\u010dasn\u00e1 evropsk\u00e1 spole\u010dnost podle n\u011bho t\u00e9m\u011b\u0159 bezbrann\u00e1. V&nbsp;podobn\u00e9m duchu promluvil i spisovatel a publicista Benjamin Kuras, podle kter\u00e9ho je t\u0159eba, abychom pohl\u00e9dli pravd\u011b do o\u010d\u00ed, a za\u010dali se kone\u010dn\u011b br\u00e1nit, nebo\u0165 \u010dasu na z\u00e1chranu n\u00e1m mnoho nezb\u00fdv\u00e1.&nbsp;<\/p>\n<p>M\u00edstop\u0159edseda Akce D.O.S.T. Michal Sem\u00edn ve sv\u00e9m p\u0159\u00edsp\u011bvku vyzdvihl vlastenectv\u00ed jako jednu z&nbsp;nejvy\u0161\u0161\u00edch ctnost\u00ed a zd\u016fraznil v\u00fdznam, jej\u017e sta\u0159\u00ed filosofov\u00e9 l\u00e1sce k&nbsp;vlasti p\u0159ikl\u00e1dali. \u010ctvrt\u00e9 p\u0159ik\u00e1z\u00e1n\u00ed \u201emiluj otce sv\u00e9ho a matku svou\u201c se t\u00fdk\u00e1 i l\u00e1sky k&nbsp;vlasti, kter\u00e1 je v&nbsp;p\u0159enesen\u00e9m smyslu na\u0161\u00ed matkou a toto p\u0159ik\u00e1z\u00e1n\u00ed se na ni vztahuje. \u201eTak jako m\u00e1me povinnosti ke sv\u00fdm rodi\u010d\u016fm, podobn\u011b je to i s na\u0161\u00ed vlast\u00ed spojenou s&nbsp;na\u0161\u00ed kulturou a jazykem. A v\u016f\u010di tomu m\u00e1me odpov\u011bdnost.\u201c&nbsp;&nbsp;<\/p>\n<p><iframe loading=\"lazy\" src=\"http:\/\/www.youtube.com\/embed\/yZnu0iSEzwU\" width=\"425\" height=\"350\" data-mce-fragment=\"1\"><\/iframe><\/p>\n<p><a href=\"http:\/\/www.protiproud.cz\/kontakt.htm#donate\" target=\"_blank\" rel=\"noopener\"><img loading=\"lazy\" decoding=\"async\" class=\"\" src=\"http:\/\/www.protiproud.cz\/images\/textiky\/Podpora_PP.jpg\" alt=\"\" width=\"427\" height=\"94\"><\/a><\/p>\n<p><a href=\"http:\/\/www.protiproud.cz\/politika\/4584-kompletni-obraz-totality-bude-nase-vlast-vyvlastnena-diktatura-s-ambicemi-ziskovky-banky-a-media-nam-vladnou-spiknuti-ci-odboj-pro-svobodny-svet-mladez-v-akutnim-ohrozeni-co-opravdu-znamena-lgbt.htm\">Zdroj<\/a><\/p>\n","protected":false},"excerpt":{"rendered":"<p>\u010ce\u0161t\u00ed vlastenci, kte\u0159\u00ed se se\u0161li v&nbsp;sobotu 10. srpna v&nbsp;hojn\u00e9m po\u010dtu na setk\u00e1n\u00ed na z\u00e1meck\u00e9 zahrad\u011b v&nbsp;P\u0159\u00ed\u010dovech u Sedl\u010dan, se shodli na tom, \u017ee&nbsp;povaha&nbsp;polistopadov\u00e9ho re\u017eimu vykazuje po vstupu do EU siln\u011bj\u0161\u00ed rysy totalitn\u00edho syst\u00e9mu, ne\u017e p\u0159ed rokem 1989.<\/p>\n","protected":false},"author":1,"featured_media":0,"comment_status":"open","ping_status":"open","sticky":false,"template":"","format":"standard","meta":{"ngg_post_thumbnail":0,"footnotes":""},"categories":[11],"tags":[],"class_list":["post-10550","post","type-post","status-publish","format-standard","hentry","category-ozvena"],"_links":{"self":[{"href":"https:\/\/www.ladislavjakl.cz\/index.php?rest_route=\/wp\/v2\/posts\/10550","targetHints":{"allow":["GET"]}}],"collection":[{"href":"https:\/\/www.ladislavjakl.cz\/index.php?rest_route=\/wp\/v2\/posts"}],"about":[{"href":"https:\/\/www.ladislavjakl.cz\/index.php?rest_route=\/wp\/v2\/types\/post"}],"author":[{"embeddable":true,"href":"https:\/\/www.ladislavjakl.cz\/index.php?rest_route=\/wp\/v2\/users\/1"}],"replies":[{"embeddable":true,"href":"https:\/\/www.ladislavjakl.cz\/index.php?rest_route=%2Fwp%2Fv2%2Fcomments&post=10550"}],"version-history":[{"count":1,"href":"https:\/\/www.ladislavjakl.cz\/index.php?rest_route=\/wp\/v2\/posts\/10550\/revisions"}],"predecessor-version":[{"id":10551,"href":"https:\/\/www.ladislavjakl.cz\/index.php?rest_route=\/wp\/v2\/posts\/10550\/revisions\/10551"}],"wp:attachment":[{"href":"https:\/\/www.ladislavjakl.cz\/index.php?rest_route=%2Fwp%2Fv2%2Fmedia&parent=10550"}],"wp:term":[{"taxonomy":"category","embeddable":true,"href":"https:\/\/www.ladislavjakl.cz\/index.php?rest_route=%2Fwp%2Fv2%2Fcategories&post=10550"},{"taxonomy":"post_tag","embeddable":true,"href":"https:\/\/www.ladislavjakl.cz\/index.php?rest_route=%2Fwp%2Fv2%2Ftags&post=10550"}],"curies":[{"name":"wp","href":"https:\/\/api.w.org\/{rel}","templated":true}]}}