{"id":10555,"date":"2019-08-20T13:16:36","date_gmt":"2019-08-20T11:16:36","guid":{"rendered":"http:\/\/www.ladislavjakl.cz\/?p=10555"},"modified":"2019-08-20T13:16:36","modified_gmt":"2019-08-20T11:16:36","slug":"nova-doba","status":"publish","type":"post","link":"https:\/\/www.ladislavjakl.cz\/?p=10555","title":{"rendered":"Nov\u00e1 doba"},"content":{"rendered":"<p>Za posledn\u00ed roky se s&nbsp;podneb\u00edm na Zemi nic zvl\u00e1\u0161tn\u00edho nestalo. P\u0159itom hlasitost hysterick\u00e9ho alarmismu se zv\u00fd\u0161ila n\u011bkolikan\u00e1sobn\u011b. O \u010dem to sv\u011bd\u010d\u00ed?<\/p>\n<p><!--more--><\/p>\n<p>Jen o tom, \u017ee alarmist\u00e9 si najali kvalitn\u011bj\u0161\u00ed a dra\u017e\u0161\u00ed medi\u00e1ln\u00ed agentury. Ty dob\u0159e znaj\u00ed svou pr\u00e1ci a tak nejl\u00e9pe v\u011bd\u00ed, \u017ee racion\u00e1ln\u00edmi argumenty nelze c\u00edl\u016f alarmist\u016f dos\u00e1hnout. Je nutno vsadit na jednu kartu. Na kartu emoc\u00ed, citov\u00e9ho vyd\u00edr\u00e1n\u00ed, vnucov\u00e1n\u00ed pocitu viny. K&nbsp;tomu posta\u010d\u00ed k\u00fd\u010dovit\u00e9 ikony, p\u0159est\u0159elen\u00e9 v\u00fdk\u0159iky, burcov\u00e1n\u00ed bez seri\u00f3zn\u011b dolo\u017eiteln\u00e9 p\u0159\u00ed\u010diny.<\/p>\n<p>A co je t\u00edm c\u00edlem? N\u011bkte\u0159\u00ed alarmist\u00e9 u\u017e to \u0159\u00edkaj\u00ed nahlas: zaveden\u00ed v\u00e1le\u010dn\u00e9ho stavu, zaveden\u00ed v\u00e1le\u010dn\u00e9 spr\u00e1vy ekonomiky a \u201edo\u010dasn\u00e9\u201c upozad\u011bn\u00ed demokracie, proto\u017ee na ni ve chv\u00edli nejv\u011bt\u0161\u00edho ohro\u017een\u00ed p\u0159ece nen\u00ed \u010das. Militantn\u00ed kolektivist\u00e9 v\u017edy snili o tom, jak n\u00e1s oberou o zbytky svobody. Nyn\u00ed p\u0159i\u0161li na to, jak to ud\u011blaj\u00ed. Ve v\u00e1lce se v\u0161ichni musej\u00ed uskrovnit, musej\u00ed dodr\u017eovat tuhou discipl\u00ednu a zapomenout na sv\u00e9 individu\u00e1ln\u00ed z\u00e1jmy. A tak tihle zelen\u00ed revolucion\u00e1\u0159i vyhl\u00e1sili v\u00e1lku s&nbsp;podneb\u00edm.&nbsp; Kdy\u017e jde o p\u0159e\u017eit\u00ed lidstva (a o nic men\u0161\u00edho), kdo by se ptal po demokracii, po svobod\u011b \u010di po voln\u00e9m trhu. O podneb\u00ed nejde. Jde o n\u00e1s.<\/p>\n<p>Nast\u00e1v\u00e1 nov\u00e1 doba. Jak j\u00ed budeme \u0159\u00edkat? V&nbsp;dob\u011b postdemokratick\u00e9 u\u017e \u017eijeme. P\u0159ich\u00e1z\u00ed doba postracion\u00e1ln\u00ed.<\/p>\n<p><em>Ladislav Jakl, 16. srpna 2019<\/em><\/p>\n<p><a href=\"http:\/\/institutvk.cz\/clanky\/1380.html\">Zdroj<\/a><\/p>\n","protected":false},"excerpt":{"rendered":"<p>Za posledn\u00ed roky se s&nbsp;podneb\u00edm na Zemi nic zvl\u00e1\u0161tn\u00edho nestalo. P\u0159itom hlasitost hysterick\u00e9ho alarmismu se zv\u00fd\u0161ila n\u011bkolikan\u00e1sobn\u011b. O \u010dem to sv\u011bd\u010d\u00ed?<\/p>\n","protected":false},"author":1,"featured_media":0,"comment_status":"open","ping_status":"open","sticky":false,"template":"","format":"standard","meta":{"ngg_post_thumbnail":0,"footnotes":""},"categories":[1],"tags":[],"class_list":["post-10555","post","type-post","status-publish","format-standard","hentry","category-publikovane-clanky"],"_links":{"self":[{"href":"https:\/\/www.ladislavjakl.cz\/index.php?rest_route=\/wp\/v2\/posts\/10555","targetHints":{"allow":["GET"]}}],"collection":[{"href":"https:\/\/www.ladislavjakl.cz\/index.php?rest_route=\/wp\/v2\/posts"}],"about":[{"href":"https:\/\/www.ladislavjakl.cz\/index.php?rest_route=\/wp\/v2\/types\/post"}],"author":[{"embeddable":true,"href":"https:\/\/www.ladislavjakl.cz\/index.php?rest_route=\/wp\/v2\/users\/1"}],"replies":[{"embeddable":true,"href":"https:\/\/www.ladislavjakl.cz\/index.php?rest_route=%2Fwp%2Fv2%2Fcomments&post=10555"}],"version-history":[{"count":1,"href":"https:\/\/www.ladislavjakl.cz\/index.php?rest_route=\/wp\/v2\/posts\/10555\/revisions"}],"predecessor-version":[{"id":10556,"href":"https:\/\/www.ladislavjakl.cz\/index.php?rest_route=\/wp\/v2\/posts\/10555\/revisions\/10556"}],"wp:attachment":[{"href":"https:\/\/www.ladislavjakl.cz\/index.php?rest_route=%2Fwp%2Fv2%2Fmedia&parent=10555"}],"wp:term":[{"taxonomy":"category","embeddable":true,"href":"https:\/\/www.ladislavjakl.cz\/index.php?rest_route=%2Fwp%2Fv2%2Fcategories&post=10555"},{"taxonomy":"post_tag","embeddable":true,"href":"https:\/\/www.ladislavjakl.cz\/index.php?rest_route=%2Fwp%2Fv2%2Ftags&post=10555"}],"curies":[{"name":"wp","href":"https:\/\/api.w.org\/{rel}","templated":true}]}}