{"id":10559,"date":"2019-08-20T13:19:32","date_gmt":"2019-08-20T11:19:32","guid":{"rendered":"http:\/\/www.ladislavjakl.cz\/?p=10559"},"modified":"2019-08-20T13:19:32","modified_gmt":"2019-08-20T11:19:32","slug":"ladislav-jakl-krtil-knihu-padaly-narazky-na-hru-od-havla-i-vtipy-na-konsky-ohon-a-profesora-lukese-z-bostonu","status":"publish","type":"post","link":"https:\/\/www.ladislavjakl.cz\/?p=10559","title":{"rendered":"Ladislav Jakl k\u0159til knihu. Padaly nar\u00e1\u017eky na hru od Havla i vtipy na ko\u0148sk\u00fd ohon a profesora Luke\u0161e z Bostonu"},"content":{"rendered":"<p>Svoboda je v ohro\u017een\u00ed a lid\u00e9 si to neuv\u011bdom\u00ed, dokud ji zcela neztrat\u00ed. D\u016frazn\u00e9 varov\u00e1n\u00ed p\u0159ed nov\u00fdmi formami totalitn\u00edho my\u0161len\u00ed a praktik zazn\u011bly ve \u010dtvrtek odpoledne v zahrad\u011b hanspaulsk\u00e9ho z\u00e1me\u010dku, kde s\u00eddl\u00ed Institut V\u00e1clava Klause. Exprezident\u016fv letit\u00fd spolupracovn\u00edk Ladislav Jakl zde p\u0159edstavoval svou novou knihu.<\/p>\n<p><!--more--><\/p>\n<p>\u201eV\u00edtejte na zahradn\u00ed slavnosti,\u201c utahovali si hostitel\u00e9 Institutu V\u00e1clava Klause ve \u010dtvrtek v nar\u00e1\u017ece na medi\u00e1ln\u00ed prezentaci v\u00edkendov\u00e9ho \u201eVlasteneck\u00e9ho setk\u00e1n\u00ed\u201c v P\u0159\u00ed\u010dovech, kter\u00e9 bylo v\u00fdrazn\u011b kritizov\u00e1no. Organiz\u00e1to\u0159i kritizovan\u00e9 akce toti\u017e v \u017e\u00e1dosti o dotaci pou\u017eili term\u00edn zahradn\u00ed slavnost.&nbsp;<\/p>\n<p>Ale zp\u011bt na pra\u017eskou Hanspaulku. V s\u00eddle exprezidenta V\u00e1clava Klause se ve \u010dtvrtek uskute\u010dnila se\u0161lost t\u011bch nejv\u011brn\u011bj\u0161\u00edch, aby spole\u010dn\u011b pustili do sv\u011bta novou knihu Ladislava Jakla, letit\u00e9ho Klausova bl\u00edzk\u00e9ho spolupracovn\u00edka a dnes i \u010dlena Rady pro rozhlasov\u00e9 a televizn\u00ed vys\u00edl\u00e1n\u00ed.<\/p>\n<p>Kniha&nbsp;<em>Z Hanspaulky o svobod\u011b<\/em>&nbsp;d\u00e1v\u00e1 dohromady Jaklovy texty z posledn\u00edch let, v\u010detn\u011b nap\u0159\u00edklad jeho rozhovor\u016f pro Parlamentn\u00edListy.cz.&nbsp;<\/p>\n<section class=\"section-brown section-inarticle poll\">\n<div class=\"well well-rounded\">\n<div>Akce se krom\u011b autora z\u00fa\u010dastnil b\u00fdval\u00fd prezident V\u00e1clav Klaus, kter\u00fd se hned v \u00favodu pochv\u00e1lil, \u017ee z\u0159ejm\u011b jako jedin\u00fd tu knihu stihl celou p\u0159e\u010d\u00edst a ud\u011blat si v n\u00ed pozn\u00e1mky a m\u00edt \u0159adu v\u011bc\u00ed pov\u011bstn\u011b podtrhanou.&nbsp;<\/div>\n<\/div>\n<\/section>\n<p>\u201eJsem asi jedin\u00fd, kdo je stra\u0161n\u011b piln\u00fd a proto, kdy\u017e kn\u00ed\u017eka v p\u00e1tek vznikla, u\u017e ji m\u00e1m p\u0159e\u010dtenou. Jestli se chcete pod\u00edvat, uvid\u00edte tady, \u017ee je pe\u010dliv\u011b podtrhan\u00e1. To je v\u011bc, kterou ani \u0159editel Weigl neud\u011blal v \u017e\u00e1dn\u00e9m p\u0159\u00edpad\u011b,\u201c vtipkoval exprezident Klaus na \u00favod setk\u00e1n\u00ed.<\/p>\n<p>\u201eS jistou autoritou \u010dlov\u011bka, kter\u00fd to p\u0159es v\u00edkend p\u0159e\u010detl, chci \u0159\u00edct d\u016fle\u017eitou v\u011bc. Tro\u0161ku jsem L\u00e1\u010fu Jakla v posledn\u00ed dob\u011b po\u0161\u0165uchoval, aby nepsal jen kr\u00e1tk\u00e9 texty, ale psal i z\u00e1sadn\u011bj\u0161\u00ed v\u011bci. Nejen takov\u00e9 jednostr\u00e1nkov\u00e9 blogy a koment\u00e1\u0159e. A po p\u0159e\u010dten\u00ed t\u00e9to kn\u00ed\u017eky mus\u00edm \u0159\u00edct, \u017ee jsem se m\u00fdlil. Je vid\u011bt, \u017ee lze jasn\u00e9 politick\u00e9 konzistentn\u00ed a spole\u010denskov\u011bdn\u00ed postoje vyj\u00e1d\u0159it i pomoc\u00ed kr\u00e1tk\u00fdch text\u00edk\u016f. Tato kniha to jasn\u011b demonstruje.<\/p>\n<p>Prohla\u0161uji, \u017ee n\u00e1zory vyj\u00e1d\u0159en\u00e9 v knize, to je sukus n\u00e1zor\u016f IVK na d\u011bn\u00ed dne\u0161n\u00ed doby a je dob\u0159e, \u017ee tato kn\u00ed\u017eka vznikla. Chci pod\u011bkovat jako ob\u010dasn\u00fd kritik toho, \u017ee se fl\u00e1k\u00e1te a p\u00ed\u0161ete dvoustr\u00e1nkov\u00e9 \u010dl\u00e1nky m\u00edsto dvacetistr\u00e1nkov\u00fdch,\u201d dodal Klaus.<\/p>\n<p>Ladislav Jakl coby autor upozornil i na ob\u00e1lku knihy, na jej\u00ed\u017e tituln\u00ed stran\u011b je ko\u0148sk\u00fd ohon. Jakl toti\u017e cel\u00e1 l\u00e9ta nos\u00ed dlouh\u00e9 vlasy sta\u017een\u00e9 do cul\u00edku. To p\u0159ed \u010dasem vedlo k osobn\u00edmu \u00fatoku na jeho osobu ze strany \u010desko-americk\u00e9ho profesora Luke\u0161e. Ten v televizn\u00ed debat\u011b m\u00edsto argumentace na Jaklova slova uvedl, \u017ee jeho jedinou kvalifikac\u00ed je ko\u0148sk\u00fd ohon, co m\u00e1 na hlav\u011b.<\/p>\n<p>\u201ePo\u0161lete tu knihu Luke\u0161ovi do USA,\u201c \u0159ekl b\u011bhem akce jeden z host\u016f akce na Hanspaulce. \u0160\u00e9f Institutu V\u00e1clava Klause Ji\u0159\u00ed Weigl k tomu poznamenal, \u017ee krom ko\u0148sk\u00e9ho ohonu na ob\u00e1lce s t\u00edm je i \u010d\u00e1st ko\u0148sk\u00e9ho pozad\u00ed. \u201eZjevn\u011b ta \u010d\u00e1st t\u011bla vyjad\u0159uje dne\u0161n\u00ed dobu a situaci, ve kter\u00e9 se spole\u010dnost nach\u00e1z\u00ed,\u201c \u0159ekl nadnesen\u011b.<\/p>\n<p><img decoding=\"async\" src=\"https:\/\/cms.parlamentnilisty.cz\/image.ashx?id=143695&amp;f=IMG_6104_637015360117087142.jpg&amp;w=632&amp;h=307\" alt=\"\"><\/p>\n<p>Autor Ladislav Jakl vysv\u011btlil, pro\u010d v n\u00e1zvu knihy pou\u017eil term\u00edn svoboda. \u201eKniha se jmenuje&nbsp;<em>Z Hanspaulky o svobod\u011b<\/em>. Pro\u010d o svobod\u011b? V\u0161e, co posledn\u00ed l\u00e9ta d\u011bl\u00e1m, se tak \u010di tak svobody t\u00fdk\u00e1. O svobod\u011b se posledn\u00ed dobou mluv\u00ed m\u00e1lo a kdy\u017e u\u017e, tak mo\u017en\u00e1 ve fr\u00e1z\u00edch. Jinak se mluv\u00ed o r\u016fzn\u00fdch dobrech, prosp\u011b\u0161nostech. Je to t\u00edm, \u017ee lid\u00e9 po svobod\u011b netou\u017e\u00ed, pokud jim n\u011bjak stra\u0161liv\u011b nechyb\u00ed. V z\u00e1kladn\u00edm dilematu, jestli je v\u00edc dobro nebo svoboda, lid\u00e9 ut\u00edkaj\u00ed k r\u016fzn\u00e9mu dobru a svobodu t\u00edm ztr\u00e1cej\u00ed,\u201c je p\u0159esv\u011bd\u010den.<\/p>\n<p>\u201eLid\u00e9 si ur\u010dit\u00fd typ nesvobody objedn\u00e1vaj\u00ed sami. Kdy\u017e se n\u011bkomu n\u011bco nel\u00edb\u00ed, \u0159ekne si, \u017ee by bylo dobr\u00e9 to tro\u0161ku zregulovat. A v tom je past, do kter\u00e9 padaj\u00ed lid\u00e9 kolem n\u00e1s. Jestli m\u00e1 tato kn\u00ed\u017eka n\u011b\u010demu p\u0159isp\u011bt, pak tomu, abychom se t\u00e9 pasti vyhnuli. Nep\u0159ipus\u0165me, aby n\u00e1m n\u011bkdo distribuoval dobro podle sv\u00fdch p\u0159edstav v\u00fdm\u011bnou za na\u0161i svobodu,\u201c dodal Ladislav Jakl.<\/p>\n<p>P\u0159\u00edpitek na po\u010dest vyd\u00e1n\u00ed knihy neprob\u011bhl se sektem, jak b\u00fdv\u00e1 u takov\u00fdch p\u0159\u00edle\u017eitost\u00ed zvykem. Jakl je pov\u011bstn\u00fd milovn\u00edk piva, tak\u017ee zrzav\u00fd n\u00e1poj nemohl chyb\u011bt ani zde. \u201eUm\u00edte si n\u011bkdo p\u0159edstavit m\u011b se skleni\u010dkou sektu? Muselo to b\u00fdt pivo,\u201d poznamenal k tomu s\u00e1m autor.<\/p>\n<p>Akce se v zahrad\u011b hanspaulsk\u00e9ho z\u00e1me\u010dku z\u00fa\u010dastnili t\u0159eba hudebn\u00edk a novin\u00e1\u0159 Ond\u0159ej Hejma, ekonom Du\u0161an T\u0159\u00edska, poslanec ODS Jan Skope\u010dek, publicista Michal Sem\u00edn \u010di pr\u00e1vn\u00edk a expert na unijn\u00ed pr\u00e1vo Tom\u00e1\u0161 B\u0159ich\u00e1\u010dek. Nechyb\u011bl ani protokol\u00e1\u0159 Jind\u0159ich Forejt, kter\u00fd krom dal\u0161\u00edch projekt\u016f st\u00e1le pro Institut V\u00e1clava Klause pracuje.<\/p>\n<p><a href=\"https:\/\/www.parlamentnilisty.cz\/arena\/monitor\/Ladislav-Jakl-krtil-knihu-Padaly-narazky-na-hru-od-Havla-i-vtipy-na-konsky-ohon-a-profesora-Lukese-z-Bostonu-592667\">Zdroj<\/a><\/p>\n","protected":false},"excerpt":{"rendered":"<p>Svoboda je v ohro\u017een\u00ed a lid\u00e9 si to neuv\u011bdom\u00ed, dokud ji zcela neztrat\u00ed. D\u016frazn\u00e9 varov\u00e1n\u00ed p\u0159ed nov\u00fdmi formami totalitn\u00edho my\u0161len\u00ed a praktik zazn\u011bly ve \u010dtvrtek odpoledne v zahrad\u011b hanspaulsk\u00e9ho z\u00e1me\u010dku, kde s\u00eddl\u00ed Institut V\u00e1clava Klause. Exprezident\u016fv letit\u00fd spolupracovn\u00edk Ladislav Jakl zde p\u0159edstavoval svou novou knihu.<\/p>\n","protected":false},"author":1,"featured_media":0,"comment_status":"open","ping_status":"open","sticky":false,"template":"","format":"standard","meta":{"ngg_post_thumbnail":0,"footnotes":""},"categories":[11],"tags":[],"class_list":["post-10559","post","type-post","status-publish","format-standard","hentry","category-ozvena"],"_links":{"self":[{"href":"https:\/\/www.ladislavjakl.cz\/index.php?rest_route=\/wp\/v2\/posts\/10559","targetHints":{"allow":["GET"]}}],"collection":[{"href":"https:\/\/www.ladislavjakl.cz\/index.php?rest_route=\/wp\/v2\/posts"}],"about":[{"href":"https:\/\/www.ladislavjakl.cz\/index.php?rest_route=\/wp\/v2\/types\/post"}],"author":[{"embeddable":true,"href":"https:\/\/www.ladislavjakl.cz\/index.php?rest_route=\/wp\/v2\/users\/1"}],"replies":[{"embeddable":true,"href":"https:\/\/www.ladislavjakl.cz\/index.php?rest_route=%2Fwp%2Fv2%2Fcomments&post=10559"}],"version-history":[{"count":1,"href":"https:\/\/www.ladislavjakl.cz\/index.php?rest_route=\/wp\/v2\/posts\/10559\/revisions"}],"predecessor-version":[{"id":10560,"href":"https:\/\/www.ladislavjakl.cz\/index.php?rest_route=\/wp\/v2\/posts\/10559\/revisions\/10560"}],"wp:attachment":[{"href":"https:\/\/www.ladislavjakl.cz\/index.php?rest_route=%2Fwp%2Fv2%2Fmedia&parent=10559"}],"wp:term":[{"taxonomy":"category","embeddable":true,"href":"https:\/\/www.ladislavjakl.cz\/index.php?rest_route=%2Fwp%2Fv2%2Fcategories&post=10559"},{"taxonomy":"post_tag","embeddable":true,"href":"https:\/\/www.ladislavjakl.cz\/index.php?rest_route=%2Fwp%2Fv2%2Ftags&post=10559"}],"curies":[{"name":"wp","href":"https:\/\/api.w.org\/{rel}","templated":true}]}}