{"id":1059,"date":"2011-06-10T13:49:27","date_gmt":"2011-06-10T12:49:27","guid":{"rendered":"http:\/\/www.ladislavjakl.cz\/?p=1059"},"modified":"2011-06-10T13:49:27","modified_gmt":"2011-06-10T12:49:27","slug":"l-j-pro-casopis-rentgen","status":"publish","type":"post","link":"https:\/\/www.ladislavjakl.cz\/?p=1059","title":{"rendered":"L.J. pro \u010dasopis Rentgen"},"content":{"rendered":"<p>Ladislava Jakla snad nem\u00e1 cenu p\u0159\u00edli\u0161 p\u0159edstavovat. Pokud by se v\u0161ak n\u011bkdo nechytal, pan Jakl je tajemn\u00edkem prezidenta \u010cesk\u00e9 republiky, je to, ale i hudebn\u00edk. V\u00a0sou\u010dasn\u00e9 dob\u011b m\u00e1 svou vlastn\u00ed kapelu Folimanka Blues. D\u0159\u00edve se zab\u00fdval novina\u0159inou, psal nap\u0159\u00edklad pro lidov\u00e9 noviny\u2026<\/p>\n<p><!--more--><\/p>\n<p><strong>Dobr\u00fd den,<\/strong><strong> d\u011bkuji mnohokr\u00e1t, \u017ee jste si na m\u011b ud\u011blal \u010das.\u00a0A tak pro za\u010d\u00e1tek:<br \/>\nJak si u\u017e\u00edv\u00e1te tyto kr\u00e1sn\u00e9 jarn\u00ed dny?<\/strong><\/p>\n<p>No, p\u0159izn\u00e1m se, \u017ee jsem cel\u00e9 d\u011btstv\u00ed i ml\u00e1d\u00ed jaro docela nesn\u00e1\u0161el. Jako alergik jsem si ho v\u017edy sp\u00ed\u0161 protrp\u011bl. Ale jak st\u00e1rnu, tak tomu jaru za\u010d\u00edn\u00e1m p\u0159ich\u00e1zet na chu\u0165. A hlavn\u011b: miluji posezen\u00ed u piva n\u011bkde venku na zahr\u00e1dce. Ostatn\u011b, napsal jsem o tom p\u00edsni\u010dku u\u017e v roce 1981. V m\u00e1ji toti\u017e otev\u00edraj zahrad\u0148a\u010dky&#8230;<\/p>\n<p><strong>V\u00edm, \u017ee jste vystudoval \u017eurnalistiku. Co V\u00e1s k tomuto oboru p\u0159ivedlo? M\u011bl jste o n\u011bm jasno ji\u017e na st\u0159edn\u00ed \u0161kole? Jakou jste m\u011bl p\u0159edstavu o sv\u00e9m uplatn\u011bn\u00ed v novina\u0159in\u011b p\u0159ed rokem 1989?<\/strong><\/p>\n<p>Up\u0159\u00edmn\u011b \u0159e\u010deno, novin\u00e1\u0159em jsem ani moc b\u00fdt necht\u011bl. (I kdy\u017e r\u016fzn\u00e9 sv\u00e9 \u010dasopisy jsem vyd\u00e1val u\u017e od sv\u00fdch osmi let.) A hlavn\u011b jsem v\u016fbec nepo\u010d\u00edtal s t\u00edm, \u017ee bych se v dob\u00e1ch komunismu se sv\u00fdmi n\u00e1zory v\u016fbec mohl novin\u00e1\u0159em st\u00e1t. Na \u017eurnalistiku jsem \u0161el hlavn\u011b proto, \u017ee jsem ji pova\u017eoval za jak\u00e9si prodlou\u017een\u00e9 gymn\u00e1zium. Prost\u011b jsem se cht\u011bl vyhnout p\u0159\u00edli\u0161 \u010dasn\u00e9 specializaci na n\u011bjak\u00fd obor, jsem \u010dlov\u011bk sp\u00ed\u0161e univerz\u00e1ln\u00ed. N\u011bkdo tomu spr\u00e1vn\u011b \u0159\u00edk\u00e1 povrchn\u00ed. &#8222;Tv\u00e1\u0159\u00ed se, \u017ee um\u00ed v\u0161echno, a po\u0159\u00e1dn\u011b neum\u00ed nic.&#8220; To jsem j\u00e1.<\/p>\n<p><strong>P\u0159edpokl\u00e1d\u00e1m, \u017ee rok 1989 byl pro V\u00e1s z\u00e1sadn\u00ed. Um\u011bl jste si p\u0159edstavit ji\u017e tehdy v\u00fdvoj sv\u00e9 profesn\u00ed kariery, anebo zas\u00e1hla n\u00e1hoda?<\/strong><strong><br \/>\n<\/strong><br \/>\nAni tehdy ani nikdy jindy. Nikdy jsem si svou budoucnost nepl\u00e1noval ani nebudoval. Prost\u011b jsem se v\u017edy sna\u017eil \u0159\u00edkat \u010di ps\u00e1t to, co pova\u017euji za spr\u00e1vn\u00e9. A ono to \u010dlov\u011bka v\u017edycky samo n\u011bkam dokut\u00e1l\u00ed. N\u011bkdy k m\u00e9mu p\u0159ekvapen\u00ed.<\/p>\n<p><strong>A co je nyn\u00ed p\u0159esnou n\u00e1pln\u00ed Va\u0161\u00ed pr\u00e1ce?<\/strong><strong><br \/>\n<\/strong><br \/>\nJsem st\u00e1tn\u00ed \u00fa\u0159edn\u00edk. Jako tajemn\u00edk prezidenta jsem prost\u011b \u010dlov\u011bkem, kter\u00fd je prvn\u00ed na r\u00e1n\u011b. K dispozici pro jakoukoli konzultaci. A jako \u0159editel Odboru politick\u00e9ho Kancel\u00e1\u0159e prezidenta republiky m\u00e1m na starosti veden\u00ed dvou odd\u011blen\u00ed: odd\u011blen\u00ed expert\u016f a Odd\u011blen\u00ed pro styk s ve\u0159ejnost\u00ed, co\u017e je takov\u00fd hradn\u00ed ombudsman.<\/p>\n<p><strong>Co V\u00e1s bav\u00ed na pr\u00e1ci pro prezidenta republiky?<\/strong><strong><br \/>\n<\/strong><br \/>\nPohled z okna. Hrad je n\u00e1dhern\u00e9 m\u00edsto a j\u00e1 si moc v\u00e1\u017e\u00edm, \u017ee tu m\u016f\u017eu pracovat. Bav\u00ed m\u011b v\u011bcn\u00e1 t\u00e9mata, vlastn\u00ed obsah politiky. Nebav\u00ed m\u011b zab\u00fdvat se kdo s k\u00fdm, proti komu&#8230;<\/p>\n<p><strong>A je pan prezident dobr\u00fd \u0161\u00e9f?<\/strong><strong><br \/>\n<\/strong><\/p>\n<p>Je. Jen je a\u017e p\u0159\u00edli\u0161 pracovit\u00fd. Ob\u010das nesnesiteln\u011b.<\/p>\n<p><strong>Co pova\u017eujete za \u00fasp\u011bch ve sv\u00e9 pr\u00e1ci, na co jste opravdu hrd\u00fd, pro na\u0161i vlast?<\/strong><\/p>\n<p>Jsem hrd\u00fd za ka\u017ed\u00e9 dobr\u00e9 stanovisko, kter\u00e9 se mi poda\u0159\u00ed inspirovat \u010di k n\u011bmu n\u011bjak pomoci. A je mi jedno, \u017ee ho \u0159\u00edk\u00e1 n\u011bkdo jin\u00fd. Aspo\u0148 zn\u00ed hlasit\u011bji, ne\u017e kdybych ho \u0159\u00edkal j\u00e1.<\/p>\n<p><strong>Jak\u00e9 jsou Va\u0161e profesn\u00ed pl\u00e1ny do budoucna?<\/strong><\/p>\n<p>\u017d\u00e1dn\u00e9. Budu pozorovat sm\u011br toho kut\u00e1len\u00ed.<\/p>\n<p><strong>Co si mysl\u00edte o st\u00e1tn\u00edch maturit\u00e1ch? Zkusil jste si je?<\/strong><\/p>\n<p>Nezkusil. Ale na rozd\u00edl od sv\u00e9ho \u0161\u00e9fa je podporuji. J\u00e1 na rozd\u00edl od n\u011bj nem\u00e1m za syna \u0159editele gymn\u00e1zia a nejsem tud\u00ed\u017e ovlivn\u011bn. Pokud st\u00e1t st\u0159edn\u00ed \u0161kolstv\u00ed plat\u00ed, pak m\u00e1 st\u00e1t i porou\u010det, co se m\u00e1 u\u010dit. Alespo\u0148 v nejz\u00e1kladn\u011bj\u0161\u00edch rysech. A\u017e budou \u0161koly obchodn\u00ed instituce, poskytuj\u00edc\u00ed za \u00faplatu vzd\u011bl\u00e1n\u00ed mlad\u00fdm z\u00e1kazn\u00edk\u016fm bez p\u0159\u00edsp\u011bvku st\u00e1tu, tak pak a\u0165 si u\u010d\u00ed, co cht\u011bj\u00ed.<br \/>\n<strong><br \/>\nCo byste vzk\u00e1zal dne\u0161n\u00edm st\u0159edo\u0161kol\u00e1k\u016fm?<\/strong><\/p>\n<p>Moc se nec\u00edt\u00edm opr\u00e1vn\u011bn jim n\u011bco vzkazovat. A\u0165 si u\u017e\u00edvaj\u00ed \u017eivota, a\u0165 si ho nezkaz\u00ed n\u011bjakou blbost\u00ed.<\/p>\n<p><strong>V\u00edm, \u017ee se ve voln\u00e9m \u010dase v\u011bnujete bigbeatu. Co pro V\u00e1s hudba znamen\u00e1 a pokud byste j\u00ed musel ob\u011btovat svou kari\u00e9ru, ud\u011blal byste to?<\/strong><strong><br \/>\n<\/strong><br \/>\nNeud\u011blal. Rad\u011bji jsem jel p\u0159ed dv\u011bma t\u00fddny hr\u00e1t do Krom\u011b\u0159\u00ed\u017ee ne\u017e se \u0161\u00e9fem do Latinsk\u00e9 Ameriky.<\/p>\n<p><strong>Jakou m\u00e1te r\u00e1d hudbu?<\/strong><\/p>\n<p>Pus\u0165te si Led Zeppelin, oto\u010dte volume doprava na maximum a p\u0159e\u017eijte jednu p\u00edse\u0148. Pak budete m\u00edt odpov\u011b\u010f na tuhle ot\u00e1zku.<\/p>\n<p><strong>Dob\u0159e, to vyzkou\u0161\u00edm. A co je jinak pro V\u00e1s absolutn\u00ed relax?<\/strong><\/p>\n<p>P\u0159ece takov\u00e9hle rozhovory.<\/p>\n<p><strong>Tak to jsem r\u00e1da, je\u0161t\u011b jednou V\u00e1m velmi d\u011bkuji za V\u00e1\u0161 \u010das a ochotu. Bylo mi pot\u011b\u0161en\u00edm.<\/strong><\/p>\n<p>Nen\u00ed za\u010d. A \u017ee zdrav\u00edm maminku.<\/p>\n","protected":false},"excerpt":{"rendered":"<p>Ladislava Jakla snad nem\u00e1 cenu p\u0159\u00edli\u0161 p\u0159edstavovat. Pokud by se v\u0161ak n\u011bkdo nechytal, pan Jakl je tajemn\u00edkem prezidenta \u010cesk\u00e9 republiky, je to, ale i hudebn\u00edk. V\u00a0sou\u010dasn\u00e9 dob\u011b m\u00e1 svou vlastn\u00ed kapelu Folimanka Blues. D\u0159\u00edve se zab\u00fdval novina\u0159inou, psal nap\u0159\u00edklad pro lidov\u00e9 noviny\u2026<\/p>\n","protected":false},"author":1,"featured_media":0,"comment_status":"open","ping_status":"open","sticky":false,"template":"","format":"standard","meta":{"ngg_post_thumbnail":0,"footnotes":""},"categories":[13],"tags":[],"class_list":["post-1059","post","type-post","status-publish","format-standard","hentry","category-rozhovory"],"_links":{"self":[{"href":"https:\/\/www.ladislavjakl.cz\/index.php?rest_route=\/wp\/v2\/posts\/1059","targetHints":{"allow":["GET"]}}],"collection":[{"href":"https:\/\/www.ladislavjakl.cz\/index.php?rest_route=\/wp\/v2\/posts"}],"about":[{"href":"https:\/\/www.ladislavjakl.cz\/index.php?rest_route=\/wp\/v2\/types\/post"}],"author":[{"embeddable":true,"href":"https:\/\/www.ladislavjakl.cz\/index.php?rest_route=\/wp\/v2\/users\/1"}],"replies":[{"embeddable":true,"href":"https:\/\/www.ladislavjakl.cz\/index.php?rest_route=%2Fwp%2Fv2%2Fcomments&post=1059"}],"version-history":[{"count":1,"href":"https:\/\/www.ladislavjakl.cz\/index.php?rest_route=\/wp\/v2\/posts\/1059\/revisions"}],"predecessor-version":[{"id":1060,"href":"https:\/\/www.ladislavjakl.cz\/index.php?rest_route=\/wp\/v2\/posts\/1059\/revisions\/1060"}],"wp:attachment":[{"href":"https:\/\/www.ladislavjakl.cz\/index.php?rest_route=%2Fwp%2Fv2%2Fmedia&parent=1059"}],"wp:term":[{"taxonomy":"category","embeddable":true,"href":"https:\/\/www.ladislavjakl.cz\/index.php?rest_route=%2Fwp%2Fv2%2Fcategories&post=1059"},{"taxonomy":"post_tag","embeddable":true,"href":"https:\/\/www.ladislavjakl.cz\/index.php?rest_route=%2Fwp%2Fv2%2Ftags&post=1059"}],"curies":[{"name":"wp","href":"https:\/\/api.w.org\/{rel}","templated":true}]}}