{"id":1062,"date":"2011-06-10T13:52:11","date_gmt":"2011-06-10T12:52:11","guid":{"rendered":"http:\/\/www.ladislavjakl.cz\/?p=1062"},"modified":"2011-06-10T13:52:11","modified_gmt":"2011-06-10T12:52:11","slug":"ladislav-jakl-soucasna-politika-je-spina","status":"publish","type":"post","link":"https:\/\/www.ladislavjakl.cz\/?p=1062","title":{"rendered":"Ladislav Jakl: Sou\u010dasn\u00e1 politika je \u0161p\u00edna!"},"content":{"rendered":"<p><strong> Tajemn\u00edk prezidenta republiky Ladislav Jakl mluvil v  rozhovoru pro R\u00e1dio Impuls o aktu\u00e1ln\u00ed situaci ve vl\u00e1dn\u00ed koalici. <\/strong><\/p>\n<p><strong><!--more-->Moder\u00e1tor (V\u00e1clav Moravec):<br \/>\nP\u0159ed rokem jmenoval prezident V\u00e1clav Klaus Petra Ne\u010dase \u010desk\u00fdm  premi\u00e9rem. U\u017e rok spravuje zemi Ne\u010das\u016fv kabinet. V\u00a0uplynul\u00e9m roce se  vl\u00e1da pot\u00fdkala hned s\u00a0n\u011bkolika krizemi. Ned\u016fv\u011bru mezi koali\u010dn\u00edmi  partnery m\u016f\u017ee ve\u0159ejnost sledovat i te\u010f. V\u011bci ve\u0159ejn\u00e9 u\u017e n\u011bkolik t\u00fddn\u016f  zva\u017euj\u00ed, zda kabinet neopust\u00ed.<\/strong><\/p>\n<p>Z\u00e1znam Radka Johna:<br \/>\nZ\u00e1vazky z\u00a0koali\u010dn\u00ed smlouvy jsou v\u00a0t\u00e9to chv\u00edli poru\u0161eny a proto V\u011bci  ve\u0159ejn\u00e9 vypov\u00eddaj\u00ed koali\u010dn\u00ed smlouvu k\u00a030. \u010dervnu roku 2011, pokud nebude  do t\u00e9 doby uzav\u0159en p\u00edsemn\u00fd dodatek koali\u010dn\u00ed smlouvy. Term\u00edn jsme ur\u010dili  tak\u00e9 kv\u016fli \u0159\u00e1dn\u00e9mu ukon\u010den\u00ed st\u00e1tn\u00edch maturit a sch\u016fze Sn\u011bmovny. Jsme  p\u0159ipraveni jednat o p\u00edsemn\u00e9m dodatku koali\u010dn\u00ed smlouvy.<\/p>\n<p><strong>Moder\u00e1tor (V\u00e1clav Moravec):<br \/>\nKonstatoval v\u00a0\u00fater\u00fd p\u0159edseda V\u011bc\u00ed ve\u0159ejn\u00fdch Radek John. Ve\u0159ejnost je,  soud\u011b alespo\u0148 podle sociologick\u00fdch v\u00fdzkum\u016f, unavena z\u00a0opakuj\u00edc\u00edch se  vl\u00e1dn\u00edch kriz\u00ed. Nejen o tom bude \u0159e\u010d v\u00a0n\u00e1sleduj\u00edc\u00edch minut\u00e1ch, proto\u017ee  hostem dne\u0161n\u00edch Impuls\u016f je tajemn\u00edk prezidenta a \u0159editel politick\u00e9ho  odboru Kancel\u00e1\u0159e prezidenta republiky Ladislav Jakl. V\u00edtejte po \u010dase  v\u00a0R\u00e1diu Impuls.<\/strong><\/p>\n<p>Host (Ladislav Jakl):<br \/>\nDobr\u00e9 odpoledne.<\/p>\n<p><strong>Moder\u00e1tor (V\u00e1clav Moravec):<br \/>\nP\u0159eji hezk\u00fd dobr\u00fd podve\u010der.<\/strong><\/p>\n<p>Host (Ladislav Jakl):<br \/>\nD\u011bkuji za pozv\u00e1n\u00ed.<\/p>\n<p><strong>Moder\u00e1tor (V\u00e1clav Moravec):<br \/>\nP\u0159edpokl\u00e1d\u00e1m, \u017ee v\u00e1s jako politick\u00e9ho \u0159editele Kancel\u00e1\u0159e prezidenta republiky st\u00e1le politika bav\u00ed, je to tak?<\/strong><\/p>\n<p>Host (Ladislav Jakl):<br \/>\nV\u00edte, jde o to, co naz\u00fdv\u00e1me politikou. J\u00e1 jsem v\u017edycky za politiku  pova\u017eoval st\u0159et r\u016fzn\u00fdch idej\u00ed, koncept\u016f, sout\u011b\u017e mezi nimi. \u017de bych za  politiku pova\u017eoval to, \u017ee se ka\u017ed\u00fd den pod\u00edv\u00e1m na televizi nebo kouknu  na noviny, u\u017e skoro abych se b\u00e1l, a vid\u00edm tam jednu kauzu za druhou  takzvanou, kdy se jedna strana sna\u017e\u00ed p\u0159es m\u00e9dia o\u010dernit druhou,  vypuk\u00e1vaj\u00ed r\u016fzn\u00e9 skand\u00e1ly, tomu j\u00e1 snad ani nem\u016f\u017eu \u0159\u00edkat politika.<\/p>\n<p><strong>Moder\u00e1tor (V\u00e1clav Moravec):<br \/>\nJak to naz\u00fdv\u00e1te?<\/strong><\/p>\n<p>Host (Ladislav Jakl):<br \/>\nTo m\u011b nebav\u00ed.<\/p>\n<p><strong>Moder\u00e1tor (V\u00e1clav Moravec):<br \/>\nA jak to popisujete, kdy\u017e to nen\u00ed politika, to, co sledujeme v\u00a0\u010cesku?<\/strong><\/p>\n<p>Host (Ladislav Jakl):<br \/>\nTo je n\u011bjak\u00e1 \u0161p\u00edna nebo j\u00e1 nev\u00edm, jak tomu \u0159\u00edkat. Prost\u011b medi\u00e1ln\u00ed vz\u00e1jemn\u00e9 o\u010der\u0148ov\u00e1n\u00ed\u2026<\/p>\n<p><strong>Moder\u00e1tor (V\u00e1clav Moravec):<br \/>\nRozum\u00edte tomu je\u0161t\u011b, kdy\u017e jste \u0159editelem politick\u00e9ho odboru Kancel\u00e1\u0159e  prezidenta a zpracov\u00e1v\u00e1te ty anal\u00fdzy, co se v\u00a0\u010desk\u00e9 politice d\u011bje,  rozum\u00edte tomu?<\/strong><\/p>\n<p>Host (Ladislav Jakl):<br \/>\nV\u00edte, j\u00e1 anal\u00fdzy z\u00a0t\u011bchto r\u016fzn\u00fdch p\u0159est\u0159elek ani nezpracov\u00e1v\u00e1m, j\u00e1 jsem  skoro u\u017e l\u00edn\u00fd to \u010d\u00edst a pro\u010d\u00edtat a d\u00edvat se na to, proto\u017ee ona se n\u00e1m  opravdu politika posledn\u00ed m\u011bs\u00edce, nejm\u00e9n\u011b, smrskla na jednotliv\u00e9  p\u0159est\u0159elky o jednotliv\u00fdch kauz\u00e1ch. Ale \u017ee bychom sly\u0161eli n\u011bjakou z\u00e1sadn\u00ed  fundament\u00e1ln\u00ed debatu o ideov\u00fdch v\u011bcn\u00fdch programov\u00fdch v\u00fdchodisc\u00edch  soci\u00e1ln\u00ed reformy, zdravotn\u00ed, d\u016fchodov\u00e9, da\u0148ov\u00e9 nebo n\u011bco podobn\u011b,  v\u017edycky n\u00e1m n\u011bkdo jenom vypust\u00ed n\u011bjak\u00e9ho b\u00edl\u00e9ho psa v\u00a0podob\u011b  jednotliv\u00e9ho n\u00e1vrhu, na kter\u00e9ho se sesypou novin\u00e1\u0159i\u2026<\/p>\n<p><strong>Moder\u00e1tor (V\u00e1clav Moravec):<br \/>\nViz amalg\u00e1mov\u00e9 plomby.<\/strong><\/p>\n<p>Host (Ladislav Jakl):<br \/>\nTo jste \u0159ekl \u00fapln\u011b p\u0159esn\u011b.<\/p>\n<p><strong>Moder\u00e1tor (V\u00e1clav Moravec):<br \/>\nKter\u00fdmi jsme \u017eili uplynul\u00fdch 14 dn\u00ed.<\/strong><\/p>\n<p>Host (Ladislav Jakl):<br \/>\nViz amalg\u00e1mov\u00e9 plomby. P\u0159itom podstata reformy zdravotnictv\u00ed ur\u010dit\u011b  nespo\u010d\u00edv\u00e1 v\u00a0t\u00e9to jednotlivosti. A je fakt, \u017ee jestli\u017ee ta z\u00e1kladn\u00ed va\u0161e  ot\u00e1zka vstupn\u00ed, jestli m\u011b to bav\u00ed, tohle m\u011b nebav\u00ed. M\u011b v\u017edycky prost\u011b  bavily ty programy jednotliv\u00fdch stran, jejich n\u011bjak\u00e9 st\u0159et\u00e1v\u00e1n\u00ed, diskuse  o tom, co by bylo spr\u00e1vn\u00e9, dobr\u00e9 ud\u011blat pro zemi, pro ekonomiku, pro  svobodu ob\u010dana, to m\u011b bav\u00ed. Tyhle v\u011bci u\u017e m\u011b n\u011bjak trochu m\u00edjej\u00ed a skoro  jim ani nerozum\u00edm.<\/p>\n<p><strong>Moder\u00e1tor (V\u00e1clav Moravec):<br \/>\nTe\u010f budu citovat slova, kter\u00e1 byla pronesena 2. \u010dervna lo\u0148sk\u00e9ho roku:  \u010cesk\u00e1 republika, jej\u00ed ob\u010dan\u00e9 ne\u0161li k\u00a0volb\u00e1m, abychom se tady zase  n\u011bkolik t\u00fddn\u016f a m\u011bs\u00edc\u016f d\u00edvali na nekone\u010dn\u00e1 jedn\u00e1n\u00ed. \u010cesk\u00e1 republika  pot\u0159ebuje silnou ak\u010dn\u00ed vl\u00e1du. Konec cit\u00e1tu. Tu\u0161\u00edte, kdo pronesl tato  slova?<\/strong><\/p>\n<p>Host (Ladislav Jakl):<br \/>\nKlidn\u011b jsem to mohl \u0159\u00edct i j\u00e1.<\/p>\n<p><strong>Moder\u00e1tor (V\u00e1clav Moravec):<br \/>\nTak. stoj\u00edte si na sv\u00fdch slovech. Pokud bych v\u00e1m p\u0159ed necel\u00fdm rokem po  jmenov\u00e1n\u00ed t\u00e9 trojkoali\u010dn\u00ed vl\u00e1dy, kter\u00e1 se op\u00edrala o v\u011bt\u0161inu 118 hlas\u016f,  te\u010f o t\u0159i hlasy p\u0159i\u0161la, jsme na n\u011bjak\u00fdch 115, \u0159ekl, \u017ee si kabinet projde  n\u011bkolika krizemi, te\u010f budeme sledovat v\u00a0po\u0159ad\u00ed p\u00e1tou, co byste mi p\u0159ed  t\u00edm rokem \u0159ekl?<\/strong><\/p>\n<p>Host (Ladislav Jakl):<br \/>\nTak koali\u010dn\u00ed krize v\u00a0koali\u010dn\u00edm vl\u00e1dnut\u00ed zas tak nic mimo\u0159\u00e1dn\u00e9ho nejsou.  Mus\u00edme vz\u00edt v\u00a0\u00favahu nejen, \u017ee n\u00e1m vl\u00e1dne vl\u00e1da slo\u017een\u00e1 ze t\u0159\u00ed pom\u011brn\u011b  rozd\u00edln\u00fdch stran, ony jsou to, dokonce dv\u011b z\u00a0toho jsou strany upe\u010den\u00e9 na  posledn\u00ed chv\u00edli p\u0159ed volbami, o kter\u00fdch dohromady nikdo dop\u0159edu nic  nev\u011bd\u011bl. Nikdo nev\u011bd\u011bl, co se v\u00a0nich skr\u00fdv\u00e1 za lidi, co se v\u00a0nich skr\u00fdv\u00e1  za politiku, jak\u00e9 z\u00e1jmov\u00e9 s\u00edly jsou za nimi v\u00a0pozad\u00ed, to po\u0159\u00e1dn\u011b ani  ten voli\u010d, kdy\u017e se rozhodoval u urny, v\u0161echno mo\u017en\u00e1 nev\u011bd\u011bl, netu\u0161il a  tro\u0161ku kupoval zaj\u00edce v\u00a0pytli. Tak\u017ee v\u017edycky je koali\u010dn\u00ed vl\u00e1dnut\u00ed  slo\u017eit\u00e9 a v\u00a0tomto p\u0159\u00edpad\u011b slo\u017eit\u011bj\u0161\u00ed o to, \u017ee to jsou vlastn\u011b nov\u00e9  neprob\u00e1dan\u00e9 strany.<\/p>\n<p><strong>Moder\u00e1tor (V\u00e1clav Moravec):<br \/>\nAle neukazuje se, \u017ee vstoup\u00edm do va\u0161\u00ed \u0159e\u010di, jako t\u00e9m\u011b\u0159 paradoxn\u00ed, \u017ee  nejstabiln\u011bj\u0161\u00edm partnerem je TOP 09, kter\u00e1 nem\u00e1 vnit\u0159n\u00ed krize a  po\u0161\u0165uchuj\u00ed se ODS a V\u011bci ve\u0159ejn\u00e9?<\/strong><\/p>\n<p>Host (Ladislav Jakl):<br \/>\nTak TOP 09 je mil\u00e1\u010dek m\u00e9di\u00ed, to m\u011b ani nep\u0159ekvapuje, ta si to um\u00ed  za\u0159\u00eddit mezi novin\u00e1\u0159i, mezi m\u00e9dii, m\u00e1 na to sv\u00e9 docela dobr\u00e9 metody a  nen\u00ed divu. J\u00e1 mysl\u00edm, \u017ee probl\u00e9m\u016f, kauz, kdybychom cht\u011bli pom\u011b\u0159ovat  maso, v\u00e1hu n\u011bjak\u00fdch pochyben\u00ed, tak to bychom na\u0161li \u00fapln\u011b na v\u0161ech  stran\u00e1ch rovnom\u011brn\u011b. Ale\u2026<\/p>\n<p><strong>Moder\u00e1tor (V\u00e1clav Moravec):<br \/>\nTud\u00ed\u017e TOP 09 nem\u00e1 probl\u00e9m, proto\u017ee je mil\u00e1\u010dek m\u00e9di\u00ed?<\/strong><\/p>\n<p>Host (Ladislav Jakl):<br \/>\nProto\u017ee je mil\u00e1\u010dek m\u00e9di\u00ed, to \u0159\u00edk\u00e1te p\u0159esn\u011b. Ale \u2026<\/p>\n<p><strong>Moder\u00e1tor (V\u00e1clav Moravec):<br \/>\nJ\u00e1 cituji v\u00e1s.<\/strong><\/p>\n<p>Host (Ladislav Jakl):<br \/>\nJasn\u011b. No ale vy taky v\u017edycky n\u011bkomu n\u011bco nahrajete, aby to pak \u0159ekl a  on to pak \u0159\u00edk\u00e1 a je to pod jeho jm\u00e9nem. Ale j\u00e1 chci \u0159\u00edct, \u017ee krom\u011b t\u011bch  kauz, o kter\u00fdch jsme te\u010f mluvili, tak ten probl\u00e9m koali\u010dn\u00edho vl\u00e1dnut\u00ed je  dvoj\u00ed. Nepochybn\u011b je to ta r\u016fznorodost t\u011bch jednotliv\u00fdch stran a to se  \u010dekat dalo. J\u00e1 mysl\u00edm, \u017ee by byl naivn\u00ed, kdo by si myslel, \u017ee 118  v\u011bt\u0161ina bude jak na dr\u00e1tku v\u0161e v\u00e1lcovat a \u017ee ta rozhodnut\u00ed, kter\u00e1 m\u00e1 ta  118 prosadit, \u017ee budou vznikat n\u011bjak bezbolestn\u011b automaticky a \u017ee tato  v\u011bt\u0161ina je odm\u00e1v\u00e1 a p\u016fjde se d\u00e1l. To nikdo nemohl p\u0159edpokl\u00e1dat. Ur\u010dit\u011b  bylo jasn\u00e9, \u017ee o tom, co bude ta vl\u00e1da jako celek prosazovat, se nejd\u0159\u00edv  p\u011bkn\u011b poh\u00e1daj\u00ed. A to by ani na tom nebylo to zvl\u00e1\u0161tn\u00ed. Co je zvl\u00e1\u0161tn\u00ed,  je jednak ta metoda politick\u00e9ho boje prost\u0159ednictv\u00edm medi\u00e1ln\u00edch kauz a  pak je zvl\u00e1\u0161tnost\u00ed je\u0161t\u011b jedna v\u011bc, \u017ee se zde vede u\u017e n\u011bkolik m\u011bs\u00edc\u016f  snaha o to, aby jedna z\u00a0t\u011bch koali\u010dn\u00edch stran v\u00a0t\u00e9 vl\u00e1d\u011b v\u00a0podstat\u011b  nebyla, aby nic necht\u011bla, aby nic nepo\u017eadovala, aby nem\u011bla \u017e\u00e1dn\u00fd vliv,  \u017e\u00e1dn\u00fd pod\u00edl na moci jako ty ostatn\u00ed, ale aby z\u00e1rove\u0148 tu vl\u00e1du podpo\u0159ila  jaksi tak n\u011bjak zadarmo. A to bu\u010f prost\u0159ednictv\u00edm uloupnut\u00ed n\u011bjak\u00e9 \u010d\u00e1sti  jejich poslanc\u016f nebo dotla\u010den\u00ed je k\u00a0n\u011bjak\u00e9 form\u011b tich\u00e9 podpory vl\u00e1d\u011b, i  kdy\u017e nikdy nebylo \u0159e\u010deno, pro\u010d by to n\u011bkdo m\u011bl d\u011blat jen tak zadarmo  bez pod\u00edlu na moci\u2026<\/p>\n<p><strong>Moder\u00e1tor (V\u00e1clav Moravec):<br \/>\nVn\u00edm\u00e1te tedy V\u011bci ve\u0159ejn\u00e9 jako koali\u010dn\u00edho otlouk\u00e1nka?<\/strong><\/p>\n<p>Host (Ladislav Jakl):<br \/>\nTo j\u00e1 nev\u00edm, jestli zrovna otlouk\u00e1nka, ale\u2026<\/p>\n<p><strong>Moder\u00e1tor (V\u00e1clav Moravec):<br \/>\nTo tak popisujete.<\/strong><\/p>\n<p>Host (Ladislav Jakl):<br \/>\nAle ta snaha a nav\u00edc j\u00e1 jsem tu stranu nejmenoval, to ur\u010dit\u011b m\u00e1te na to  dobr\u00e9 senzory s\u00e1m. Ur\u010dit\u011b tady vid\u00edme snahu, je jasn\u00e9, \u017ee ty strany  jsou r\u016fzn\u00e9, r\u016fzn\u011b seriozn\u00ed, s\u00a0r\u016fzn\u00fdm fundamentem programov\u00fdm. To ale  v\u011bd\u011bli v\u0161ichni, kdy\u017e do t\u00e9 koalice lezli. S\u00a0t\u00edm rizikem do toho \u0161li a  museli v\u011bd\u011bt, jestli chceme va\u0161e hlasy a pot\u0159ebujeme je nutn\u011b k\u00a0tomu,  aby vl\u00e1da p\u0159e\u017eila, k\u00a0tomu, aby vl\u00e1da m\u011bla 101, tak asi p\u0159edpokl\u00e1d\u00e1m, \u017ee  v\u00e1m ustoup\u00edme v\u00a0tom, d\u00e1me v\u00e1m pod\u00edl na rozhodov\u00e1n\u00ed takov\u00fd a te\u010f u\u017e  n\u011bkolik m\u011bs\u00edc\u016f se vede hra, \u017ee by bylo dobr\u00e9 ty hlasy jejich jakoby m\u00edt  nebo aspo\u0148 jejich \u010d\u00e1st, ale nic jim za to nedat. A skoro se ani nediv\u00edm,  \u017ee se to t\u00e9to stran\u011b zas tak \u00fapln\u011b nel\u00edb\u00ed.<\/p>\n<p><strong>Moder\u00e1tor (V\u00e1clav Moravec):<br \/>\nOna pr\u00e1v\u011b ta nejmen\u0161\u00ed strana sou\u010dasn\u00e9 \u010desk\u00e9 vl\u00e1dn\u00ed koalice, V\u011bci  ve\u0159ejn\u00e9, cht\u011bj\u00ed jednat o zm\u011bn\u011b koali\u010dn\u00ed smlouvy, co\u017e se jim nediv\u00edte,  jak jste nazna\u010dil. Pokud se n\u011bco nestane, tak do konce \u010dervna hroz\u00ed  pr\u00e1v\u011b vypov\u011bzen\u00edm t\u00e9 koali\u010dn\u00ed smlouvy. Premi\u00e9r Petr Ne\u010das k\u00a0postoji V\u011bc\u00ed  ve\u0159ejn\u00fdch \u0159\u00edk\u00e1:<\/strong><\/p>\n<p>Z\u00e1znam Petra Ne\u010dase:<br \/>\nSu\u0161e konstatujeme, \u017ee bereme tento postoj na v\u011bdom\u00ed, pova\u017eujeme za  kl\u00ed\u010dov\u00e9 p\u0159edev\u0161\u00edm to, byla vyj\u00e1d\u0159ena v\u016fle prosadit kl\u00ed\u010dov\u00e9 reformn\u00ed  z\u00e1kony zpravidla v\u00a0prvn\u00edm \u010dten\u00ed, n\u011bkter\u00e9 ve druh\u00e9m \u010dten\u00ed na t\u00e9to sch\u016fzi  Poslaneck\u00e9 sn\u011bmovny.<\/p>\n<p><strong>Moder\u00e1tor (V\u00e1clav Moravec):<br \/>\nVysv\u011btluje postoj ODS premi\u00e9r a p\u0159edseda t\u00e9to strany Petr Ne\u010das.  V\u00a0p\u0159\u00edpad\u011b, \u017ee by V\u011bci ve\u0159ejn\u00e9 nakonec tu vl\u00e1du opustily, je podle  tajemn\u00edka prezidenta republiky Ladislava Jakla mo\u017en\u00e9 jet jen tak d\u00e1l,  jmenovat nov\u00e9 ministry, kdy\u017e V\u011bci ve\u0159ejn\u00e9 z\u00a0vl\u00e1dy odejdou a nechat  vl\u00e1dnout men\u0161inov\u00fd kabinet pod premi\u00e9rem Petrem Ne\u010dasem?<\/strong><\/p>\n<p>Host (Ladislav Jakl):<br \/>\nToto je pr\u00e1v\u011b, pokud n\u011bkdo vyost\u0159uje tu situaci a\u017e k\u00a0takov\u00e9to krizov\u00e9  chv\u00edli, tak by m\u011bl m\u00edt p\u0159ipraven n\u011bjak\u00fd sc\u00e9n\u00e1\u0159 B, a\u0165 si ho nazveme  jakkoliv a mus\u00ed v\u011bd\u011bt, jestli chce ud\u011blat jinou koalici, t\u0159eba velkou  koalici nebo n\u011bjak\u00e9 jin\u00e9 uspo\u0159\u00e1d\u00e1n\u00ed nebo jestli m\u00e1 n\u011bjak\u00fd sc\u00e9n\u00e1\u0159 pro  uspo\u0159\u00e1d\u00e1n\u00ed p\u0159ed\u010dasn\u00fdch voleb nebo o n\u011bjak\u00e9 p\u0159eskupen\u00ed. J\u00e1 v\u011b\u0159\u00edm, \u017ee ten,  kdo tla\u010d\u00ed a\u017e na tu hranu, \u017ee toto m\u00e1 spo\u010d\u00edtan\u00e9 a \u017ee\u2026<\/p>\n<p><strong>Moder\u00e1tor (V\u00e1clav Moravec):<br \/>\nTomu st\u00e1le je\u0161t\u011b v\u011b\u0159\u00edte po t\u011bch t\u00fddnech a m\u011bs\u00edc\u00edch?<\/strong><\/p>\n<p>Host (Ladislav Jakl):<br \/>\nA nebo hroz\u00ed jin\u00e1 v\u011bc, hroz\u00ed v\u011bc, \u017ee tady m\u016f\u017eeme m\u00edt klidn\u011b rok, m\u016f\u017eeme  \u017e\u00edt rok s\u00a0vl\u00e1dou bez d\u016fv\u011bry. Vl\u00e1dou, kter\u00e1 neud\u011bl\u00e1 v\u016fbec nic. U\u017e jsme  to tady za\u017eili n\u011bkolik m\u011bs\u00edc\u016f, te\u010f to hroz\u00ed. Je ot\u00e1zka, jestli si  v\u0161ichni tu hrozbu uv\u011bdomuj\u00ed. Jestli ta p\u0159esv\u011bd\u010denost o vlastn\u00ed pravd\u011b  jednotliv\u00fdch koali\u010dn\u00edch partner\u016f, j\u00e1 p\u0159ece v\u00edm, jak to m\u00e1 b\u00fdt a ti druz\u00ed  nemaj\u00ed n\u00e1rok, jestli to nen\u00ed n\u011bkdy tak siln\u00e9, \u017ee p\u0159estanu po\u010d\u00edtat  s\u00a0t\u011bmi variantami, co se stane, kdy\u017e se m\u016fj sc\u00e9n\u00e1\u0159, o jeho\u017e spr\u00e1vnosti  jsem p\u0159esv\u011bd\u010den, nepoda\u0159\u00ed. Ono toti\u017e o tom, jestli se sc\u00e9n\u00e1\u0159 napln\u00ed nebo  nenapln\u00ed, v\u016fbec nerozhoduje to, jestli n\u011bkdo ho pova\u017euje za spr\u00e1vn\u00fd  nebo za nespr\u00e1vn\u00fd, ale to, jestli bude akceptov\u00e1n dal\u0161\u00edmi hr\u00e1\u010di v\u00a0t\u00e9 h\u0159e  a to v\u016fbec nemus\u00ed b\u00fdt. Tady se p\u0159edpokl\u00e1d\u00e1\u2026<\/p>\n<p><strong>Moder\u00e1tor (V\u00e1clav Moravec):<br \/>\nKdy\u017e varujete, jenom se omlouv\u00e1m zase, \u017ee v\u00e1m vstupuji do \u0159e\u010di, kdy\u017e  varujete p\u0159ed tou vl\u00e1dou bez d\u016fv\u011bry, tak pokud Petr Ne\u010das m\u00e1 promy\u0161len\u00fd  ten sc\u00e9n\u00e1\u0159, pod\u00edvejte se, V\u011bci ve\u0159ejn\u00e9 \u0159\u00edkaj\u00ed ano, my m\u016f\u017eeme b\u00fdt vn\u011b  vl\u00e1dy, podporovaly bychom vl\u00e1du mo\u017en\u00e1 ad hoc, tak on si m\u016f\u017ee \u0159\u00edct,  pod\u00edvejte se, j\u00e1 jsem jako premi\u00e9r d\u016fv\u011bru dostal, j\u00e1 jenom vym\u011bn\u00edm  ministry za V\u011bci ve\u0159ejn\u00e9, po\u0161lu prezidentovi na Hrad n\u00e1vrhy na nov\u00e9  jmenov\u00e1n\u00ed a vl\u00e1da nemus\u00ed \u017e\u00e1dat Poslaneckou sn\u011bmovnu o d\u016fv\u011bru?<\/strong><\/p>\n<p>Host (Ladislav Jakl):<br \/>\nTo je k\u00fd\u017een\u00e1 varianta ur\u010dit\u00fdch skupin, kter\u00e9 si tuto variantu vymyslely  u\u017e n\u011bkdy v\u00a0lednu nebo v\u00a0\u00fanoru, to znamen\u00e1 m\u00edt podporu n\u011bjak\u00e9 skupiny  poslanc\u016f a nic jim za to nedat. J\u00e1 se pt\u00e1m, v\u00a0jak\u00e9m \u017eijeme sv\u011bt\u011b, \u017ee si  n\u011bkdo mysl\u00ed, \u017ee takov\u00fd sc\u00e9n\u00e1\u0159 je mo\u017en\u00fd? Pro\u010d by n\u011bkdo podporoval vl\u00e1du  na sv\u00e9 triko, na svou odpov\u011bdnost, jak by to obhajoval sv\u00fdm voli\u010d\u016fm a ve  sv\u00e9 \u010dlensk\u00e9 z\u00e1kladn\u011b, kdy\u017e za to nedostane v\u016fbec nic? Rozum\u00edm, \u017ee tento  sc\u00e9n\u00e1\u0159 je k\u00fd\u017een\u00fd, ale na to, aby byl \u2026<\/p>\n<p><strong>Moder\u00e1tor (V\u00e1clav Moravec):<br \/>\n\u00da\u010dastnil by se ho prezident V\u00e1clav Klaus podle va\u0161eho n\u00e1zoru?<\/strong><\/p>\n<p>Host (Ladislav Jakl):<br \/>\nJ\u00e1 mysl\u00edm, \u017ee rol\u00ed prezidenta nen\u00ed rozhodovat o tom, kter\u00fd sc\u00e9n\u00e1\u0159 je dobr\u00fd, spr\u00e1vn\u00fd, kter\u00fd se mu l\u00edb\u00ed v\u00edc nebo m\u00e9n\u011b.<\/p>\n<p><strong>Moder\u00e1tor (V\u00e1clav Moravec):<br \/>\nAle on n\u011bkter\u00fd sc\u00e9n\u00e1\u0159 m\u016f\u017ee hr\u00e1t.<\/strong><\/p>\n<p>Host (Ladislav Jakl):<br \/>\nOn m\u016f\u017ee pouze p\u0159isp\u011bt do debaty o tom, jestli ten kter\u00fd sc\u00e9n\u00e1\u0159 je  re\u00e1ln\u00fd, jestli m\u00e1 vyhl\u00eddky na stabilitu, jestli to nen\u00ed sc\u00e9n\u00e1\u0159 na  n\u011bkolik t\u00fddn\u016f, jestli je dob\u0159e p\u0159edjedn\u00e1n, jestli sk\u00fdt\u00e1 n\u011bjakou  stabilitu. Pakli\u017ee by n\u011bkdo tento sc\u00e9n\u00e1\u0159, o kter\u00e9m vy mluvte a o kter\u00e9m  s\u00a0radost\u00ed mluv\u00ed velk\u00e1 \u010d\u00e1st medi\u00e1ln\u00ed sc\u00e9ny, proto\u017ee si ho velmi p\u0159eje,  tak pokud by ho n\u011bkdo vyjednal, zaru\u010dil t\u0159eba i n\u011bjakou formou dohody  nebo smlouvy, tak prezident by m\u011b\u0159il pouze nikoliv jej\u00ed obsah, proto\u017ee  k\u00a0tomu asi t\u011b\u017eko se m\u016f\u017ee c\u00edtit opr\u00e1vn\u011bn a nikdy to tak ned\u011blal, ale \u0159ekl  by, m\u00e1te to vymy\u0161len\u00e9, pl\u00e1n B m\u00e1te, budi\u017e, stani\u017e se. Ov\u0161em je ot\u00e1zkou,  jestli n\u011bco takov\u00e9ho potom bude opravdu stabiln\u00ed navzdory tomu, \u017ee to  n\u011bkdo bude deklarovat dop\u0159edu. V\u00edte, my posledn\u00ed m\u011bs\u00edce\u2026<\/p>\n<p><strong>Moder\u00e1tor (V\u00e1clav Moravec):<br \/>\nVy byste vid\u011bl stabiln\u00ed vl\u00e1du t\u011bch dvou partner\u016f ODS a TOP 09, kter\u00e9 te\u010f se jev\u00ed\u2026<\/strong><\/p>\n<p>Host (Ladislav Jakl):<br \/>\nAle tak jsou r\u016fzn\u00e9 varianty, jsou varianty TOP 09 &#8211; Soci\u00e1ln\u00ed  demokracie, je varianta velk\u00e1 koalice. J\u00e1 rozum\u00edm, \u017ee se mluv\u00ed po\u0159\u00e1d o  jedn\u00e9, proto\u017ee si hodn\u011b lid\u00ed\u2026<\/p>\n<p><strong>Moder\u00e1tor (V\u00e1clav Moravec):<br \/>\nOno to vypad\u00e1, \u017ee si to p\u0159ej\u00ed pr\u00e1v\u011b l\u00edd\u0159i ODS a TOP 09, \u017ee \u0159\u00edkaj\u00ed, pod\u00edvejte se\u2026<\/strong><\/p>\n<p>Host (Ladislav Jakl):<br \/>\nN\u011bkte\u0159\u00ed lid\u00e9 si mysl\u00ed, \u017ee kdy\u017e n\u011bjakou variantu hodn\u011b budou opakovat a  hodn\u011b jako zatnou p\u011bsti a zav\u0159ou o\u010di, \u017ee ji snesou jako zlat\u00e9 vaj\u00ed\u010dko.  To si nemysl\u00edm, \u017ee opakov\u00e1n\u00ed n\u011bjak\u00e9 varianty m\u016f\u017ee k\u00a0tomu pomoci. Ale  cht\u011bl jsem \u0159\u00edct je\u0161t\u011b jednu v\u011bc. My posledn\u00edch n\u011bkolik m\u011bs\u00edc\u016f za\u017e\u00edv\u00e1me  konjunkturu jednoho slova a to jsou reformy. \u017de kv\u016fli reform\u00e1m, \u017ee m\u00e1  b\u00fdt n\u011bkdo st\u00e1totvorn\u00fd a podr\u017eet mou vl\u00e1du, mou moc, m\u00e1 p\u0159\u00e1n\u00ed kv\u016fli  reform\u00e1m. Ale j\u00e1 jak se d\u00edv\u00e1m na to, co vyl\u00e9z\u00e1 z\u00a0vl\u00e1dy, jsem t\u011bch  reforem je\u0161t\u011b moc nevid\u011bl.<\/p>\n<p><strong>Moder\u00e1tor (V\u00e1clav Moravec):<br \/>\nTy z\u00e1kony, kter\u00e9 u\u017e jsou ve Sn\u011bmovn\u011b a Petr Ne\u010das \u0159\u00edk\u00e1, pod\u00edvejte se,  ty jsou reformn\u00ed, tak vy byste k\u00a0nim n\u00e1lepku reformn\u00ed nedal?<\/strong><\/p>\n<p>Host (Ladislav Jakl):<br \/>\nV\u00edte, kdyby politici byli \u010destn\u00ed, tak mo\u017en\u00e1 m\u00edsto reformy za\u010dnou \u0159\u00edkat  na\u0161e priority. Ono by to bylo \u010dist\u0161\u00ed. Pak byste si otev\u0159el noviny a tam  by bylo naps\u00e1no: Pokud na\u0161e priority neprosad\u00edme, je nutno prosadit na\u0161e  priority. Bylo by to f\u00e9rov\u011bj\u0161\u00ed ne\u017e takov\u00e1 novo\u0159e\u010d reformy.<\/p>\n<p><strong>Moder\u00e1tor (V\u00e1clav Moravec):<br \/>\nTo, co Petr Ne\u010das tedy vyd\u00e1v\u00e1 za reformy podle v\u00e1s nejsou reformy?<\/strong><\/p>\n<p>Host (Ladislav Jakl):<br \/>\nN\u011bkter\u00e9 z\u00e1kony jsou parametrick\u00e9 zm\u011bny, n\u011bkter\u00e9 jsou m\u00edrn\u011b koncep\u010dn\u00ed, ale reformu s\u00a0velk\u00fdm R, to j\u00e1 si p\u0159edstavuji \u00fapln\u011b jinak.<\/p>\n<p><strong>Moder\u00e1tor (V\u00e1clav Moravec):<br \/>\nA nevid\u00edte ji.<\/strong><\/p>\n<p>Host (Ladislav Jakl):<br \/>\nA nevid\u00edm ji.<\/p>\n<p><strong>Moder\u00e1tor (V\u00e1clav Moravec):<br \/>\nSoci\u00e1ln\u00ed demokrat\u00e9 nejen, \u017ee vl\u00e1dn\u00ed p\u0159edstavy reforem kritizuj\u00ed, kdy\u017e  u\u017e budeme pou\u017e\u00edvat Ne\u010dasovo slovo reformy, ale vad\u00ed jim, \u017ee s\u00a0nimi  Ne\u010das\u016fv kabinet jako s\u00a0nejsiln\u011bj\u0161\u00ed opozi\u010dn\u00ed stranou n\u011bkter\u00e9 parametrick\u00e9  zm\u011bny nekonzultuje a tady jsou slova Bohuslava Sobotky:<\/strong><\/p>\n<p>Z\u00e1znam Bohuslava Sobotky:<br \/>\n\u010cesk\u00e1 soci\u00e1ln\u00ed demokracie nebyla p\u0159izv\u00e1na k\u00a0jedn\u00e1n\u00ed o takzvan\u00fdch  reformn\u00edch z\u00e1konech a je tedy logick\u00e9, \u017ee k\u00a0t\u011bmto z\u00e1kon\u016fm v\u00a0tuto chv\u00edli  zauj\u00edm\u00e1me negativn\u00ed stanovisko. T\u011bch argument\u016f, kter\u00e9 m\u00e1me proti vl\u00e1dn\u00edm  reformn\u00edm n\u00e1vrh\u016fm, je cel\u00e1 \u0159ada. Ty n\u00e1vrhy tak, jak byly p\u0159edlo\u017eeny,  destabilizuj\u00ed ve\u0159ejn\u00e9 rozpo\u010dty, ty n\u00e1vrhy rozd\u011bluj\u00ed spole\u010dnost, zvy\u0161uj\u00ed  m\u00edru soci\u00e1ln\u00ed nespravedlnosti. Soci\u00e1ln\u00ed demokrat\u00e9 u t\u011bchto n\u00e1vrh\u016f  z\u00e1kon\u016f, u v\u0161ech, p\u0159edlo\u017e\u00ed n\u00e1vrh na jejich zam\u00edtnut\u00ed.<\/p>\n<p><strong>Moder\u00e1tor (V\u00e1clav Moravec):<br \/>\nKonstatuje p\u0159edseda \u010cSSD Bohuslav Sobotka s\u00a0t\u00edm, \u017ee n\u011bkter\u00e9  parametrick\u00e9 zm\u011bny zase cht\u011bj\u00ed soci\u00e1ln\u00ed demokrat\u00e9 po volb\u00e1ch, pokud je  vyhraj\u00ed a povl\u00e1dnou, tak zase m\u011bnit. Pokud by m\u011bl prezident\u016fv tajemn\u00edk  Ladislav Jakl, kter\u00fd je dnes hostem R\u00e1dia Impuls, \u0159\u00edci, nakolik detailn\u011b  je prezident vlastn\u011b o t\u011bch v\u011bcech informov\u00e1n a m\u016f\u017ee sv\u00fdm zp\u016fsobem do  nich vstupovat, proto\u017ee je to i hlava st\u00e1tu, kter\u00e1 podepisuje z\u00e1kony,  by\u0165 v\u011bt\u0161ina v\u00a0Poslaneck\u00e9 sn\u011bmovn\u011b m\u016f\u017ee prezidentovo veto vetovat?<\/strong><\/p>\n<p>Host (Ladislav Jakl):<br \/>\nNe, ne, ne, prezident republiky ani jeho t\u00fdm nen\u00ed nijak \u00fa\u010dasten na tom  procesu legislativn\u00edho zrodu. Ano, n\u00e1\u0161 z\u00e1stupce obvykle sed\u00e1v\u00e1 \u2026<\/p>\n<p><strong>Moder\u00e1tor (V\u00e1clav Moravec):<br \/>\nNa vl\u00e1d\u011b.<\/strong><\/p>\n<p>Host (Ladislav Jakl):<br \/>\nAle pouze jako zpravodaj na vl\u00e1d\u011b, dost\u00e1v\u00e1me r\u016fzn\u00e9 dokumenty, ale  rozhodn\u011b prezident nen\u00ed sou\u010d\u00e1st\u00ed vl\u00e1dy, nem\u00e1 \u017e\u00e1dn\u00e9 n\u00e1stroje a t\u011b\u017eko m\u016f\u017ee  p\u0159eb\u00edrat zodpov\u011bdnost za ta st\u0159eva, za jednotlivosti v\u00a0t\u011bch r\u016fzn\u00fdch  z\u00e1konech. Ale chci \u0159\u00edct k\u00a0tomu, co jste pou\u0161t\u011bl p\u0159ed chv\u00edl\u00ed. Ano,  samoz\u0159ejm\u011b soci\u00e1ln\u00ed demokrat\u00e9 h\u00e1j\u00ed sv\u00e9 z\u00e1jmy a k\u0159i\u010d\u00ed, aby na n\u011b nebylo  zapomenuto. Tomu rozum\u00edm. Ale v\u00a0t\u011bch jejich slovech je i n\u011bco  objektivn\u00edho. Zaprv\u00e9 je ot\u00e1zka, jestli vl\u00e1da m\u00e1 v\u00a0kapse 118 nebo 115 za  v\u0161ech okolnost\u00ed? Asi nem\u00e1\u2026<\/p>\n<p><strong>Moder\u00e1tor (V\u00e1clav Moravec):<br \/>\nTe\u010f se jev\u00ed, \u017ee zat\u00edm m\u00e1 115 do 30. \u010dervna.<\/strong><\/p>\n<p>Host (Ladislav Jakl):<br \/>\nA nen\u00ed to \u00fapln\u011b jist\u00e9 u v\u0161ech t\u011bch programov\u00fdch problematick\u00fdch uzl\u016f a  je ot\u00e1zka, jestli pr\u00e1v\u011b tato skute\u010dnost by nem\u011bla v\u00e9st vl\u00e1du k\u00a0ur\u010dit\u00e9  alespo\u0148 z\u00e1kladn\u00ed snaze o konzultaci. A pak je ta druh\u00e1, kterou jste  zm\u00ednil, \u017ee mo\u017en\u00e1 nejen parametrick\u00e9, ale i n\u011bkter\u00e9 z\u00e1sadn\u00ed v\u011bci mohou  b\u00fdt zm\u011bn\u011bny potom po ka\u017ed\u00fdch volb\u00e1ch, ale to potom je ten nejhor\u0161\u00ed mo\u017en\u00fd  sc\u00e9n\u00e1\u0159. Ono na druhou stranu ka\u017ed\u00e1 opozice t\u00edmto stra\u0161\u00ed a pla\u0161\u00ed a pak  je nakonec, kdy\u017e potom p\u0159ijde k\u00a0moci, r\u00e1da, \u017ee n\u011bkter\u00e9 v\u011bci m\u011bnit nemus\u00ed  a \u017ee funguj\u00ed a \u017ee funguj\u00ed jaksi na ciz\u00ed triko, \u017ee je schv\u00e1lil n\u011bkdo  jin\u00fd a ona potom m\u016f\u017ee z\u00a0toho sb\u00edrat profit v\u00a0podob\u011b t\u0159eba uzdraven\u00e9  ekonomiky. Ale zase na druhou stranu n\u011bkter\u00e9 v\u011bci ta nov\u00e1 vl\u00e1da prost\u011b  nem\u016f\u017ee p\u0159e\u017e\u00edt tv\u00e1\u0159\u00ed v\u00a0tv\u00e1\u0159 sv\u00e9mu elektor\u00e1tu, sv\u00fdm voli\u010d\u016fm, sv\u00fdm z\u00e1jmov\u00fdm  skupin\u00e1m a m\u011bnila by je. Proto pova\u017euji za moudr\u00e9, kdy\u017e z\u00e1sadn\u00ed v\u011bci,  kter\u00e9 se d\u011blaj\u00ed pro horizont 20-30 let, kdy\u017e konzultov\u00e1ny na n\u011bjak\u00e9  \u0161ir\u0161\u00ed platform\u011b jsou.<\/p>\n<p><strong>Moder\u00e1tor (V\u00e1clav Moravec):<br \/>\nKdy\u017e se pod\u00edv\u00e1me na to, \u017ee vy jste v\u00a0t\u011bch uplynul\u00fdch m\u011bs\u00edc\u00edch, stejn\u011b  jako prezident V\u00e1clav Klaus, vl\u00e1du kritizovali v\u00a0souvislosti s\u00a0penzijn\u00ed  reformou, tu nesyst\u00e9movou zm\u011bnu kolem dan\u011b z\u00a0p\u0159idan\u00e9 hodnoty, od n\u00ed\u017e pak  strany vl\u00e1dn\u00ed koalice ustoupily. P\u0159ipom\u00edn\u00e1m, \u017ee jde o ten n\u00e1vrh na  zv\u00fd\u0161en\u00ed na 20 pro\u00edcent dan\u011b z\u00a0p\u0159idan\u00e9 hodnoty jedn\u00e9 jedin\u00e9 sazby s\u00a0t\u00edm,  \u017ee ve sn\u00ed\u017een\u00e9 10procentn\u00ed byly nesystematicky n\u011bkter\u00e9 potraviny, jako  chleba, nikoliv rohl\u00edky\u2026<\/strong><\/p>\n<p>Host (Ladislav Jakl):<br \/>\nAno, ale to nebyla jedin\u00e1 v\u011bc, kterou pan prezident na tomto konceptu  kritizoval. Kritizoval i jej\u00ed vlastn\u00ed podstatu, kter\u00e9 se obvykle \u0159\u00edk\u00e1  ten povinn\u011b nepovinn\u00fd, ve\u0159ejn\u011b soukrom\u00fd druh\u00fd pil\u00ed\u0159. To je tak\u00e9 velmi  sporn\u00e1 a velmi nedomy\u0161len\u00e1 \u010d\u00e1st toho konceptu.<\/p>\n<p><strong>Moder\u00e1tor (V\u00e1clav Moravec):<br \/>\nBude s\u00a0t\u00edm m\u00edt Kancel\u00e1\u0159 prezidenta, respektive prezident z\u00e1sadn\u00ed  probl\u00e9m, kdy\u017e v\u0161ichni \u0159\u00edkaj\u00ed, druh\u00fd nepovinn\u00fd pil\u00ed\u0159 vlastn\u011b nechceme,  proto\u017ee to ned\u00e1v\u00e1 smysl, \u0159\u00edkaj\u00ed to i penzijn\u00ed fondy, tak ukazuje se, \u017ee  tady prezident m\u016f\u017ee vyu\u017e\u00edt sv\u00e9ho veta, proto\u017ee to je v\u011bc, kter\u00e1 mu  zjevn\u011b vad\u00ed?<\/strong><\/p>\n<p>Host (Ladislav Jakl):<br \/>\nTak j\u00e1 jsem n\u011bkdy u\u017e v\u00a0\u00fanoru n\u011bkde prohl\u00e1sil a nem\u00e1m d\u016fvod to m\u011bnit, \u017ee  pokud by na Hrad doputovala zm\u011bna v\u00a0d\u016fchodov\u00fdch z\u00e1konech tak, jak se o  n\u00ed mluvilo v\u00a0tu dobu, \u017ee j\u00e1 bych doporu\u010doval jej\u00ed vr\u00e1cen\u00ed.<\/p>\n<p><strong>Moder\u00e1tor (V\u00e1clav Moravec):<br \/>\nOna se mezit\u00edm pr\u00e1v\u011b zm\u011bnila, je\u0161t\u011b v\u00a0tom \u00fanoru tam byl ten druh\u00fd pil\u00ed\u0159  alespo\u0148 povinn\u00fd, od toho koalice tak\u00e9 pr\u00e1v\u011b ustoupila, te\u010f je  dobrovoln\u00fd\u2026<\/strong><\/p>\n<p>Host (Ladislav Jakl):<br \/>\nOn sice nen\u00ed povinn\u00fd, ale je ve\u0159ejn\u00fd a z\u00e1rove\u0148 soukrom\u00fd, proto\u017ee st\u00e1t  nad n\u00edm m\u00e1 ur\u010ditou garanci a je mo\u017en\u00e9 ulit\u00edm si pen\u011bz do toho druh\u00e9ho  pil\u00ed\u0159e od\u010derpat pen\u00edze z\u00a0toho pr\u016fb\u011b\u017en\u00e9ho syst\u00e9mu, \u010dili je to po\u0159\u00e1d  takov\u00fd zvl\u00e1\u0161tn\u00ed hybrid a vlastn\u011b ani na t\u00e9 politick\u00e9 sc\u00e9n\u011b, ani v\u00a0t\u00e9  odborn\u00e9 sc\u00e9n\u011b tento koncept nikdy nebyl pln\u011b obh\u00e1jen. A\u2026<\/p>\n<p><strong>Moder\u00e1tor (V\u00e1clav Moravec):<br \/>\nOn je\u0161t\u011b naopak je je\u0161t\u011b v\u00edc hybridn\u00ed a \u010d\u00edm d\u00e1l v\u00edc zpochyb\u0148ov\u00e1n.<\/strong><\/p>\n<p>Host (Ladislav Jakl):<br \/>\nTak v\u00a0tomto asi budete stejn\u00e9ho n\u00e1zoru jako j\u00e1 a j\u00e1 \u0159\u00edk\u00e1m, \u017ee j\u00e1 bych  navrhoval vr\u00e1cen\u00ed takov\u00e9hoto syst\u00e9mu, ale jestli by prezident uhr\u00e1l boj  s\u00a0vl\u00e1dn\u00ed v\u011bt\u0161inou, to je ot\u00e1zka. V\u00a0ka\u017ed\u00e9m p\u0159\u00edpad\u011b je to syst\u00e9m, kter\u00fd je  d\u011blan\u00fd hodn\u011b narychlo a ta ve\u0159ejn\u00e1 diskuse kolem n\u011bj byla velmi  spla\u0161en\u00e1.<\/p>\n<p><strong>Moder\u00e1tor (V\u00e1clav Moravec):<br \/>\nVid\u00edte tady podobn\u00e9 p\u0159\u00edb\u011bhy i v\u00a0t\u00e9 zdravotnick\u00e9 reform\u011b, v\u00a0tom prvn\u00edm bal\u00edku, kter\u00fd je te\u010f v\u00a0Poslaneck\u00e9 sn\u011bmovn\u011b?<\/strong><\/p>\n<p>Host (Ladislav Jakl):<br \/>\nNo v\u00edte, to je mo\u017en\u00e1 je\u0161t\u011b slo\u017eit\u011bj\u0161\u00ed ne\u017e s\u00a0tou d\u016fchodovou reformou.  Zat\u00edmco u t\u00e9 d\u016fchodov\u00e9 reformy alespo\u0148 v\u00edme, kter\u00e9 jsou mo\u017enosti na  stole a n\u011bkter\u00e9 se n\u00e1m l\u00edb\u00ed, n\u011bkter\u00e9 ne, tak u t\u00e9 zdravotn\u00ed reformy  po\u0159\u00e1d nev\u00edme \u00fapln\u011b tu nejpodstatn\u011bj\u0161\u00ed v\u011bc, snahu rozd\u011blit v\u00a0t\u011bch v\u011bcech,  kter\u00e9 se t\u00fdkaj\u00ed zdrav\u00ed, na v\u011bci soukrom\u00e9 a ve\u0159ejn\u00e9 a tud\u00ed\u017e  financovateln\u00e9 z\u00a0ve\u0159ejn\u00fdch prost\u0159edk\u016f a financovateln\u00e9 ze soukrom\u00fdch  prost\u0159edk\u016f. Zat\u00edm po\u0159\u00e1d \u0159e\u0161\u00edme n\u00e1vrhy, kter\u00e9 maj\u00ed zlep\u0161it efektivitu  nakl\u00e1d\u00e1n\u00ed s\u00a0t\u011bmi ve\u0159ejn\u00fdmi prost\u0159edky, zlep\u0161it kontrolu a n\u011bjak\u00fdm  zp\u016fsobem zpr\u016fhlednit ten syst\u00e9m sou\u010dasn\u00fd, to znamen\u00e1 rozhodov\u00e1n\u00ed o jeho  jednotliv\u00fdch parametrech. Tomu ale nen\u00ed mo\u017en\u00e9 \u0159\u00edkat reforma a j\u00e1  zdravotnickou reformu nevid\u00edm, i kdybych se um\u011bl d\u00edvat za roh.<\/p>\n<p><strong>Moder\u00e1tor (V\u00e1clav Moravec):<br \/>\nTud\u00ed\u017e platilo-li by veto na penzijn\u00ed reformu, tak tady u\u017e by to bylo dvojveto?<\/strong><\/p>\n<p>Host (Ladislav Jakl):<br \/>\nTo j\u00e1 u\u017e za sebe tak siln\u011b ne\u0159\u00edk\u00e1m, proto\u017ee \u2026<\/p>\n<p><strong>Moder\u00e1tor (V\u00e1clav Moravec):<br \/>\nNo ale kritizoval jste tu zdravotnickou v\u011bc v\u00edc ne\u017e tu penzijn\u00ed.<\/strong><\/p>\n<p>Host (Ladislav Jakl):<br \/>\nAno, ale t\u00e9 jsem se nev\u011bnoval tak dlouho, tolik let jako t\u00e9 penzijn\u00ed, ale je to klidn\u011b mo\u017en\u00e9.<\/p>\n<p><strong>Moder\u00e1tor (V\u00e1clav Moravec):<br \/>\nCo budete d\u011blat 19. \u010dervna?<\/strong><\/p>\n<p>Host (Ladislav Jakl):<br \/>\n19. \u010dervna je ned\u011ble a prezident slav\u00ed sedmdes\u00e1tiny. Tak to asi budu gratulovat panu prezidentovi.<\/p>\n<p><strong>Moder\u00e1tor (V\u00e1clav Moravec):<br \/>\nM\u00e1te u\u017e d\u00e1rek?<\/strong><\/p>\n<p>Host (Ladislav Jakl):<br \/>\nTo nem\u016f\u017eu prozradit, co kdyby to pan prezident poslouchal.<\/p>\n<p><strong>Moder\u00e1tor (V\u00e1clav Moravec):<br \/>\nNen\u00ed v\u00a0cizin\u011b n\u00e1hodou je\u0161t\u011b?<\/strong><\/p>\n<p>Host (Ladislav Jakl):<br \/>\nNe, ne, ne, u\u017e je zp\u00e1tky.<\/p>\n<p><strong>Moder\u00e1tor (V\u00e1clav Moravec):<br \/>\nU\u017e je zp\u00e1tky. V\u010dera byl v\u00a0N\u011bmecku.<\/strong><\/p>\n<p>Host (Ladislav Jakl):<br \/>\nAno.<\/p>\n<p><strong>Moder\u00e1tor (V\u00e1clav Moravec):<br \/>\nAle d\u00e1rek je u\u017e p\u0159ichyst\u00e1n?<\/strong><\/p>\n<p>Host (Ladislav Jakl):<br \/>\nAni to nem\u016f\u017eu prozradit. V\u00e1\u017en\u011b, co kdyby mu to n\u011bkdo donesl?<\/p>\n<p><strong>Moder\u00e1tor (V\u00e1clav Moravec):<br \/>\nStalo se v\u00e1m n\u011bkdy, \u017ee byste na prezidenta zak\u0159i\u010del?<\/strong><\/p>\n<p>Host (Ladislav Jakl):<br \/>\nTak n\u011bkter\u00e9 porady na\u0161e b\u00fdvaj\u00ed hodn\u011b emotivn\u00ed, ano, i to u\u017e se stalo, pak m\u011b to t\u0159eba n\u011bkdy mrzelo, ano, je to tak.<\/p>\n<p><strong>Moder\u00e1tor (V\u00e1clav Moravec):<br \/>\nM\u016f\u017eete prozradit, kdy jste na n\u011bj zak\u0159i\u010del, \u010deho se to t\u00fdkalo, kdy\u017e  jsou porady emotivn\u00ed, tak kdy to nejv\u00edce jisk\u0159\u00ed mezi tajemn\u00edkem a  prezidentem?<\/strong><\/p>\n<p>Host (Ladislav Jakl):<br \/>\nNe, ne, ne, tak v\u017edy to nen\u00ed mezi dv\u011bma, n\u011bkdy sed\u00edme u toho \u010dty\u0159i, ale  prost\u011b ano, porady v\u00a0tom \u00fazk\u00e9m krou\u017eku kolem pana prezidenta jsou velmi  otev\u0159en\u00e9, n\u011bkdy i velmi bojovn\u00e9, n\u011bkdy i velmi ostr\u00e9, vy\u0159\u00edk\u00e1me si to  mezi sebou bez n\u011bjak\u00fdch probl\u00e9m\u016f a m\u00e1 to jednu v\u00fdhodu, kter\u00e1 m\u011b hrozn\u011b  vyhovuje a r\u00e1d bych j\u00ed m\u011bl i n\u011bkdy mezi sv\u00fdmi p\u0159\u00e1teli, \u017ee kdy\u017e \u010dlov\u011bk si  n\u011bco rozd\u00e1 v\u00a0n\u011bjak\u00e9m t\u00e9matu velmi ost\u0159e, tak kdy\u017e to t\u00e9ma zmiz\u00ed, list  se obrac\u00ed a za\u010d\u00edn\u00e1me od nuly a nikdo nec\u00edt\u00ed n\u011bjakou k\u0159ivdu nebo n\u011bjakou  kyselost. M\u00e1lokdo tuhle vlastnost m\u00e1, je to \u0161koda.<\/p>\n<p><strong>Moder\u00e1tor (V\u00e1clav Moravec):<br \/>\nTo je ta nej vlastnost, kdy\u017e d\u00e1m nej\u2026, kterou u V\u00e1clava Klause obdivujete?<\/strong><\/p>\n<p>Host (Ladislav Jakl):<br \/>\nJe to jedna z\u00a0dobr\u00fdch vlastnost\u00ed, tak co, j\u00e1 ji obdivuji i z\u00a0sebe a u  dal\u0161\u00edch koleg\u016f. J\u00e1 ji m\u00e1m tak\u00e9, tuto vlastnost, \u017ee kdy\u017e se s\u00a0n\u011bk\u00fdm  poh\u00e1d\u00e1m, tak nem\u00e1m pocit, \u017ee mus\u00edm si n\u00e9st n\u011bjakou k\u0159ivdu, prost\u011b ten  spor je nesen k\u00a0tomuto t\u00e9matu a d\u00e1l s\u00a0t\u00edm dal\u0161\u00edm pokra\u010dov\u00e1n\u00edm vztah\u016f by  nem\u011bl m\u00edt nic spole\u010dn\u00e9ho. K\u00e9\u017e by to takhle m\u011bli i ostatn\u00ed lidi.<\/p>\n<p><strong>Moder\u00e1tor (V\u00e1clav Moravec):<br \/>\nA kter\u00e1 vlastnost V\u00e1clava Klause, kdy\u017e jsme zm\u00ednili te\u010f tu pozitivn\u00ed, tak kter\u00e1 je naopak n\u011bkdy na pr\u00e1\u0161ky?<\/strong><\/p>\n<p>Host (Ladislav Jakl):<br \/>\nNo tak samoz\u0159ejm\u011b ta, kterou v\u0161ichni znaj\u00ed, je to pracovitost, kter\u00e1  chv\u00edlemi p\u0159ech\u00e1z\u00ed v\u00a0pedantstv\u00ed a n\u011bkdy ta pracovitost je nad r\u00e1mec toho,  co jeho okol\u00ed je schopno un\u00e9st, v\u00a0tomto ano.<\/p>\n<p><strong>Moder\u00e1tor (V\u00e1clav Moravec):<br \/>\nKonstatuje Ladislav Jakl, tajemn\u00edk prezidenta V\u00e1clava Klause. D\u011bkuji, \u017ee jste byl hostem R\u00e1dia Impuls.<\/strong><\/p>\n<p>Host (Ladislav Jakl):<br \/>\nJ\u00e1 d\u011bkuji za pozv\u00e1n\u00ed.<\/p>\n<p><strong>Moder\u00e1tor (V\u00e1clav Moravec):<br \/>\nA t\u011b\u0161\u00edm se. <\/strong><\/p>\n<p><a href=\"http:\/\/www.impuls.cz\/clanek\/video-ladislav-jakl-soucasna-politika-je-spina\/230601\" target=\"_blank\">Zdroj video a fotografie<\/a><strong><br \/>\n<\/strong><\/p>\n","protected":false},"excerpt":{"rendered":"<p>Tajemn\u00edk prezidenta republiky Ladislav Jakl mluvil v rozhovoru pro R\u00e1dio Impuls o aktu\u00e1ln\u00ed situaci ve vl\u00e1dn\u00ed koalici.<\/p>\n","protected":false},"author":1,"featured_media":0,"comment_status":"open","ping_status":"open","sticky":false,"template":"","format":"standard","meta":{"ngg_post_thumbnail":0,"footnotes":""},"categories":[13],"tags":[],"class_list":["post-1062","post","type-post","status-publish","format-standard","hentry","category-rozhovory"],"_links":{"self":[{"href":"https:\/\/www.ladislavjakl.cz\/index.php?rest_route=\/wp\/v2\/posts\/1062","targetHints":{"allow":["GET"]}}],"collection":[{"href":"https:\/\/www.ladislavjakl.cz\/index.php?rest_route=\/wp\/v2\/posts"}],"about":[{"href":"https:\/\/www.ladislavjakl.cz\/index.php?rest_route=\/wp\/v2\/types\/post"}],"author":[{"embeddable":true,"href":"https:\/\/www.ladislavjakl.cz\/index.php?rest_route=\/wp\/v2\/users\/1"}],"replies":[{"embeddable":true,"href":"https:\/\/www.ladislavjakl.cz\/index.php?rest_route=%2Fwp%2Fv2%2Fcomments&post=1062"}],"version-history":[{"count":1,"href":"https:\/\/www.ladislavjakl.cz\/index.php?rest_route=\/wp\/v2\/posts\/1062\/revisions"}],"predecessor-version":[{"id":1063,"href":"https:\/\/www.ladislavjakl.cz\/index.php?rest_route=\/wp\/v2\/posts\/1062\/revisions\/1063"}],"wp:attachment":[{"href":"https:\/\/www.ladislavjakl.cz\/index.php?rest_route=%2Fwp%2Fv2%2Fmedia&parent=1062"}],"wp:term":[{"taxonomy":"category","embeddable":true,"href":"https:\/\/www.ladislavjakl.cz\/index.php?rest_route=%2Fwp%2Fv2%2Fcategories&post=1062"},{"taxonomy":"post_tag","embeddable":true,"href":"https:\/\/www.ladislavjakl.cz\/index.php?rest_route=%2Fwp%2Fv2%2Ftags&post=1062"}],"curies":[{"name":"wp","href":"https:\/\/api.w.org\/{rel}","templated":true}]}}