{"id":10625,"date":"2019-10-16T12:42:43","date_gmt":"2019-10-16T10:42:43","guid":{"rendered":"http:\/\/www.ladislavjakl.cz\/?p=10625"},"modified":"2019-10-16T12:42:43","modified_gmt":"2019-10-16T10:42:43","slug":"utoky-na-gotta-to-s-nim-nesouvisi-cernokneznik-halik-novodobi-majitele-pravd-ladislav-jakl-vstoupil-bez-servitku-do-deni-kolem-mistra","status":"publish","type":"post","link":"https:\/\/www.ladislavjakl.cz\/?p=10625","title":{"rendered":"\u00datoky na Gotta? To s n\u00edm nesouvis\u00ed. \u010cernokn\u011b\u017en\u00edk Hal\u00edk, novodob\u00ed majitel\u00e9 pravd&#8230; Ladislav Jakl vstoupil bez serv\u00edtk\u016f do d\u011bn\u00ed kolem Mistra"},"content":{"rendered":"<p><strong>&nbsp;Boj o obraz Karla Gotta u ve\u0159ejnosti se samotn\u00fdm zp\u011bv\u00e1kem nijak nesouvis\u00ed. Podle b\u00fdval\u00e9ho \u0159editele politick\u00e9ho odboru Kancel\u00e1\u0159e prezidenta republiky Ladislava Jakla je to jen dal\u0161\u00ed nevesel\u00e1 kapitolka snahy novodob\u00fdch majitel\u016f pravd p\u0159imalovat sv\u00fdm oponent\u016fm \u0161ikm\u00e9 o\u010di nebo t\u011blo ve tvaru matrjo\u0161ky. \u010clen Rady pro rozhlasov\u00e9 a televizn\u00ed vys\u00edl\u00e1n\u00ed tak\u00e9 klade ot\u00e1zku, kter\u00e1 smrt za posledn\u00edch sto let byla vn\u00edm\u00e1na \u0161irokou ve\u0159ejnost\u00ed tak bolestn\u011b, a hned na ni odpov\u00edd\u00e1, \u017ee moc jich nebylo. K nen\u00e1vistn\u00fdm v\u00fdlev\u016fm kn\u011bze Tom\u00e1\u0161e Hal\u00edka jen su\u0161e poznamen\u00e1v\u00e1, \u017ee \u010dernokn\u011b\u017en\u00edci pat\u0159\u00ed do poh\u00e1dek.<\/strong><\/p>\n<p><!--more--><\/p>\n<p><strong>Jak jste jako \u010dlov\u011bk tak trochu z bran\u017ee, tedy zp\u011bv\u00e1k, kytarista \u010di autor vn\u00edmal Karla Gotta?<\/strong><\/p>\n<p>To bych si hodn\u011b fandil, kdybych se pova\u017eoval za \u010dlov\u011bka z bran\u017ee. On byl vrcholem profesionality, j\u00e1 amat\u00e9rem z podpalub\u00ed.<\/p>\n<p>Vn\u00edmal jsem ho cel\u00fd sv\u016fj \u017eivot, ostatn\u011b ne\u0161lo jinak, byl v\u0161udyp\u0159\u00edtomn\u00fd. A t\u00edm mi cel\u00e9 d\u011btstv\u00ed i ml\u00e1d\u00ed lezl na nervy. J\u00e1 jsem \u010dlov\u011bk bigb\u00edtu, a to ne n\u011bkdy od pozdn\u00ed puberty jako m\u00ed vrstevn\u00edci, ale i d\u00edky sv\u00fdm star\u0161\u00edm bratr\u016fm u\u017e od nejran\u011bj\u0161\u00edho d\u011btstv\u00ed. On byl pro mne nejviditeln\u011bj\u0161\u00ed tv\u00e1\u0159\u00ed ofici\u00e1ln\u00edho popu, lhostejno, zda z\u00e1padn\u00edho \u010di v\u00fdchodn\u00edho, proti kter\u00e9mu jsem se zavile vymezoval. A\u017e po mnoha letech jsem poznal, jac\u00ed byli lid\u00e9 60. let, jako Cort\u00e9s, Simonov\u00e1, Chladil, H\u00e1la a dal\u0161\u00ed, prof\u00edci a jak si v\u0161e museli vybojovat. Ml\u00e1d\u00ed ale neb\u00fdv\u00e1 spravedliv\u00e9.<\/p>\n<p>Nejv\u00edc mi pak Gott lezl na nervy v 70. letech, to v\u016fbec nebyla dobr\u00e1 doba ani pro st\u0159edn\u00ed proud. A on s tou dobou splynul t\u011bmi sv\u00fdmi tane\u010dky, oble\u010dky, \u00fa\u010desy a diskot\u00e9kov\u00fdm hops\u00e1n\u00edm. Pak si ale na\u0161el svou romantickou parketu a v n\u00ed v 80. letech vyzr\u00e1l. D\u00edky tomu d\u016fstojn\u011b p\u0159e\u0161el i do 90. let. Kone\u010dn\u011b si p\u0159estal hr\u00e1t na neposedn\u00e9ho dibl\u00edka a za\u010dal vypadat, chovat se a zp\u00edvat jako zral\u00fd chlap. A dokonce si vypracoval i sv\u016fj specifick\u00fd humor.<\/p>\n<p><strong>Dal byste za pravdu hudebn\u00edmu producentovi Martinu Simandlovi, kter\u00fd v rozhovoru pro Parlamentn\u00edListy.cz \u0159ekl, \u017ee Gott\u016fv \u00fasp\u011bch nem\u00e1 nic spole\u010dn\u00e9ho s normalizac\u00ed, a p\u0159ipomn\u011bl jeho \u00fasp\u011bchy v N\u011bmecku a v Rakousku?<\/strong><\/p>\n<p>Martin nen\u00ed zaujat\u00fd a od rocker\u016f si to asi sl\u00edzne, ale je to tak. Ale pro mne \u00fasp\u011bch v N\u011bmecku a Rakousku nen\u00ed m\u011b\u0159\u00edtkem p\u0159i tamn\u00edm pochybn\u00e9m v\u011bt\u0161inov\u00e9m vkusu. M\u011b\u0159\u00edtkem je pro mne Gottova nepom\u00edjivost p\u0159eklenuj\u00edc\u00ed v\u0161echny m\u00f3dn\u00ed vlny.<\/p>\n<p><strong>Od kritik\u016f naopak zn\u00ed, \u017ee jeho kari\u00e9ra by nebyla \u201emysliteln\u00e1 v \u017e\u00e1dn\u00e9m jin\u00e9m ne\u017e v autoritativn\u00edm re\u017eimu, kter\u00fd si udr\u017euje kontrolu nad kulturn\u00edm provozem\u201c. Mohl b\u00fdt Gott\u016fv \u00fasp\u011bch d\u00e1n p\u0159edev\u0161\u00edm t\u00edm tehdej\u0161\u00edm re\u017eimem?<\/strong><\/p>\n<p>Tady n\u011bkdo bojuje u\u017e dohran\u00e9 bitvy a chce si s t\u0159icetilet\u00fdm zpo\u017ed\u011bn\u00edm zam\u00e1vat praporem. Gott mohl b\u00fdt re\u017eimem sm\u00e1znut, ale zcela jist\u011b j\u00edm nemohl b\u00fdt stvo\u0159en.<\/p>\n<p><strong>Je nam\u00edst\u011b p\u0159ipom\u00ednat Gott\u016fv podpis Anticharty a to, \u017ee si \u017eil jak v bavlnce a hodn\u011b vyd\u011bl\u00e1val, jak uvedl Karel Schwarzenberg?<\/strong><\/p>\n<p>Bavlnk\u00e1\u0159 bavlnk\u00e1\u0159i bavlnk\u00e1\u0159em? Anticharta je skvrnou. Ale suver\u00e9nn\u00ed soudy nech\u0165 vyn\u00e1\u0161\u00ed ti, kdo v podobn\u00fdch dilematech obst\u00e1li.<\/p>\n<p><strong>Co si mysl\u00edte o v\u00fdroku hudebn\u00edho publicisty Ji\u0159\u00edho \u010cern\u00e9ho, kter\u00fd prohl\u00e1sil, \u017ee Gott byl jeden z nejv\u011bt\u0161\u00edch antikomunist\u016f, s jak\u00fdmi se kdy setkal?<\/strong><\/p>\n<section class=\"section-brown section-inarticle poll\">\n<div class=\"well well-rounded\">\n<div>To mne p\u0159ekvapuje. Sp\u00ed\u0161 jsem Gotta m\u011bl za \u010dlov\u011bka, kter\u00e9ho politika m\u00edjela. Ale \u010cern\u00fd to bude v\u011bd\u011bt l\u00edp.<\/div>\n<\/div>\n<\/section>\n<p><strong>Jak se d\u00edv\u00e1te na to, \u017ee a\u017e po jeho skonu vy\u0161lo najevo, \u017ee pom\u00e1hal, \u010dasto i hodn\u011b finan\u010dn\u011b, lidem, kter\u00e9 re\u017eim postihoval, ale nikdy o tom nemluvil?<\/strong><\/p>\n<p>Je mo\u017en\u00e9, \u017ee pom\u00e1hal. Mohl si to dovolit. A proto musel, jinak by ho sv\u011bdom\u00ed umu\u010dilo.<\/p>\n<p><strong>Mohl zp\u011bv\u00e1k jako v\u016fbec nejexponovan\u011bj\u0161\u00ed celebrita v r\u00e1mci tehdej\u0161\u00edho re\u017eimu proti komunismu otev\u0159en\u011b vystupovat, by\u0165 s n\u00edm vnit\u0159n\u011b nesouhlasil?<\/strong><\/p>\n<p>Mohl nepat\u0159it k horlivc\u016fm. Z m\u00e9ho pohledu v 70. letech mo\u017en\u00e1 i trochu pat\u0159il, v 80. u\u017e ne. Ale to je pohled \u010dlov\u011bka z bigb\u00edtov\u00e9ho podpalub\u00ed.<\/p>\n<p><strong>Co se skr\u00fdv\u00e1 za t\u00edm bojem o obraz Gotta u ve\u0159ejnosti a t\u011bmi tak protich\u016fdn\u00fdmi n\u00e1zory na n\u011bj?<\/strong><\/p>\n<p>To s Gottem nijak nesouvis\u00ed. To je jen dal\u0161\u00ed nevesel\u00e1 kapitolka snahy novodob\u00fdch majitel\u016f pravd p\u0159imalovat sv\u00fdm oponent\u016fm \u0161ikm\u00e9 o\u010di nebo t\u011blo ve tvaru matrjo\u0161ky.<\/p>\n<p><strong>Posledn\u00ed rozlou\u010den\u00ed s Karlem Gottem se uskute\u010dn\u00ed se st\u00e1tn\u00edmi poctami, v katedr\u00e1le sv. V\u00edta bude kardin\u00e1l Dominik Duka slou\u017eit z\u00e1du\u0161n\u00ed m\u0161i, bude vyhl\u00e1\u0161en st\u00e1tn\u00ed smutek. Ne v\u0161ichni se s t\u00edmto zp\u016fsobem uct\u011bn\u00ed zp\u011bv\u00e1kovy pam\u00e1tky ztoto\u017e\u0148uj\u00ed a ve\u0159ejn\u011b to d\u00e1vaj\u00ed najevo. Jak\u00fd je v\u00e1\u0161 pohled?<\/strong><\/p>\n<p>J\u00e1 bych ubral, na druhou stranu se ptejme: kter\u00e1 smrt za posledn\u00edch sto let byla vn\u00edm\u00e1na \u0161irokou ve\u0159ejnost\u00ed tak bolestn\u011b? Moc jich nebylo.<\/p>\n<p><strong>Kn\u011bz Tom\u00e1\u0161 Hal\u00edk dokonce ozna\u010dil Gott\u016fv poh\u0159eb ve svatov\u00edtsk\u00e9 katedr\u00e1le za \u201e\u0161\u00edlen\u00fd a nevkusn\u00fd n\u00e1pad\u201c a \u201epokus o m\u00fdtizaci hv\u011bzdy normaliza\u010dn\u00edho z\u00e1bavn\u00edho pr\u016fmyslu\u201d, ale i devalvaci hodnot. Co si o tomto hodnocen\u00ed z \u00fast teologa mysl\u00edte?<\/strong><\/p>\n<p>\u010cernokn\u011b\u017en\u00edci pat\u0159\u00ed do poh\u00e1dek.<\/p>\n<p><strong>Necel\u00fd t\u00fdden po Karlu Gottovi zem\u0159ela here\u010dka a disidentka Vlasta Chramostov\u00e1. P\u0159edseda \u00dastavn\u00edho soudu Pavel Rychetsk\u00fd hned p\u0159isp\u011bchal s n\u00e1zorem, \u017ee pokud si n\u011bkdo zaslou\u017e\u00ed poh\u0159eb se st\u00e1tn\u00edmi poctami, je to Chramostov\u00e1. Jak takov\u00fd v\u00fdrok vn\u00edmat obzvl\u00e1\u0161\u0165 z toho pohledu, \u017ee Rychetsk\u00fd i Chramostov\u00e1 byli oba v KS\u010c a jako mnoz\u00ed pora\u017een\u00ed komunist\u00e9 z osma\u0161edes\u00e1t\u00e9ho oba podepsali Chartu 77?<\/strong><\/p>\n<p>Je pln\u00fdm pr\u00e1vem pana Rychetsk\u00e9ho uct\u00edt kohokoli dle sv\u00e9ho srdce. Ot\u00e1zkou je, jak\u00e1 \u010d\u00e1st ve\u0159ejnosti bude jeho pohled sd\u00edlet.<\/p>\n<section class=\"section-blue section-inarticle profile-thumb-card\">\n<div class=\"well well-rounded\">\n<div class=\"row\">\n<div class=\"col-md-9\">\n<div class=\"btn-rowed-group\"><strong>Europoslanec Jan Zahradil nadnesl, \u017ee prob\u00edhaj\u00edc\u00ed Gottovo posmrtn\u00e9 zbo\u017e\u0161\u0165ov\u00e1n\u00ed je sou\u010d\u00e1st\u00ed jak\u00e9hosi gener\u00e1ln\u00edho spole\u010densk\u00e9ho pardonu normaliza\u010dn\u00edch let s t\u00edm, \u017ee podstatn\u00e1 \u010d\u00e1st lid\u00ed si u\u017e \u017e\u00e1dn\u00e9 \u201evyrovn\u00e1v\u00e1n\u00ed se s minulost\u00ed\u201c nep\u0159eje. Podobn\u011b jako lid\u00e9 nejsou zv\u011bdav\u00ed na st\u00e1l\u00e9 opakov\u00e1n\u00ed minulosti premi\u00e9ra Babi\u0161e a d\u00e1vaj\u00ed najevo, \u017ee jim je jedno, kdo byl a nebyl komunista. Do jak\u00e9 m\u00edry to vystihuje n\u00e1ladu ve spole\u010dnosti?<\/strong><\/div>\n<\/div>\n<\/div>\n<\/div>\n<\/section>\n<p>Vyrovn\u00e1n\u00ed s minulost\u00ed je dut\u00e1 fr\u00e1ze. Vyrovnejme se rad\u011bji ka\u017ed\u00fd s\u00e1m se sebou.<\/p>\n<p><strong>Vede d\u011bl\u00edc\u00ed linie mezi mladou, st\u0159edn\u00ed a star\u0161\u00ed generac\u00ed t\u0159eba pr\u00e1v\u011b rozd\u011blen\u00ed ve smyslu Zeman, Babi\u0161, Gott a na druh\u00e9 stran\u011b Havel, disent a tak d\u00e1le? Nebo to je n\u011bco, co mlad\u0161\u00ed generaci v re\u00e1lu p\u0159\u00edli\u0161 nezaj\u00edm\u00e1, pouze se nese na m\u00f3dn\u00ed vln\u011b, kterou je pro nyn\u011bj\u0161\u00ed m\u011bstskou ml\u00e1de\u017e vz\u00fdv\u00e1n\u00ed V\u00e1clava Havla?<\/strong><\/p>\n<p>Ne, to nen\u00ed genera\u010dn\u00ed probl\u00e9m. Je nepochybn\u011b Gottovou hlavn\u00ed z\u00e1sluhou, \u017ee jeho vn\u00edm\u00e1n\u00ed se nel\u00e1me podle genera\u010dn\u00edch lini\u00ed.<\/p>\n<p><a href=\"https:\/\/www.parlamentnilisty.cz\/arena\/rozhovory\/Utoky-na-Gotta-To-s-nim-nesouvisi-Cernokneznik-Halik-novodobi-majitele-pravd-Ladislav-Jakl-vstoupil-bez-servitku-do-deni-kolem-Mistra-599084\">Zdroj<\/a><\/p>\n","protected":false},"excerpt":{"rendered":"<p>&nbsp;Boj o obraz Karla Gotta u ve\u0159ejnosti se samotn\u00fdm zp\u011bv\u00e1kem nijak nesouvis\u00ed. Podle b\u00fdval\u00e9ho \u0159editele politick\u00e9ho odboru Kancel\u00e1\u0159e prezidenta republiky Ladislava Jakla je to jen dal\u0161\u00ed nevesel\u00e1 kapitolka snahy novodob\u00fdch majitel\u016f pravd p\u0159imalovat sv\u00fdm oponent\u016fm \u0161ikm\u00e9 o\u010di nebo t\u011blo ve tvaru matrjo\u0161ky. \u010clen Rady pro rozhlasov\u00e9 a televizn\u00ed vys\u00edl\u00e1n\u00ed tak\u00e9 klade ot\u00e1zku, kter\u00e1 smrt za [&hellip;]<\/p>\n","protected":false},"author":1,"featured_media":0,"comment_status":"open","ping_status":"open","sticky":false,"template":"","format":"standard","meta":{"ngg_post_thumbnail":0,"footnotes":""},"categories":[13],"tags":[],"class_list":["post-10625","post","type-post","status-publish","format-standard","hentry","category-rozhovory"],"_links":{"self":[{"href":"https:\/\/www.ladislavjakl.cz\/index.php?rest_route=\/wp\/v2\/posts\/10625","targetHints":{"allow":["GET"]}}],"collection":[{"href":"https:\/\/www.ladislavjakl.cz\/index.php?rest_route=\/wp\/v2\/posts"}],"about":[{"href":"https:\/\/www.ladislavjakl.cz\/index.php?rest_route=\/wp\/v2\/types\/post"}],"author":[{"embeddable":true,"href":"https:\/\/www.ladislavjakl.cz\/index.php?rest_route=\/wp\/v2\/users\/1"}],"replies":[{"embeddable":true,"href":"https:\/\/www.ladislavjakl.cz\/index.php?rest_route=%2Fwp%2Fv2%2Fcomments&post=10625"}],"version-history":[{"count":1,"href":"https:\/\/www.ladislavjakl.cz\/index.php?rest_route=\/wp\/v2\/posts\/10625\/revisions"}],"predecessor-version":[{"id":10626,"href":"https:\/\/www.ladislavjakl.cz\/index.php?rest_route=\/wp\/v2\/posts\/10625\/revisions\/10626"}],"wp:attachment":[{"href":"https:\/\/www.ladislavjakl.cz\/index.php?rest_route=%2Fwp%2Fv2%2Fmedia&parent=10625"}],"wp:term":[{"taxonomy":"category","embeddable":true,"href":"https:\/\/www.ladislavjakl.cz\/index.php?rest_route=%2Fwp%2Fv2%2Fcategories&post=10625"},{"taxonomy":"post_tag","embeddable":true,"href":"https:\/\/www.ladislavjakl.cz\/index.php?rest_route=%2Fwp%2Fv2%2Ftags&post=10625"}],"curies":[{"name":"wp","href":"https:\/\/api.w.org\/{rel}","templated":true}]}}