{"id":10627,"date":"2019-10-18T10:10:00","date_gmt":"2019-10-18T08:10:00","guid":{"rendered":"http:\/\/www.ladislavjakl.cz\/?p=10627"},"modified":"2019-10-18T10:10:00","modified_gmt":"2019-10-18T08:10:00","slug":"pul-zivota","status":"publish","type":"post","link":"https:\/\/www.ladislavjakl.cz\/?p=10627","title":{"rendered":"P\u016fl \u017eivota"},"content":{"rendered":"<div class=\"opener\">P\u0159ipadlo to zrovna na dne\u0161ek. \u017divot se mi rozd\u011blil vejp\u016fl. P\u0159esn\u011b jednu jeho p\u016flku jsem pro\u017eil do 17. listopadu 1989 a p\u0159esn\u011b p\u016flku po tomhle historick\u00e9m datu.<\/div>\n<p><!--more--><\/p>\n<div id=\"art-text\" class=\"text\">\n<p>Jasn\u011b\u017ee v\u00edm, \u017ee p\u0159\u00edmo onoho 17. listopadu k \u017e\u00e1dn\u00e9mu faktick\u00e9mu zlomu v \u017eivot\u011b obyvatel \u010ceskoslovenska nedo\u0161lo. On\u00e9 pam\u00e1tn\u00e9 demonstrace jsem se sice osobn\u011b z\u00fa\u010dastnil a p\u0159i n\u00e1vratu dom\u016f man\u017eelce hl\u00e1sil, \u017ee jsem pr\u00e1v\u011b za\u017eil asi hlavn\u00ed ud\u00e1lost roku. V\u016fbec m\u011b ale nenapadlo, \u017ee to byla nejen akce roku, ale sp\u00ed\u0161e posledn\u00edch \u010dty\u0159iceti let. V\u0161ak jsem \u0161el druh\u00fd den do pr\u00e1ce jako jak\u00fdkoli jin\u00fd den a nic nenasv\u011bd\u010dovalo tomu, \u017ee u\u017e \u017eiju \u201eprvn\u00ed den pot\u00e9\u201c.<\/p>\n<p>To a\u017e b\u011bh dal\u0161\u00edch hodin a dn\u00ed a p\u0159edev\u0161\u00edm fale\u0161n\u00e1 zpr\u00e1va o mrtv\u00e9m studentovi \u0160m\u00eddovi p\u0159inesly do v\u00fdvoje ud\u00e1lost\u00ed ten z\u00e1sadn\u00ed obrat. P\u0159etlak se vyvalil. A za sebe m\u016f\u017eu \u0159\u00edct, \u017ee n\u00e1sleduj\u00edc\u00ed t\u00fddny p\u0159inesly mn\u011b osobn\u011b asi nej\u0161\u0165astn\u011bj\u0161\u00ed chv\u00edle \u017eivota.<\/p>\n<p>Necht\u011bl jsem ale dnes mluvit o on\u011bch t\u0159icet let star\u00fdch ud\u00e1lostech. Sp\u00ed\u0161e pr\u00e1v\u011b o tom rozp\u016flen\u00ed \u017eivota, co\u017e je ryze individu\u00e1ln\u00ed pocit. Prvn\u00ed, co \u010dlov\u011bka napadne, je ty p\u016flky srovnat. No, to p\u016fjde t\u011b\u017eko. Do t\u00e9 prvn\u00ed pat\u0159\u00ed d\u011btstv\u00ed, m\u00e1ma, t\u00e1ta, t\u0159i brat\u0159i, \u0161kola, kamar\u00e1di. S t\u00edm se t\u011b\u017eko n\u011bco srovn\u00e1v\u00e1. A\u017e pak p\u0159i\u0161el underground, konfrontace s realitou, ale tak\u00e9 bujn\u00e9 ml\u00e1d\u00ed. S t\u00edm u\u017e se taky srovn\u00e1vat nem\u016f\u017eu.<\/p>\n<p>J\u00e1 d\u011bkuju za ob\u011b p\u016flky sv\u00e9ho \u017eivota. V t\u00e9 prvn\u00ed jsem si u\u017eil ml\u00e1d\u00ed, d\u011btstv\u00ed, objevov\u00e1n\u00ed sv\u011bta v\u010detn\u011b jeho nespravedlnost\u00ed a nesvobod. V t\u00e9 druh\u00e9 jsem si u\u017eil euforie mlad\u00e9 svobody, tis\u00edc\u016f zm\u011bn kolem sebe a p\u0159i v\u0161em sv\u00e9m konzervativn\u00edm mrzoutstv\u00ed zm\u011bn v\u011bt\u0161inou radostn\u00fdch.<\/p>\n<p>Nab\u00edz\u00ed se ot\u00e1zka, co p\u0159inese \u201et\u0159et\u00ed p\u016flka\u201c. On to p\u0159inesl u\u017e z\u00e1v\u011br t\u00e9 druh\u00e9. Svobody zase za\u010dalo ub\u00fdvat. O tom jsem ale napsal u\u017e hodn\u011b text\u016f a dal\u0161\u00ed asi je\u0161t\u011b nap\u00ed\u0161u. Dnes mi jde o n\u011bco jin\u00e9ho. Zrovna nadch\u00e1zej\u00edc\u00ed \u00e9ra toti\u017e podle mne p\u0159in\u00e1\u0161\u00ed je\u0161t\u011b jinou v\u011bc, ne\u017e jen s\u00edl\u00edc\u00ed etatizaci a omezov\u00e1n\u00ed \u017eivota jednotlivc\u016f. P\u0159in\u00e1\u0161\u00ed s\u00edl\u00edc\u00ed nap\u011bt\u00ed mezi lidmi. V\u00edce nen\u00e1visti ve jm\u00e9nu boje proti nen\u00e1visti. M\u00e9n\u011b tolerance ve jm\u00e9nu boje proti netoleranci. Houstne to.<\/p>\n<p>Nejsem je\u0161t\u011b \u00fapln\u00fd kmet (i kdy\u017e na to hlavn\u011b por\u00e1nu \u010dasto vypad\u00e1m), ale p\u0159eci jen na z\u00e1klad\u011b n\u011bjak\u00e9 t\u00e9 \u017eivotn\u00ed zku\u0161enosti c\u00edt\u00edm, \u017ee je to ve vzduchu. To nap\u011bt\u00ed mezi lidmi p\u0159eroste v n\u011bco, u \u010deho bych u\u017e mo\u017en\u00e1 ani necht\u011bl b\u00fdt. Ani jako div\u00e1k.<\/p>\n<p>Ale t\u0159eba se m\u00fdl\u00edm, stejn\u011b jako jsem se m\u00fdlil ve\u010der 16. listopadu 1989 p\u0159ed nuselskou hospodou U \u010desk\u00e9ho lva, kdy\u017e jsem v r\u00e1mci pl\u00e1nov\u00e1n\u00ed srazu na z\u00edt\u0159ej\u0161\u00ed \u201esvaz\u00e1ckou\u201c demonstraci pravil, \u017ee p\u0159evrat ur\u010dit\u011b p\u0159ijde (ne\u010dekal jsem, \u017ee za\u010dne u\u017e z\u00edtra), a \u017ee se pak neobejde bez velk\u00e9ho n\u00e1sil\u00ed, nebo\u0165 na\u0161tvanost lid\u00ed je velik\u00e1. Jsem r\u00e1d, \u017ee jsem se tehdy m\u00fdlil. Jen\u017ee tentokr\u00e1t to nen\u00ed na\u0161tvanost na konkr\u00e9tn\u00ed syst\u00e9m \u010di konkr\u00e9tn\u00ed papal\u00e1\u0161e (to jist\u011b tak\u00e9, ale to nen\u00ed spole\u010dn\u00e9 v\u0161em), ale na\u0161tvanosti lid\u00ed na lidi. A n\u011bkde se ten p\u0159etlak vyval\u00ed.<\/p>\n<p>A jestli je te\u010f chv\u00edle na p\u0159\u00edpitek, p\u0159ip\u00edj\u00edm na svou omylnost.<\/p>\n<\/div>\n<p><a href=\"https:\/\/jakl.blog.idnes.cz\/blog.aspx?c=732043\">Zdroj<\/a><\/p>\n","protected":false},"excerpt":{"rendered":"<p>P\u0159ipadlo to zrovna na dne\u0161ek. \u017divot se mi rozd\u011blil vejp\u016fl. P\u0159esn\u011b jednu jeho p\u016flku jsem pro\u017eil do 17. listopadu 1989 a p\u0159esn\u011b p\u016flku po tomhle historick\u00e9m datu.<\/p>\n","protected":false},"author":1,"featured_media":0,"comment_status":"open","ping_status":"open","sticky":false,"template":"","format":"standard","meta":{"ngg_post_thumbnail":0,"footnotes":""},"categories":[10],"tags":[],"class_list":["post-10627","post","type-post","status-publish","format-standard","hentry","category-zlehka"],"_links":{"self":[{"href":"https:\/\/www.ladislavjakl.cz\/index.php?rest_route=\/wp\/v2\/posts\/10627","targetHints":{"allow":["GET"]}}],"collection":[{"href":"https:\/\/www.ladislavjakl.cz\/index.php?rest_route=\/wp\/v2\/posts"}],"about":[{"href":"https:\/\/www.ladislavjakl.cz\/index.php?rest_route=\/wp\/v2\/types\/post"}],"author":[{"embeddable":true,"href":"https:\/\/www.ladislavjakl.cz\/index.php?rest_route=\/wp\/v2\/users\/1"}],"replies":[{"embeddable":true,"href":"https:\/\/www.ladislavjakl.cz\/index.php?rest_route=%2Fwp%2Fv2%2Fcomments&post=10627"}],"version-history":[{"count":1,"href":"https:\/\/www.ladislavjakl.cz\/index.php?rest_route=\/wp\/v2\/posts\/10627\/revisions"}],"predecessor-version":[{"id":10628,"href":"https:\/\/www.ladislavjakl.cz\/index.php?rest_route=\/wp\/v2\/posts\/10627\/revisions\/10628"}],"wp:attachment":[{"href":"https:\/\/www.ladislavjakl.cz\/index.php?rest_route=%2Fwp%2Fv2%2Fmedia&parent=10627"}],"wp:term":[{"taxonomy":"category","embeddable":true,"href":"https:\/\/www.ladislavjakl.cz\/index.php?rest_route=%2Fwp%2Fv2%2Fcategories&post=10627"},{"taxonomy":"post_tag","embeddable":true,"href":"https:\/\/www.ladislavjakl.cz\/index.php?rest_route=%2Fwp%2Fv2%2Ftags&post=10627"}],"curies":[{"name":"wp","href":"https:\/\/api.w.org\/{rel}","templated":true}]}}