{"id":1064,"date":"2011-06-10T13:53:17","date_gmt":"2011-06-10T12:53:17","guid":{"rendered":"http:\/\/www.ladislavjakl.cz\/?p=1064"},"modified":"2011-06-10T13:53:17","modified_gmt":"2011-06-10T12:53:17","slug":"jakl-tvurci-dobra-se-nezastavi-ani-pred-zachodem","status":"publish","type":"post","link":"https:\/\/www.ladislavjakl.cz\/?p=1064","title":{"rendered":"Jakl: Tv\u016frci dobra se nezastav\u00ed ani p\u0159ed z\u00e1chodem"},"content":{"rendered":"<p><strong>\u0158editel Kancel\u00e1\u0159e prezidenta republiky si op\u011bt st\u011b\u017euje na  Evropskou unii a dal\u0161\u00ed instituce, i kdy\u017e tentokr\u00e1t dost sv\u00e9r\u00e1zn\u011b. Na  sv\u00e9m blogu zve\u0159ejnil fejeton o mo\u010den\u00ed na z\u00e1chodech Mezin\u00e1rodn\u00edho  m\u011bnov\u00e9ho fondu.<\/strong><\/p>\n<p><strong><!--more--><\/strong><\/p>\n<p>\u201eV\u017edycky mi vadilo, \u017ee si chlapi v hospod\u00e1ch po pou\u017eit\u00ed piso\u00e1ru v\u011bt\u0161inou  nemyj\u00ed ruce,&#8220; za\u010d\u00edn\u00e1 kritika Ladislava Jakla. Pokra\u010duje p\u0159es jeho  pr\u016fzkum, kdy zjistil, \u017ee jen 14 procent mu\u017e\u016f si po z\u00e1chod\u011b umyje ruce, a  kon\u010d\u00ed u v\u00e1\u017en\u011bj\u0161\u00edho t\u00e9matu, ke kter\u00e9mu tento \u201episo\u00e1r&#8220; m\u00e1 pouze pomalu  dov\u00e9st \u010dten\u00e1\u0159e.<\/p>\n<p><strong>EU je prolezl\u00e1 na\u0159izovan\u00fdm dobrem<\/strong><\/p>\n<p align=\"left\">\u201eJo, vad\u00ed mi to, ale v \u017eivot\u011b by m\u011b nenapadlo vyhla\u0161ovat p\u0159episy, kter\u00e9  by spr\u00e1vn\u00e9 myt\u00ed rukou upravovaly. Jen\u017ee \u017eijeme ve sv\u011bt\u011b, kde se tv\u016frci  dobra nezastav\u00ed ani p\u0159ed z\u00e1chodem. A to v\u016fbec nem\u00e1m na mysli jen  na\u0159izovan\u00fdm dobrem prolezlou Evropskou unii,&#8220; trefuje se op\u011bt do  Evropsk\u00e9 unie a jej\u00edch vyhl\u00e1\u0161ek.<\/p>\n<p align=\"left\">Pak ale pokra\u010duje a\u017e k Mezin\u00e1rodn\u00edmu m\u011bnov\u00e9mu fondu (MMF). \u201eV jedn\u00e9  v\u00fdznamn\u00e9 sv\u011btov\u00e9 finan\u010dn\u00ed instituci (nen\u00ed to ta, jej\u00ed\u017e \u0161\u00e9f je zrovna  popotahov\u00e1n za p\u0159\u00edli\u0161 aktivn\u00ed navazov\u00e1n\u00ed dru\u017eby s hotelov\u00fdmi  uklize\u010dkami?) byly v minul\u00fdch dnech skute\u010dn\u011b rozv\u011b\u0161eny na z\u00e1chodech  n\u00e1vody, jak si po \u010dur\u00e1n\u00ed um\u00fdt ruce.&#8220;<\/p>\n<p align=\"left\"><strong>Souvisej\u00edc\u00ed: <a href=\"http:\/\/www.parlamentnilisty.cz\/zpravy\/197372.aspx\"><span style=\"color: #993300;\">Kalousek dr\u017e\u00ed palce Straussi-Kahnovi: Je to neuv\u011b\u0159iteln\u00e9<\/span><\/a><\/strong><\/p>\n<p align=\"left\">Podle Jakla jsme \u010d\u00edm d\u00e1l v\u00edce obklopeni na\u0159\u00edzen\u00edmi a z\u00e1kony. P\u0159itom jsou  pr\u00fd \u010dasto zbyte\u010dn\u00e9 a za p\u0159\u00edklad d\u00e1v\u00e1 pr\u00e1v\u011b cedule u piso\u00e1r\u016f. \u201eV\u00edt\u011bz\u00ed  kolem n\u00e1s typ lid\u00ed, kte\u0159\u00ed jsou p\u0159esv\u011bd\u010deni, \u017ee dobro vznik\u00e1 t\u00edm, \u017ee se  vt\u011bl\u00ed do n\u011bjak\u00e9ho n\u00e1vodu, p\u0159edpisu, na\u0159\u00edzen\u00ed \u010di z\u00e1kona.&#8220;<\/p>\n<p align=\"left\">Jaklovi vad\u00ed, \u017ee vznikaj\u00ed takov\u00e1 na\u0159\u00edzen\u00ed, existuj\u00ed lid\u00e9 na psan\u00ed t\u011bchto  vyhl\u00e1\u0161ek, ale nikdo ne\u0159e\u0161\u00ed j\u00e1dro probl\u00e9mu. \u201eSpokojili se jen s n\u00e1vodem  \u010dinnosti po \u00fakonu. A co \u00fakon s\u00e1m? Ten m\u00e1 b\u00fdt ponech\u00e1n bezradn\u00e9mu chaosu?  Mysl\u00edm, \u017ee takhle to dlouho nevydr\u017e\u00ed,&#8220; uzav\u00edr\u00e1 zklaman\u011b.<\/p>\n<p align=\"left\"><a href=\"http:\/\/www.parlamentnilisty.cz\/arena\/monitor\/199038.aspx\" target=\"_blank\">Zdroj<\/a><\/p>\n","protected":false},"excerpt":{"rendered":"<p>\u0158editel Kancel\u00e1\u0159e prezidenta republiky si op\u011bt st\u011b\u017euje na Evropskou unii a dal\u0161\u00ed instituce, i kdy\u017e tentokr\u00e1t dost sv\u00e9r\u00e1zn\u011b. Na sv\u00e9m blogu zve\u0159ejnil fejeton o mo\u010den\u00ed na z\u00e1chodech Mezin\u00e1rodn\u00edho m\u011bnov\u00e9ho fondu.<\/p>\n","protected":false},"author":1,"featured_media":0,"comment_status":"open","ping_status":"open","sticky":false,"template":"","format":"standard","meta":{"ngg_post_thumbnail":0,"footnotes":""},"categories":[11],"tags":[],"class_list":["post-1064","post","type-post","status-publish","format-standard","hentry","category-ozvena"],"_links":{"self":[{"href":"https:\/\/www.ladislavjakl.cz\/index.php?rest_route=\/wp\/v2\/posts\/1064","targetHints":{"allow":["GET"]}}],"collection":[{"href":"https:\/\/www.ladislavjakl.cz\/index.php?rest_route=\/wp\/v2\/posts"}],"about":[{"href":"https:\/\/www.ladislavjakl.cz\/index.php?rest_route=\/wp\/v2\/types\/post"}],"author":[{"embeddable":true,"href":"https:\/\/www.ladislavjakl.cz\/index.php?rest_route=\/wp\/v2\/users\/1"}],"replies":[{"embeddable":true,"href":"https:\/\/www.ladislavjakl.cz\/index.php?rest_route=%2Fwp%2Fv2%2Fcomments&post=1064"}],"version-history":[{"count":1,"href":"https:\/\/www.ladislavjakl.cz\/index.php?rest_route=\/wp\/v2\/posts\/1064\/revisions"}],"predecessor-version":[{"id":1065,"href":"https:\/\/www.ladislavjakl.cz\/index.php?rest_route=\/wp\/v2\/posts\/1064\/revisions\/1065"}],"wp:attachment":[{"href":"https:\/\/www.ladislavjakl.cz\/index.php?rest_route=%2Fwp%2Fv2%2Fmedia&parent=1064"}],"wp:term":[{"taxonomy":"category","embeddable":true,"href":"https:\/\/www.ladislavjakl.cz\/index.php?rest_route=%2Fwp%2Fv2%2Fcategories&post=1064"},{"taxonomy":"post_tag","embeddable":true,"href":"https:\/\/www.ladislavjakl.cz\/index.php?rest_route=%2Fwp%2Fv2%2Ftags&post=1064"}],"curies":[{"name":"wp","href":"https:\/\/api.w.org\/{rel}","templated":true}]}}