{"id":1067,"date":"2011-06-10T13:58:17","date_gmt":"2011-06-10T12:58:17","guid":{"rendered":"http:\/\/www.ladislavjakl.cz\/?p=1067"},"modified":"2011-06-10T13:58:17","modified_gmt":"2011-06-10T12:58:17","slug":"stastne-niceni-planety-tedy-zurnalistiky","status":"publish","type":"post","link":"https:\/\/www.ladislavjakl.cz\/?p=1067","title":{"rendered":"\u0160\u0165astn\u00e9 ni\u010den\u00ed planety. Tedy \u017eurnalistiky."},"content":{"rendered":"<p>Mo\u017en\u00e1 jste se ji\u017e ptali sami sebe, \u010d\u00edm to je, \u017ee  redaktor Mlad\u00e9 fronty \u0160\u0165astn\u00fd p\u00ed\u0161e tak erudovan\u011b a nezaujat\u011b o  prezidentovi republiky a jeho spolupracovn\u00edc\u00edch. Mo\u017en\u00e1 m\u00e1m na tom svou  malou z\u00e1sluhou.<\/p>\n<p><a name=\"t2\"><\/a><!--more--><\/p>\n<div>\n<p>P\u0159ed dv\u011bma lety jsem ho  toti\u017e imejlem upozornil na jednu malou chybku. A on si to m\u00e9 upozorn\u011bn\u00ed  vzal horliv\u011b k srdci. Dokladem je i tato tehdej\u0161\u00ed korespondence mezi  n\u00e1mi:<\/p>\n<p><span style=\"color: #000080;\"><span><strong>Odes\u00edlatel:<\/strong> Jakl Ladislav [Ladislav.Jakl@hrad.cz]<br \/>\n<strong>Odesl\u00e1no:<\/strong> 1. z\u00e1\u0159\u00ed 2009 11:54<br \/>\n<strong>Komu:<\/strong> Stastny Ondrej<br \/>\n<strong>P\u0159edm\u011bt:<\/strong> Ni\u010den\u00ed p\u0159\u00edrody<\/span><\/span><\/p>\n<p><span><span><span style=\"color: #000080;\">Dobr\u00fd den.<\/span><\/span><\/span><\/p>\n<p><span><span style=\"color: #000080;\">P\u00ed\u0161ete v dne\u0161n\u00ed MFD p\u011bknou blbost.<\/span><\/span><\/p>\n<p><span><span style=\"color: #000080;\">V\u00e1clav Klaus nikdy v \u017eivot\u011b ne\u0159ekl, \u017ee \u017e\u00e1dn\u00e9 ni\u010den\u00ed p\u0159\u00edrody nikdy nevid\u011bl. Takovou v\u011bc by nikdo na sv\u011bt\u011b nemohl \u0159\u00edct.<\/span><\/span><\/p>\n<p><span><span style=\"color: #000080;\">V\u00e1clav Klaus  \u0159ekl, \u017ee nikdy nevid\u011bl ni\u010den\u00ed planety. To je stra\u0161liv\u00fd rozd\u00edl. Bylo  ni\u010den\u00edm planety, kdy\u017e vyschla Sahara? Kdy\u017e se od Afriky odloupla Indie a  pr\u00e1skla pak do Asie, \u010d\u00edm\u017e vznikly Himal\u00e1je? Kdy\u017e si Labe prorvalo d\u00edru v  D\u011b\u010d\u00ednsk\u00fdch skal\u00e1ch a tak vyteklo jezero, pokr\u00fdvaj\u00edc\u00ed cel\u00e9 \u00fazem\u00ed  dne\u0161n\u00edch \u010cech? Prost\u011b obrat \u201eni\u010den\u00ed planety\u201c je hloup\u00fd a nazna\u010duje  nekone\u010dnou moc \u010dlov\u011bka na Zemi. A s t\u00edmto velkohub\u00fdm obratem V\u00e1clav  Klaus polemizuje. Odv\u00e1d\u00ed n\u00e1s toti\u017e od denn\u00edch a lok\u00e1ln\u00edch probl\u00e9m\u016f s  po\u0161kozov\u00e1n\u00edm zdrav\u00e9ho prost\u0159ed\u00ed. Proti po\u0161kozov\u00e1n\u00ed p\u0159\u00edrody V\u00e1clav Klaus  v\u017edy vystupoval, vychov\u00e1val tak sv\u00e9 d\u011bti i se tak s\u00e1m choval.<\/span><\/span><\/p>\n<p><span><span style=\"color: #000080;\">V\u00edte, p\u0159ed \u010dasem  jste napsal jednu glosu. Zcela typickou, napsalo ji u\u017e p\u0159ed V\u00e1mi na sto  lid\u00ed. Jak pr\u00fd jsou dva Klausov\u00e9. Jeden ten zl\u00fd, jak ho zn\u00e1me z m\u00e9di\u00ed, a  pak norm\u00e1ln\u00ed, jak se jev\u00ed v b\u011b\u017en\u00e9m kontaktu. Jen\u017ee toho prvn\u00edho si  vytvo\u0159ili sami novin\u00e1\u0159i, kte\u0159\u00ed p\u0159i tvo\u0159en\u00ed m\u00fdt\u016f \u010dasto dokonale obel\u017eou  sami sebe. Z p\u0159\u00edrody, kterou m\u00e1me ka\u017ed\u00fd na dosah, se ud\u011bl\u00e1 planeta a u\u017e  tu m\u00e1me m\u00fdtus. Fakt si mysl\u00edte, \u017ee m\u00e1 V\u00e1clav Klaus n\u011bco proti ochran\u011b  p\u0159\u00edrody? Co je to za pitomost? Pro\u010d se pod\u00edl\u00edte na \u017eiven\u00ed nesmysln\u00e9ho  m\u00fdtu? Aby zase p\u0159\u00ed\u0161t\u011b jeden p\u0159ekvapen\u00fd mlad\u00fd novin\u00e1\u0159 mohl ps\u00e1t, jak jsou  dva Klausov\u00e9, jeden, o kter\u00fdm p\u00ed\u0161e \u0160\u0165astn\u00fd, a druh\u00fd, jak\u00e9ho osobn\u011b  poznal?<\/span><\/span><\/p>\n<p><span><span style=\"color: #000080;\">L. Jakl<\/span><\/span><\/p>\n<p><span><span style=\"color: #000080;\">1. 9. 2009, 15.43<\/span><\/span><\/p>\n<p><span><span style=\"color: #000080;\">Dobr\u00fd den.<\/span><\/span><\/p>\n<p><span><span style=\"color: #000080;\">Za prv\u00e9 se mus\u00edm omluvit za mladickou nerozv\u00e1\u017enost.<\/span><\/span><\/p>\n<p><span><span style=\"color: #000080;\">Nemohu si pomoci,  ale slova z novinov\u00e9ho rozhovoru (v tomto p\u0159\u00edpad\u011b lo\u0148sk\u00e9ho rozhovoru VK  pro Hospod\u00e1\u0159sk\u00e9 noviny) neberu jako filosofick\u00e9 kategorie, ale jako  v\u00fdrazy, kter\u00e9 maj\u00ed sv\u016fj obvykl\u00fd v\u00fdznam tak, jak ho vn\u00edm\u00e1 drtiv\u00e1 v\u011bt\u0161ina  populace. Z tohoto pohledu je &#8222;ni\u010den\u00ed planety&#8220; a &#8222;ni\u010den\u00ed p\u0159\u00edrody&#8220;  s\u00e9mantick\u00e9 synonymum, by\u0165 nepochybuji o tom, \u017ee filosof dok\u00e1\u017ee o mo\u017en\u00fdch  rozd\u00edlech napsat \u0159adu knih (podobn\u011b jako t\u0159eba o rozd\u00edlu mezi  &#8222;nekone\u010dnem&#8220; a &#8222;bezb\u0159ehost\u00ed&#8220;). V\u00edm, \u017ee na to te\u010f m\u016f\u017eete nam\u00edtnout, \u017ee se  \u00fa\u010dastn\u00edm jak\u00e9si ortegovsk\u00e9 vzpoury hloup\u00e9ho Davu, kter\u00fd nep\u0159ij\u00edm\u00e1 jin\u00e9,  ne\u017e zab\u011bhan\u00e9 definice slov a symbol\u016f. Dobr\u00e1, odte\u010f si na to d\u00e1m pozor a  budu ps\u00e1t o &#8222;ni\u010den\u00ed planety&#8220;.<\/span><\/span><\/p>\n<p><span><span style=\"color: #000080;\">Pokud jde o Va\u0161i  druhou pozn\u00e1mku, pova\u017euji ji za z\u00e1sadn\u00ed omyl. Osobu &#8222;zl\u00e9ho Klause&#8220;  nevytvo\u0159ila nep\u0159ej\u00edc\u00ed m\u00e9dia. Jestli mohu mluvit za sebe, pojem arogance  jsem za\u010dal s osobou dne\u0161n\u00edho pana prezidenta spojovat nikoli v d\u016fsledku  medi\u00e1ln\u00ed anti-propagandy, ale v d\u016fsledku sledov\u00e1n\u00ed autentick\u00fdch  televizn\u00edch z\u00e1b\u011br\u016f z jeho debat, rozhovor\u016f a projev\u016f v pr\u016fb\u011bhu 90. let. A  stejn\u011b tak pot\u00e9, co mi n\u011bkte\u0159\u00ed novin\u00e1\u0159i vypr\u00e1v\u011bli, co se d\u011blo, kdy\u017e  vy\u0161el \u010dl\u00e1nek, kter\u00fd se panu prezidentovi subjektivn\u011b nel\u00edbil&#8230; Z tohoto  d\u016fvodu prost\u011b neum\u00edm v\u011b\u0159it v &#8222;mytick\u00e9ho&#8220; Klause, kter\u00e9ho vytvo\u0159ila  m\u00e9dia.<\/span><\/span><\/p>\n<p><span><span style=\"color: #000080;\">D\u011bkuji za to, \u017ee jste mi napsal V\u00e1\u0161 n\u00e1zor.<\/span><\/span><\/p>\n<p><span><span style=\"color: #000080;\">S \u00factou,<\/span><\/span><\/p>\n<p><span><span style=\"color: #000080;\">Ond\u0159ej \u0160\u0165astn\u00fd<\/span><\/span><\/p>\n<p><span><span style=\"color: #000080;\">________________________________________<br \/>\n<strong>Odes\u00edlatel:<\/strong> Jakl Ladislav [Ladislav.Jakl@hrad.cz]<br \/>\n<strong>Odesl\u00e1no:<\/strong> 2. z\u00e1\u0159\u00ed 2009 12:03<br \/>\n<strong>Komu:<\/strong> Stastny Ondrej<br \/>\n<strong>P\u0159edm\u011bt:<\/strong> RE: Ni\u010den\u00ed p\u0159\u00edrody<\/span><\/span><\/p>\n<p><span><span style=\"color: #000080;\">Dobr\u00fd den.<\/span><\/span><\/p>\n<p><span><span style=\"color: #000080;\">(k posunu od ni\u010den\u00ed planety k ni\u010den\u00ed p\u0159\u00edrody)<\/span><\/span><\/p>\n<p><span><span style=\"color: #000080;\">O to p\u0159esn\u011b jde.  Posunem v\u00fdznamu d\u011blat z n\u011bkoho blbce. Za p\u00e1r let u\u017e si to nikdo nebude  pamatovat. Tak se u n\u00e1s d\u011bl\u00e1 image. Do pam\u011bt\u00ed se vryj\u00ed jen m\u00fdty.  Synonymum to nen\u00ed v \u017e\u00e1dn\u00e9m p\u0159\u00edpad\u011b. Jen optikou rafinovan\u00e9 planet\u00e1rn\u00ed  propagandy, norm\u00e1ln\u00ed \u010dlov\u011bk v\u00ed, \u017ee ni\u010dit rem\u00edzek za vs\u00ed je hnusn\u00e9, ale  ne\u0159\u00edk\u00e1 tomu ni\u010den\u00ed planety.<\/span><\/span><\/p>\n<p><span><span style=\"color: #000080;\">(k \u201eautentick\u00fdm televizn\u00edm z\u00e1b\u011br\u016fm)<\/span><\/span><\/p>\n<p><span><span style=\"color: #000080;\">Tak\u00e9 ob\u010das po\u0161lu  n\u011bkoho do prdele. Kdy\u017e to \u010dlov\u011bk se\u010dte za dvacet let, asi by p\u00e1r  p\u0159\u00edklad\u016f na\u0161el. Ale nemysl\u00edm, \u017ee to je reprezentativn\u00ed vzorek m\u00e9ho  chov\u00e1n\u00ed. A u V\u00e1s jde o typick\u00fd p\u0159\u00edklad naskakov\u00e1n\u00ed na mainstreamovou  interpretaci. Ten V\u00e1\u0161 \u010dl\u00e1ne\u010dek byl k usm\u00e1n\u00ed typick\u00fd. Hele, vole, von  nekou\u0161e!<\/span><\/span><\/p>\n<p><span><span style=\"color: #000080;\">V\u00edm, \u017ee V\u00e1s napad\u00e1 sto \u0161ikovn\u00fdch obrann\u00fdch slov. M\u00edsto nich zkuste deset vte\u0159in p\u0159em\u00fd\u0161let o tom, co jsem V\u00e1m napsal.<\/span><\/span><\/p>\n<p><span><span style=\"color: #000080;\">Zdrav\u00ed<\/span><\/span><\/p>\n<p><span><span style=\"color: #000080;\">L. Jakl<\/span><\/span><\/p>\n<p><span><span style=\"color: #000080;\">2. 9. 14. 36<\/span><\/span><\/p>\n<p><span><span style=\"color: #000080;\">Kr\u00e1sn\u00fd den,<\/span><\/span><\/p>\n<p><span><span style=\"color: #000080;\">o Va\u0161ich slovech  jsem p\u0159em\u00fd\u0161lel daleko d\u00e9le, ne\u017e zmi\u0148ovan\u00fdch 10 sekund, a d\u011bkuji za n\u011b.  V\u00edte, mn\u011b se zd\u00e1, \u017ee t\u0159eba Petr H\u00e1jek (a mo\u017en\u00e1 i Vy) pova\u017euje cokoli, co  se nap\u00ed\u0161e v m\u00e9di\u00edch, bezm\u00e1la za d\u00edlo satanovo. Naprosto m\u011b rozhodilo  H\u00e1jkovo suver\u00e9nn\u00ed trvzen\u00ed, \u017ee v\u011bt\u0161ina novin\u00e1\u0159\u016f u n\u00e1s je podplacen\u00e1. To  se mi zd\u00e1 jako o \u0159\u00e1d brut\u00e1ln\u011bj\u0161\u00ed manipulace a d\u016fkazy nepodlo\u017een\u00e1  informace, ne\u017e v\u0161echna slov\u00ed\u010dka, o nich\u017e si te\u010f p\u00ed\u0161eme&#8230;<\/span><\/span><\/p>\n<p><span><span style=\"color: #000080;\">O.\u0160.<\/span><\/span><\/p>\n<p><span><span style=\"color: #000080;\">________________________________________<br \/>\n<strong>Odes\u00edlatel: <\/strong>Jakl Ladislav [Ladislav.Jakl@hrad.cz]<br \/>\n<strong>Odesl\u00e1no: <\/strong>2. z\u00e1\u0159\u00ed 2009 16:34<br \/>\n<strong>Komu:<\/strong> Stastny Ondrej<br \/>\n<strong>P\u0159edm\u011bt:<\/strong> RE: Ni\u010den\u00ed p\u0159\u00edrody<\/span><\/span><\/p>\n<p><span><span style=\"color: #000080;\">Dobr\u00fd den.<\/span><\/span><\/p>\n<p><span><span style=\"color: #000080;\">Nemyslel jsem, \u017ee se bav\u00edme o H\u00e1jkovi.<\/span><\/span><\/p>\n<p><span><span style=\"color: #000080;\">Ale kdy\u017e u\u017e: j\u00e1  si nemysl\u00edm, \u017ee v\u011bt\u0161ina novin\u00e1\u0159\u016f je podplacena. Mysl\u00edm, \u017ee novin\u00e1\u0159i jsou  v\u011bt\u0161inou l\u00edn\u00ed a snadno naskakuj\u00ed na stereotypy, nejsou origin\u00e1ln\u00ed a  poctiv\u00ed v p\u0159em\u00fd\u0161len\u00ed, b\u00fdvaj\u00ed povrchn\u00ed. Opisuj\u00ed od sebe p\u0159e\u017ev\u00fdkan\u00e9 fr\u00e1ze,  o kter\u00fdch u\u017e ani nepochybuj\u00ed. Maj\u00ed malou zodpov\u011bdnost k t\u011bm p\u00edsmenk\u016fm,  co z\u00edtra vyjdou. Chlastaj\u00ed a maj\u00ed rozvr\u00e1cen\u00e9 rodiny \u010dast\u011bji, ne\u017e  odpov\u00edd\u00e1 celost\u00e1tn\u00edmu pr\u016fm\u011bru. B\u00fdvaj\u00ed rozmazlen\u00ed a r\u00e1di se vytahuj\u00ed. V  p\u011btadvaceti stoj\u00ed p\u0159ed \u0161edes\u00e1tilet\u00fdmi, kter\u00e9 bez soudnosti tr\u00e9nuj\u00ed a  zlomysln\u011b ur\u00e1\u017eej\u00ed. Neum\u011bj\u00ed pravopis a ani jim to nevad\u00ed. Maj\u00ed houby  p\u0159ehled o sou\u010dasnosti i minulosti, ne\u010dtou, nevzd\u011bl\u00e1vaj\u00ed se. Nep\u0159ipravuj\u00ed  se na d\u016fle\u017eit\u00e9 texty. A n\u011bkte\u0159\u00ed se velmi snadno nechaj\u00ed podplatit, a to  formou m\u011bkk\u00e9 a v\u00fdjime\u010dn\u011b i tvrd\u00e9 korupce. Fluktuuj\u00ed, koluj\u00ed mezi  redakcemi. Jsou blazeovan\u00ed a \u017eivotem otr\u00e1ven\u00ed. Ale kdy\u017e \u010dlov\u011bk n\u011bjak\u00e9ho  novin\u00e1\u0159e potk\u00e1 t\u0159eba cestou na n\u011bjak\u00fd kopec, zd\u00e1 se mu, \u017ee ten novin\u00e1\u0159  vypad\u00e1 skoro norm\u00e1ln\u011b.<\/span><\/span><\/p>\n<p><span><span style=\"color: #000080;\">To ale nebylo t\u00e9ma, bavil jsem se jen o ni\u010den\u00ed p\u0159\u00edrody.<\/span><\/span><\/p>\n<p><span><span style=\"color: #000080;\">Kdy\u017e u\u017e jste m\u011bl  pot\u0159ebu v psan\u00ed o konferenci ODS zm\u00ednit se o Klausovi, mohl jste t\u0159eba  takto: \u201eODS tak\u00e9 v\u00edce ne\u017e jindy mluv\u00ed ve sv\u00e9m programu o ochran\u011b  p\u0159\u00edrody. Navazuje tak na sv\u00e9ho zakladatele, za jeho\u017e vl\u00e1dy do\u0161lo u n\u00e1s  ke zdaleka nejprud\u0161\u00edmu zlep\u0161en\u00ed stavu \u017eivotn\u00edho prost\u0159ed\u00ed ve v\u0161ech  sledovan\u00fdch parametrech: ve spadu prachu, si\u0159i\u010ditan\u016f, \u010distoty vod. K  takov\u00e9mu zlep\u0161en\u00ed za tak kr\u00e1tkou dobu nedo\u0161lo nikde na sv\u011bt\u011b v \u017e\u00e1dn\u00e9  dob\u011b. Za jeho vl\u00e1dy do\u0161lo k realizaci nev\u011bt\u0161\u00edho a nejdra\u017e\u0161\u00edho projektu v  historii: k ods\u00ed\u0159en\u00ed hn\u011bdouheln\u00fdch elektr\u00e1ren v hodnot\u011b 56 miliard, co\u017e  nem\u00e1 obdoby nikde na sv\u011bt\u011b, ani v Clevelandu, Por\u016f\u0159\u00ed, Lille \u010di st\u0159edn\u00ed  Anglii.\u201c<\/span><\/span><\/p>\n<p><span><span style=\"color: #000080;\">Bezva \u017ee. To by si ale \u010dlov\u011bk p\u0159ed kolegy p\u0159ipadal jako pako. O Klausovi se p\u0159eci v\u017edy p\u00ed\u0161e s \u00fasm\u011b\u0161kem. To u\u017e je takov\u00e1 tradice.<\/span><\/span><\/p>\n<p><span><span style=\"color: #000080;\">L. Jakl<\/span><\/span><\/p>\n<p><span><span style=\"color: #000080;\">2. 9. 16.59<\/span><\/span><\/p>\n<p><span><span style=\"color: #000080;\">Dobr\u00fd den,<\/span><\/span><\/p>\n<p><span><span style=\"color: #000080;\">v\u00edte, naprosto m\u011b  fascinuje, jak poradci politik\u016f maj\u00ed jasnou p\u0159edstavu o tom, jak by  m\u011bli novin\u00e1\u0159i o doty\u010den\u00e9m politikovi ps\u00e1t, a jin\u00e1 publicita je \u0161patn\u00e1,  l\u017eiv\u00e1, nebo p\u0159inejmen\u0161\u00edm zkreslen\u00e1. D\u011blaj\u00ed to tak v\u0161ichni, pravi\u010d\u00e1ci,  levi\u010d\u00e1ci, liber\u00e1lov\u00e9, konzervativci, komunist\u00e9, a jist\u011b i fa\u0161ist\u00e9.  Kdybychom to poslouchali, vypadaly by noviny jako Rud\u00e9 pr\u00e1vo v roce 1970  (te\u010f odhl\u00ed\u017e\u00edm od ideologie).<\/span><\/span><\/p>\n<p><span><span style=\"color: #000080;\">Pokud jde o Va\u0161i  charakteristiku &#8222;pr\u016fm\u011brn\u00e9ho novin\u00e1\u0159e&#8220;: Jako svobodn\u00fd, neku\u0159\u00e1k a t\u00e9m\u011b\u0159  abstinent, kter\u00fd tr\u00e1v\u00ed skoro ve\u0161ker\u00fd voln\u00fd \u010das \u010detbou, pr\u00e1ce ho bav\u00ed a  je\u0161t\u011b ji nikdy nezm\u011bnil, neur\u00e1\u017e\u00ed star\u0161\u00ed a nebere korupci, jsem z\u0159ejm\u011b  n\u011bk\u00fdm, koho nazvete \u010dty\u0159procentn\u00ed v\u00fdjimkou z pravidla. Mus\u00edm ale poctiv\u011b  p\u0159iznat, \u017ee z t\u011bch des\u00edtek novin\u00e1\u0159\u016f, kter\u00e9 jsem za sv\u016fj kr\u00e1tk\u00fd \u017eivot  poznal, Va\u0161\u00ed definici neodpov\u00edd\u00e1 t\u00e9m\u011b\u0159 nikdo. Mo\u017en\u00e1 se ale jen neum\u00edm  d\u00edvat&#8230;<\/span><\/span><\/p>\n<p><span><span style=\"color: #000080;\">O.\u0160.<\/span><\/span><\/p>\n<p><span><span style=\"color: #000080;\">________________________________________<br \/>\n<strong>Odes\u00edlatel: <\/strong>Jakl Ladislav [Ladislav.Jakl@hrad.cz]<br \/>\n<strong>Odesl\u00e1no:<\/strong> 2. z\u00e1\u0159\u00ed 2009 17:23<br \/>\n<strong>Komu:<\/strong> Stastny Ondrej<br \/>\n<strong>P\u0159edm\u011bt: <\/strong>RE: Ni\u010den\u00ed p\u0159\u00edrody<\/span><\/span><\/p>\n<p><span><span style=\"color: #000080;\">Va\u0161i reakci jsem si mohl napsat dop\u0159edu, ch\u00e1pu ji.<\/span><\/span><\/p>\n<p><span><span style=\"color: #000080;\">V \u017eivot\u011b m\u011b  nenapadlo radit n\u011bkomu, jak m\u00e1 ps\u00e1t. Posta\u010d\u00ed, kdy\u017e bude korektn\u00ed,  nezaujat\u00fd a nebude d\u011blat chyby. Vy jste ji ud\u011blal a je za n\u00ed ur\u010dit\u00e1  stopa zaujatosti. Proto si p\u00ed\u0161eme.<\/span><\/span><\/p>\n<p><span><span style=\"color: #000080;\">Odstavec o novin\u00e1\u0159\u00edch byl parodi\u00ed toho, jak p\u00ed\u0161\u00ed novin\u00e1\u0159i o druh\u00fdch. Ne\u017eerte to tak.<\/span><\/span><\/p>\n<p><span><span style=\"color: #000080;\">Zdrav\u00ed<\/span><\/span><\/p>\n<p><span><span style=\"color: #000080;\">L. Jakl<\/span><\/span><\/p>\n<p><span><span style=\"color: #000080;\">2. 9. 2009, 17.50<\/span><\/span><\/p>\n<p><span><span style=\"color: #000080;\">OK. Ka\u017edop\u00e1dn\u011b d\u011bkuji za Va\u0161e koment\u00e1\u0159e, kter\u00e9 mi snad umo\u017enily o pr\u00e1ci l\u00e9pe p\u0159em\u00fd\u0161let.<\/span><\/span><\/p>\n<p><span><span style=\"color: #000080;\">P\u011bkn\u00fd ve\u010der,<\/span><\/span><\/p>\n<p><span><span style=\"color: #000080;\">O.\u0160.<\/span><\/span><\/p>\n<p>Jen pro vysv\u011btlen\u00ed. Na po\u010d\u00e1tku byl \u010dl\u00e1nek toho p\u00e1na o tom, jak se ODS  ve volebn\u00edm programu v\u011bnuje \u017eivotn\u00edmu prost\u0159ed\u00ed, \u010d\u00edm\u017e se pr\u00fd z\u00e1sadn\u011b  odchyluje od sv\u00e9ho zakladatele Klause, proto\u017ee ten p\u0159ece proslul  v\u00fdrokem, \u017ee kolem sebe \u017e\u00e1dn\u00e9 ni\u010den\u00ed p\u0159\u00edrody nevid\u00ed a tedy mu po\u0161kozov\u00e1n\u00ed  \u017eivotn\u00edho prost\u0159ed\u00ed nevad\u00ed.<\/p>\n<p>Ano, typi\u010dt\u011bj\u0161\u00ed p\u0159\u00edklad soudob\u00e9 novina\u0159iny snad ani nejde nal\u00e9zt.  V\u00e1clav Klaus napsal mnoho text\u016f o pot\u0159eb\u011b chr\u00e1nit zdrav\u00e9 \u017eivotn\u00ed  prost\u0159ed\u00ed a \u017eivou p\u0159\u00edrodu. Dokonce i v knize Modr\u00e1 nikoli zelen\u00e1 planeta  o tom najdete pas\u00e1\u017ee.<\/p>\n<p>Jen\u017ee si dovolil polemizovat s m\u00f3dn\u00edm heslem o \u00fadajn\u00e9m ni\u010den\u00ed planety  \u010dlov\u011bkem a t\u00edm proti sob\u011b po\u0161tval jednodu\u0161\u0161\u00ed novin\u00e1\u0159sk\u00fd n\u00e1zorov\u00fd proud.  Ten okam\u017eit\u011b jeho v\u011btu vylo\u017eil \u010dten\u00e1\u0159\u016fm tak, \u017ee Klaus nem\u00e1 r\u00e1d brou\u010dky,  pt\u00e1\u010dky a kyti\u010dky. No co je to za netvora, \u017ee.<\/p>\n<p>A kdy\u017e je novin\u00e1\u0159, kter\u00fd nejen\u017ee na tenhle trik nalet\u00ed, ale dokonce  ho d\u00e1l aktivn\u011b \u0161\u00ed\u0159\u00ed, na svou \u201echybu\u201c upozorn\u011bn, v\u016fbec mu to nen\u00ed blb\u00e9.  Podle n\u011bj je ni\u010den\u00ed p\u0159\u00edrody a ni\u010den\u00ed planety synonymum. Chybu neuzn\u00e1 a  za upozorn\u011bn\u00ed na ni se vydatn\u011b mst\u00ed, jak ukazuje nem\u00e9n\u011b deset jeho  n\u00e1sleduj\u00edc\u00edch \u010dl\u00e1nk\u016f za posledn\u00ed dva roky. \u0160\u0165astn\u00e1 to l\u00e9ta na\u0161\u00ed  \u017eurnalistiky.<\/p>\n<p><a href=\"http:\/\/jakl.blog.idnes.cz\/c\/195306\/Stastne-niceni-planety-Tedy-zurnalistiky.html\" target=\"_blank\">Zdroj<\/a><\/div>\n","protected":false},"excerpt":{"rendered":"<p>Mo\u017en\u00e1 jste se ji\u017e ptali sami sebe, \u010d\u00edm to je, \u017ee redaktor Mlad\u00e9 fronty \u0160\u0165astn\u00fd p\u00ed\u0161e tak erudovan\u011b a nezaujat\u011b o prezidentovi republiky a jeho spolupracovn\u00edc\u00edch. Mo\u017en\u00e1 m\u00e1m na tom svou malou z\u00e1sluhou.<\/p>\n","protected":false},"author":1,"featured_media":0,"comment_status":"open","ping_status":"open","sticky":false,"template":"","format":"standard","meta":{"ngg_post_thumbnail":0,"footnotes":""},"categories":[6],"tags":[],"class_list":["post-1067","post","type-post","status-publish","format-standard","hentry","category-co-jsem-nerekl"],"_links":{"self":[{"href":"https:\/\/www.ladislavjakl.cz\/index.php?rest_route=\/wp\/v2\/posts\/1067","targetHints":{"allow":["GET"]}}],"collection":[{"href":"https:\/\/www.ladislavjakl.cz\/index.php?rest_route=\/wp\/v2\/posts"}],"about":[{"href":"https:\/\/www.ladislavjakl.cz\/index.php?rest_route=\/wp\/v2\/types\/post"}],"author":[{"embeddable":true,"href":"https:\/\/www.ladislavjakl.cz\/index.php?rest_route=\/wp\/v2\/users\/1"}],"replies":[{"embeddable":true,"href":"https:\/\/www.ladislavjakl.cz\/index.php?rest_route=%2Fwp%2Fv2%2Fcomments&post=1067"}],"version-history":[{"count":2,"href":"https:\/\/www.ladislavjakl.cz\/index.php?rest_route=\/wp\/v2\/posts\/1067\/revisions"}],"predecessor-version":[{"id":1069,"href":"https:\/\/www.ladislavjakl.cz\/index.php?rest_route=\/wp\/v2\/posts\/1067\/revisions\/1069"}],"wp:attachment":[{"href":"https:\/\/www.ladislavjakl.cz\/index.php?rest_route=%2Fwp%2Fv2%2Fmedia&parent=1067"}],"wp:term":[{"taxonomy":"category","embeddable":true,"href":"https:\/\/www.ladislavjakl.cz\/index.php?rest_route=%2Fwp%2Fv2%2Fcategories&post=1067"},{"taxonomy":"post_tag","embeddable":true,"href":"https:\/\/www.ladislavjakl.cz\/index.php?rest_route=%2Fwp%2Fv2%2Ftags&post=1067"}],"curies":[{"name":"wp","href":"https:\/\/api.w.org\/{rel}","templated":true}]}}