{"id":10695,"date":"2019-10-18T21:07:24","date_gmt":"2019-10-18T19:07:24","guid":{"rendered":"http:\/\/www.ladislavjakl.cz\/?p=10695"},"modified":"2019-10-18T21:07:24","modified_gmt":"2019-10-18T19:07:24","slug":"kdyz-nenavidis-neni-co-resit","status":"publish","type":"post","link":"https:\/\/www.ladislavjakl.cz\/?p=10695","title":{"rendered":"Kdy\u017e nen\u00e1vid\u00ed\u0161, nen\u00ed co \u0159e\u0161it"},"content":{"rendered":"<p>Bouchnout si do Jakla. Kdy\u017e u\u017e ne fyzicky, pak aspo\u0148 sprost\u00fdm \u00fatokem v&nbsp;m\u00e9di\u00edch. Echo24 opsalo z&nbsp;aktivistick\u00fdch m\u00e9di\u00ed (a\u017e o den pozd\u011bji doplnilo n\u011bkolika vytr\u017een\u00fdmi slovy z&nbsp;n\u00e1sleduj\u00edc\u00edho m\u00e9ho vyj\u00e1d\u0159en\u00ed) pov\u00edd\u00e1n\u00ed o tom, \u017ee St\u00e1tn\u00ed z\u00e1stupce odm\u00edtl mou st\u00ed\u017enost na nedostate\u010dn\u011b vy\u0161et\u0159en\u00fd \u00fatok na mou osobu v&nbsp;metru, a opat\u0159ilo ji titulkem: Jaklova rva\u010dka byla vz\u00e1jemnou poty\u010dkou. A \u017ee to pr\u00fd potvrdil st\u00e1tn\u00ed z\u00e1stupce. Fakt nen\u00ed nikomu blb\u00e9 pou\u017e\u00edt obratu \u201eJaklova rva\u010dka\u201c o ud\u00e1losti, u n\u00ed\u017e nebyl a o kter\u00e9 ani policie nev\u00ed, jak prob\u011bhla? Jak v\u00ed redakce, \u017ee \u0161lo o vz\u00e1jemnou poty\u010dku? \u017de by od st\u00e1tn\u00edho z\u00e1stupce?<\/p>\n<p><!--more--><\/p>\n<p>St\u00e1tn\u00ed z\u00e1stupce nic takov\u00e9ho nepotvrdil a ani potvrdit nem\u016f\u017ee. Titulek l\u017ee. Nen\u00ed v kompetenci SZ pron\u00e1\u0161et v\u00fdroky o samotn\u00e9m p\u0159\u00edpadu, pouze v\u00fdroky o tom, zda pova\u017euje n\u00e1mitky v\u016f\u010di postupu policie za d\u016fvodn\u00e9 \u010di ne. Podle mne policie neprovedla v\u0161echny d\u016fkazy, nepro\u0161et\u0159ila dostate\u010dn\u011b kamerov\u00e9 z\u00e1znamy ani n\u00e1slednou mou i pachatelovu korespondenci, nekonfrontovala ho se mnou, aby bylo mo\u017en\u00e9 snadno vyvr\u00e1tit jeho l\u017ei ohledn\u011b \u00fadajn\u00e9ho n\u011bjak\u00e9ho na\u0161eho d\u0159\u00edv\u011bj\u0161\u00edho kontaktu, neporovnala viditeln\u00e9 rozs\u00e1hl\u00e9 n\u00e1sledky na m\u00e9m t\u011ble s&nbsp;jeho tvrzen\u00edm o \u201ejedn\u00e9 r\u00e1n\u011b do ramene\u201c.&nbsp; Podle SZ policie d\u011blala, co mohla, a ani v tom, \u017ee informovala o ukon\u010den\u00ed \u0161et\u0159en\u00ed vybran\u00e9 novin\u00e1\u0159e a ne mne, pr\u00fd nepochybila. SZ v \u017e\u00e1dn\u00e9m p\u0159\u00edpad\u011b ale nepotvrdil, \u017ee \u0161lo &#8222;o vz\u00e1jemnou poty\u010dku&#8220;, to by musel v\u00e9st n\u011bjak\u00e9 vlastn\u00ed \u0161et\u0159en\u00ed, co\u017e nem\u016f\u017ee. Ani policie nem\u016f\u017ee tvrdit, \u017ee \u0161lo o &#8222;vz\u00e1jemnou poty\u010dku&#8220;, proto\u017ee to nev\u00ed. Jedin\u00fd z\u00e1v\u011br policie je, \u017ee se j\u00ed nepoda\u0159ilo vyp\u00e1trat, jak konflikt vznikl. To je v\u0161e. Ani nev\u00edm, co term\u00edn &#8222;vz\u00e1jemn\u00e1 poty\u010dka&#8220;, znamen\u00e1, to se jako dva domluv\u00ed, \u017ee si na ve\u0159ejnosti natlu\u010dou? N\u011bkdo p\u0159ece musel za\u010d\u00edt. Napadl mne t\u0159icetilet\u00fd sportovn\u011b zalo\u017een\u00fd mu\u017e, Daniel Rub\u00edn z Roztok, s v\u00fdk\u0159iky, \u017ee jsem ten Jakl, ten l\u00eddr SPD. J\u00e1 jsem pak musel na pohotovost, m\u00e1m z toho n\u00e1sledky dodnes, on \u0161el po sv\u00e9m \u0159\u00e1d\u011bn\u00ed tan\u010dit na koncert um\u011blce jm\u00e9nem Omar Sulejman. Po porad\u011b s pr\u00e1vn\u00edky se po t\u00fddnu p\u0159ihl\u00e1sil a poslu\u0161n\u011b vykl\u00e1dal nau\u010denou verzi, \u017ee mi pr\u00fd nad\u00e1val, ale \u00fadajn\u011b ne kv\u016fli politice. Jist\u011b, musel si vymyslet n\u011bjak\u00fd d\u016fvod, pro\u010d bych m\u011bl zni\u010dehonic uhodit o polovinu mlad\u0161\u00edho mu\u017ee, a hlavn\u011b cht\u011bl zatajit svou politickou motivaci. Sv\u011bdci? Jeho partnerka, kter\u00e1 na jeho podporu \u0159ekla, \u017ee pr\u00fd vid\u011bla prvn\u00ed r\u00e1nu ode mne, a pak \u017ee se celou dobu d\u00edvala na druhou stranu. Tomu policie v\u011b\u0159\u00ed? \u017de se jej\u00ed mil\u00fd v\u00e1l\u00ed v metru po podlaze s n\u011bjak\u00fdm rv\u00e1\u010dem a jeho mil\u00e1 kouk\u00e1 po\u0159\u00e1d jinam? Evidentn\u011b j\u00ed bylo blb\u00e9 spojit svou osobu s jeho fabulacemi. Dal\u0161\u00ed dva &#8222;sv\u011bdci&#8220; se vyklubali po m\u011bs\u00edci, pr\u00fd taky nevid\u011bli, jak to za\u010dalo, vid\u011bli a\u017e konec a pr\u00fd jsem m\u011bl agresivn\u00ed pohled. No, sp\u00ed\u0161 d\u00e1vali najevo, jestli jsem jim sympatick\u00fd, nic re\u00e1ln\u00e9ho ale nevid\u011bli. To je z vy\u0161et\u0159ov\u00e1n\u00ed v\u0161e. J\u00e1 jsem v\u011bd\u011bl, \u017ee to bude t\u011b\u017ek\u00e9 dokazov\u00e1n\u00ed, proto jsem to ani nehl\u00e1sil, nahl\u00e1sili to a\u017e l\u00e9ka\u0159i z pohotovosti. Ale aby mne, kter\u00fd z toho m\u00e1 v\u00e1\u017enou \u00fajmu, je\u0161t\u011b n\u011bkdo smy\u0161len\u011b l\u00ed\u010dil jako \u010dlov\u011bka, kter\u00fd se &#8222;vz\u00e1jemn\u011b pot\u00fdk\u00e1&#8220;, a dal do titulku \u201eJaklova rva\u010dka\u201c, to je hnus.<\/p>\n<p>&nbsp;&nbsp;&nbsp;&nbsp;&nbsp;&nbsp;&nbsp;&nbsp;&nbsp;&nbsp;&nbsp;&nbsp;&nbsp;&nbsp;&nbsp; Ten hnus prim\u00e1rn\u011b vyt\u00e9k\u00e1 z&nbsp;m\u00e9di\u00ed Den\u00edkN, Aktu\u00e1ln\u011b a Respekt. Tyto redakce spolupracuj\u00ed s&nbsp;\u00fato\u010dn\u00edkem Danielem Rub\u00ednem, znaj\u00ed se s&nbsp;n\u00edm, sch\u00e1zej\u00ed se s&nbsp;n\u00edm, medi\u00e1ln\u011b hraj\u00ed v&nbsp;jeho prosp\u011bch, patrn\u011b mu i rad\u00ed dal\u0161\u00ed postup. Novin\u00e1\u0159sk\u00e1 kreatura Fendrych rovnou sprost\u011b nap\u00e1l\u00ed, \u017ee pr\u00fd jsem lhal, d\u00e1 to do titulku a pak fabuluje dal\u0161\u00ed sv\u00e9 chorobn\u011b nen\u00e1vistn\u00e9 konstrukce. Coby lh\u00e1\u0159e m\u011b pr\u00fd usv\u011bd\u010duje pr\u00e1v\u011b st\u00e1tn\u00ed z\u00e1stupce, proto\u017ee tvrd\u00ed, \u017ee \u0161lo o vz\u00e1jemnou poty\u010dku, zat\u00edmco j\u00e1 tvrd\u00edm, \u017ee jsem byl napaden. Co ale opravu \u0159\u00edk\u00e1 st\u00e1tn\u00ed z\u00e1stupce (nemluv\u00edm o jeho sv\u00e9voln\u00fdch v\u011bt\u00e1ch pro sp\u0159\u00e1telen\u00e9 Aktu\u00e1ln\u011b, mluv\u00edm o ofici\u00e1ln\u00edm dokumentu)?<\/p>\n<p>&nbsp;&nbsp;&nbsp;&nbsp;&nbsp;&nbsp;&nbsp;&nbsp;&nbsp;&nbsp;&nbsp;&nbsp;&nbsp;&nbsp;&nbsp; Zde cituji z&nbsp;vyrozum\u011bn\u00ed SZ :<\/p>\n<p>\u201e\u2026 zejm\u00e9na se <strong>nepoda\u0159ilo prok\u00e1zat, kdo byl inici\u00e1torem inkriminovan\u00e9ho jedn\u00e1n\u00ed<\/strong> \u2013 fyzick\u00e9ho konfliktu mezi V\u00e1mi a D. Rub\u00ednem.\u201c<\/p>\n<p>\u201e\u2026 z\u00e1v\u011br policejn\u00edho org\u00e1nu spo\u010d\u00edvaj\u00edc\u00ed v&nbsp;tom, \u017ee <strong>se nepoda\u0159ilo objektivn\u011b zjistit okolnosti iniciace fyzick\u00e9 konfrontace a jej\u00ed p\u0159esn\u00fd pr\u016fb\u011bh<\/strong> \u2026 je v\u011bcn\u011b spr\u00e1vn\u00fd a od\u016fvodn\u011bn\u00fd.\u201c<\/p>\n<p>Shrnuto: st\u011b\u017eoval jsem si, \u017ee policie neprovedla v\u0161echny d\u016fkazy a v\u011bc nepro\u0161et\u0159ila dostate\u010dn\u011b. St\u00e1tn\u00ed z\u00e1stupce st\u00ed\u017enost odm\u00edtl s&nbsp;t\u00edm, \u017ee <strong>policie d\u011blala, co mohla, ale p\u0159esto nezjistila, jak \u00fatok prob\u011bhl a kdo ho za\u010da<\/strong>l. A z&nbsp;toho \u017ee plyne n\u011bjak\u00fd z\u00e1v\u011br, \u017ee \u0161lo o Jaklovu rva\u010dku? \u017de \u0161lo o vz\u00e1jemnou poty\u010dku? Nebo dokonce \u017ee Jakl l\u017ee? Nikoli. Plyne z&nbsp;toho pouze to, \u017ee to policie ani st\u00e1tn\u00ed z\u00e1stupce nev\u011bd\u00ed a u\u017e ani zji\u0161\u0165ovat nebudou. Jen\u017ee kdy\u017e novin\u00e1\u0159 nen\u00e1vid\u00ed, nenap\u00ed\u0161e, \u017ee policie ani st\u00e1tn\u00ed z\u00e1stupce nev\u011bd\u00ed, jak to bylo. Nap\u00ed\u0161e, \u017ee jsem rv\u00e1\u010d, \u017ee jsem se vz\u00e1jemn\u011b pot\u00fdkal a \u017ee l\u017eu. C\u00edlem je p\u0159isp\u011bchat si taky bouchnout. Zbab\u011ble, od kl\u00e1vesnice.<\/p>\n","protected":false},"excerpt":{"rendered":"<p>Bouchnout si do Jakla. Kdy\u017e u\u017e ne fyzicky, pak aspo\u0148 sprost\u00fdm \u00fatokem v&nbsp;m\u00e9di\u00edch. Echo24 opsalo z&nbsp;aktivistick\u00fdch m\u00e9di\u00ed (a\u017e o den pozd\u011bji doplnilo n\u011bkolika vytr\u017een\u00fdmi slovy z&nbsp;n\u00e1sleduj\u00edc\u00edho m\u00e9ho vyj\u00e1d\u0159en\u00ed) pov\u00edd\u00e1n\u00ed o tom, \u017ee St\u00e1tn\u00ed z\u00e1stupce odm\u00edtl mou st\u00ed\u017enost na nedostate\u010dn\u011b vy\u0161et\u0159en\u00fd \u00fatok na mou osobu v&nbsp;metru, a opat\u0159ilo ji titulkem: Jaklova rva\u010dka byla vz\u00e1jemnou poty\u010dkou. A [&hellip;]<\/p>\n","protected":false},"author":1,"featured_media":0,"comment_status":"open","ping_status":"open","sticky":false,"template":"","format":"standard","meta":{"ngg_post_thumbnail":0,"footnotes":""},"categories":[6],"tags":[],"class_list":["post-10695","post","type-post","status-publish","format-standard","hentry","category-co-jsem-nerekl"],"_links":{"self":[{"href":"https:\/\/www.ladislavjakl.cz\/index.php?rest_route=\/wp\/v2\/posts\/10695","targetHints":{"allow":["GET"]}}],"collection":[{"href":"https:\/\/www.ladislavjakl.cz\/index.php?rest_route=\/wp\/v2\/posts"}],"about":[{"href":"https:\/\/www.ladislavjakl.cz\/index.php?rest_route=\/wp\/v2\/types\/post"}],"author":[{"embeddable":true,"href":"https:\/\/www.ladislavjakl.cz\/index.php?rest_route=\/wp\/v2\/users\/1"}],"replies":[{"embeddable":true,"href":"https:\/\/www.ladislavjakl.cz\/index.php?rest_route=%2Fwp%2Fv2%2Fcomments&post=10695"}],"version-history":[{"count":1,"href":"https:\/\/www.ladislavjakl.cz\/index.php?rest_route=\/wp\/v2\/posts\/10695\/revisions"}],"predecessor-version":[{"id":10696,"href":"https:\/\/www.ladislavjakl.cz\/index.php?rest_route=\/wp\/v2\/posts\/10695\/revisions\/10696"}],"wp:attachment":[{"href":"https:\/\/www.ladislavjakl.cz\/index.php?rest_route=%2Fwp%2Fv2%2Fmedia&parent=10695"}],"wp:term":[{"taxonomy":"category","embeddable":true,"href":"https:\/\/www.ladislavjakl.cz\/index.php?rest_route=%2Fwp%2Fv2%2Fcategories&post=10695"},{"taxonomy":"post_tag","embeddable":true,"href":"https:\/\/www.ladislavjakl.cz\/index.php?rest_route=%2Fwp%2Fv2%2Ftags&post=10695"}],"curies":[{"name":"wp","href":"https:\/\/api.w.org\/{rel}","templated":true}]}}