{"id":1070,"date":"2011-06-17T09:22:53","date_gmt":"2011-06-17T08:22:53","guid":{"rendered":"http:\/\/www.ladislavjakl.cz\/?p=1070"},"modified":"2011-06-17T09:22:53","modified_gmt":"2011-06-17T08:22:53","slug":"vlada-dosud-nepredlozila-reformu-s-velkym-r-prohlasil-jakl","status":"publish","type":"post","link":"https:\/\/www.ladislavjakl.cz\/?p=1070","title":{"rendered":"Vl\u00e1da dosud nep\u0159edlo\u017eila reformu s velk\u00fdm R, prohl\u00e1sil Jakl"},"content":{"rendered":"<p>V po\u0159adu Impulsy V\u00e1clava Moravce byl hostem Ladislav Jakl,   tajemn\u00edk prezidenta V\u00e1clava Klause a politick\u00fd \u0159editel kancel\u00e1\u0159e   prezidenta republiky. Vyjad\u0159oval se k sou\u010dasn\u00fdm probl\u00e9m\u016fm ve vl\u00e1d\u011b, ale   prozradil tak\u00e9, jak prob\u00edhaj\u00ed osobn\u00ed jedn\u00e1n\u00ed s prezidentem.<br \/>\n<!--more--><\/p>\n<p>Jakla nebav\u00ed, kdy\u017e si ka\u017ed\u00fd den otev\u0159e noviny a \u010dte si o jedn\u00e9 kauze za  druh\u00e9. V\u017edy se rad\u011bji zab\u00fdval program jednotliv\u00fdch stran, jejich st\u0159ety a  diskusemi.<\/p>\n<p><strong>Vl\u00e1da pot\u0159ebuje VV. Je jasn\u00e9, \u017ee jim mus\u00ed n\u011bco nab\u00eddnout <\/strong><\/p>\n<p>\u201eProbl\u00e9m koali\u010dn\u00edho vl\u00e1dnut\u00ed je dvoj\u00ed. Nepochybn\u011b je to r\u016fznorodost  stran. Zvl\u00e1\u0161tn\u00ed je metoda politick\u00e9ho boje, veden\u00e1 pomoc\u00ed kauz,&#8220;  vysv\u011btluje Jakl.<\/p>\n<p>Doplnil, \u017ee ve zvl\u00e1\u0161tn\u00ed roli m\u00e1 nejmen\u0161\u00ed koali\u010dn\u00ed strana, kter\u00e1 se v z\u00e1sad\u011b ne\u00fa\u010dastn\u00ed ve vl\u00e1d\u011b, ale m\u00e1 ji podporovat.<\/p>\n<p>\u201eJestli\u017ee pot\u0159ebujeme va\u0161e hlasy k tomu, aby vl\u00e1da pokra\u010dovala, pak je  jasn\u00e9, \u017ee v\u00e1m mus\u00edme ustoupit. To muselo b\u00fdt jasn\u00e9 ka\u017ed\u00e9mu, kdy\u017e se  koalice formovala,&#8220; p\u0159ipom\u00edn\u00e1 Jakl.<\/p>\n<p>Pro\u010d by n\u011bkdo podporoval vl\u00e1du na sv\u00e9 triko a odpov\u011bdnost, kdy\u017e za to  nedostane v\u016fbec nic, pt\u00e1 se Jakl. P\u0159esto ch\u00e1pe, \u017ee tento sc\u00e9n\u00e1\u0159 je  k\u00fd\u017een\u00fd.<\/p>\n<p><strong>Vl\u00e1da nep\u0159edlo\u017eila reformu s velk\u00fdm R<\/strong><\/p>\n<p>Jakl poukazuje na to, \u017ee vl\u00e1da zat\u00edm nevyprodukovala \u017e\u00e1dn\u00e9 reformy.  N\u011bkter\u00e9 z\u00e1kony jsou podle n\u011bj jenom parametrick\u00e9 zm\u011bny, n\u011bkter\u00e9 jsou  koncep\u010dn\u00ed \u00fapravy, ale chyb\u00ed reforma s velk\u00fdm R.<\/p>\n<p>D\u016fchodovou reformu ozna\u010dil Jakl za zvl\u00e1\u0161tn\u00edho hybrida, kter\u00fd nikdy nebyl  na politick\u00e9 sc\u00e9n\u011b obh\u00e1jen. Prezidentovi by navrhl, aby takov\u00fd z\u00e1kon  vetoval.<\/p>\n<p style=\"font-weight: bold;\">Soci\u00e1ln\u00ed demokrat\u00e9 ozn\u00e1mili, \u017ee vl\u00e1da s nimi neprojedn\u00e1v\u00e1 reformy<\/p>\n<p>\u201eVe slovech \u010cSSD je cosi objektivn\u00edho. Vl\u00e1da m\u00e1 zat\u00edm 118 hlas\u016f a je  ot\u00e1zka, zda pr\u00e1v\u011b tato skute\u010dnost by nem\u011bla v\u00e9st vl\u00e1du alespo\u0148 k  z\u00e1kladn\u00ed komunikaci s opozic\u00ed. Pak je zde mo\u017enost, \u017ee po dal\u0161\u00edch volb\u00e1ch  dojde ke zm\u011bn\u011b parametrick\u00fdch \u00fadaj\u016f v z\u00e1konech. Proto pova\u017euji za  moudr\u00e9, kdy\u017e jsou z\u00e1sadn\u00ed v\u011bci s v\u00fdhledem a\u017e t\u0159iceti let konzultov\u00e1ny i s  opozic\u00ed,&#8220; mysl\u00ed si Jakl.<\/p>\n<p><strong>Jakl: St\u00e1v\u00e1 se, \u017ee na sebe s Klausem k\u0159i\u010d\u00edme<\/strong><\/p>\n<p>N\u011bkter\u00e9 porady s prezidentem pr\u00fd b\u00fdvaj\u00ed hodn\u011b emotivn\u00ed. Stalo se, \u017ee  Jakl na prezidenta k\u0159i\u010del. Porady v \u00fazk\u00e9m kruhu kolem prezidenta jsou  hodn\u011b otev\u0159en\u00e9 a n\u011bkdy i ostr\u00e9.<\/p>\n<p>\u201eKdy\u017e se otev\u0159e n\u011bjak\u00e9 t\u00e9ma a ost\u0159e si ho vy\u0159\u00edk\u00e1me, u\u017e se k tomu posl\u00e9ze  nevrac\u00edme. Neovlivn\u00ed to dal\u0161\u00ed vztah. To bych si p\u0159\u00e1l i u sv\u00fdch p\u0159\u00e1tel,&#8220;  uzav\u0159el Jakl.<\/p>\n<p><a href=\"http:\/\/www.parlamentnilisty.cz\/zpravy\/199449.aspx\" target=\"_blank\">Zdroj<\/a><\/p>\n","protected":false},"excerpt":{"rendered":"<p>V po\u0159adu Impulsy V\u00e1clava Moravce byl hostem Ladislav Jakl, tajemn\u00edk prezidenta V\u00e1clava Klause a politick\u00fd \u0159editel kancel\u00e1\u0159e prezidenta republiky. Vyjad\u0159oval se k sou\u010dasn\u00fdm probl\u00e9m\u016fm ve vl\u00e1d\u011b, ale prozradil tak\u00e9, jak prob\u00edhaj\u00ed osobn\u00ed jedn\u00e1n\u00ed s prezidentem.<\/p>\n","protected":false},"author":1,"featured_media":0,"comment_status":"open","ping_status":"open","sticky":false,"template":"","format":"standard","meta":{"ngg_post_thumbnail":0,"footnotes":""},"categories":[11],"tags":[],"class_list":["post-1070","post","type-post","status-publish","format-standard","hentry","category-ozvena"],"_links":{"self":[{"href":"https:\/\/www.ladislavjakl.cz\/index.php?rest_route=\/wp\/v2\/posts\/1070","targetHints":{"allow":["GET"]}}],"collection":[{"href":"https:\/\/www.ladislavjakl.cz\/index.php?rest_route=\/wp\/v2\/posts"}],"about":[{"href":"https:\/\/www.ladislavjakl.cz\/index.php?rest_route=\/wp\/v2\/types\/post"}],"author":[{"embeddable":true,"href":"https:\/\/www.ladislavjakl.cz\/index.php?rest_route=\/wp\/v2\/users\/1"}],"replies":[{"embeddable":true,"href":"https:\/\/www.ladislavjakl.cz\/index.php?rest_route=%2Fwp%2Fv2%2Fcomments&post=1070"}],"version-history":[{"count":1,"href":"https:\/\/www.ladislavjakl.cz\/index.php?rest_route=\/wp\/v2\/posts\/1070\/revisions"}],"predecessor-version":[{"id":1071,"href":"https:\/\/www.ladislavjakl.cz\/index.php?rest_route=\/wp\/v2\/posts\/1070\/revisions\/1071"}],"wp:attachment":[{"href":"https:\/\/www.ladislavjakl.cz\/index.php?rest_route=%2Fwp%2Fv2%2Fmedia&parent=1070"}],"wp:term":[{"taxonomy":"category","embeddable":true,"href":"https:\/\/www.ladislavjakl.cz\/index.php?rest_route=%2Fwp%2Fv2%2Fcategories&post=1070"},{"taxonomy":"post_tag","embeddable":true,"href":"https:\/\/www.ladislavjakl.cz\/index.php?rest_route=%2Fwp%2Fv2%2Ftags&post=1070"}],"curies":[{"name":"wp","href":"https:\/\/api.w.org\/{rel}","templated":true}]}}