{"id":10714,"date":"2019-11-06T13:00:27","date_gmt":"2019-11-06T12:00:27","guid":{"rendered":"http:\/\/www.ladislavjakl.cz\/?p=10714"},"modified":"2019-11-06T13:00:47","modified_gmt":"2019-11-06T12:00:47","slug":"ladislav-jakl-ct-bych-zrusil-zamestnanci-na-kritiku-reaguji-pokrikem-ze-oni-jsou-zarukou-demokracie-rada-ct-nehaji-koncesionare-ale-vedeni","status":"publish","type":"post","link":"https:\/\/www.ladislavjakl.cz\/?p=10714","title":{"rendered":"Ladislav Jakl: \u010cT bych zru\u0161il! Zam\u011bstnanci na kritiku reaguj\u00ed pok\u0159ikem, \u017ee oni jsou z\u00e1rukou demokracie. Rada \u010cT neh\u00e1j\u00ed koncesion\u00e1\u0159e, ale veden\u00ed"},"content":{"rendered":"<p>Prezident Milo\u0161 Zeman ud\u011bloval 28. \u0159\u00edjna na Pra\u017esk\u00e9m hrad\u011b nejvy\u0161\u0161\u00ed st\u00e1tn\u00ed vyznamen\u00e1n\u00ed. Ani letos se ud\u011blov\u00e1n\u00ed neobe\u0161lo bez kritiky ke skladb\u011b vyznamenan\u00fdch. A\u0165 u\u017e jde o hokejistu Jarom\u00edra J\u00e1gra, zesnul\u00e9ho starostu V\u00eddn\u011b Helmuta Zilka, chartistu Jana Schneidera, nebo t\u0159eba um\u011blce Jana Saudka. M\u011bl jste k&nbsp;n\u011bkomu mezi vyznamenan\u00fdmi v\u00fdhrady? A pro\u010d?<\/p>\n<p><!--more--><\/p>\n<p>Je v\u011bc\u00ed ka\u017ed\u00e9ho prezidenta, jak zach\u00e1z\u00ed s&nbsp;institutem st\u00e1tn\u00edch vyznamen\u00e1n\u00ed. Je to v\u017edy jist\u00fd rukopis. Ka\u017ed\u00fd by na jeho m\u00edst\u011b postupoval trochu jinak, co\u017e ale neznamen\u00e1, \u017ee jeden p\u0159\u00edstup je spr\u00e1vn\u00fd a jin\u00fd \u0161patn\u00fd. Respektuji v\u00fdb\u011br prezidenta Zemana, ale pov\u00edm v\u00e1m, jak bych na jeho m\u00edst\u011b postupoval nap\u0159\u00edklad j\u00e1. Zaprv\u00e9 bych ud\u011blil vyznamen\u00e1n\u00ed asi tak polovinu, mo\u017en\u00e1 dokonce jen t\u0159etinu. P\u0159es \u010dty\u0159icet je podle mne moc a vede to k&nbsp;jist\u00e9 inflaci t\u00e9to st\u00e1tn\u00ed pocty. Prezident Klaus zavedl vedle st\u00e1tn\u00edch vyznamen\u00e1n\u00ed sv\u00e9 prezidentsk\u00e9 plakety, kter\u00e9 m\u011bly jin\u00fd status, byly osobn\u011bj\u0161\u00ed a bylo mo\u017en\u00e9 je d\u00e1t i tomu, kdo v&nbsp;jeho o\u010d\u00edch p\u0159eci jen na st\u00e1tn\u00ed vyznamen\u00e1n\u00ed dosud nedorostl. Prezident Zeman ale i tento okruh lid\u00ed rovnou dekoroval poctou nejvy\u0161\u0161\u00ed. Zadruh\u00e9: prezident Zeman se zamiloval do oce\u0148ov\u00e1n\u00ed historick\u00fdch osobnost\u00ed. Po\u010d\u00edt\u00e1m, \u017ee p\u0159\u00ed\u0161t\u011b vyznamen\u00e1 Komensk\u00e9ho, Palack\u00e9ho nebo Ji\u0159\u00edho z&nbsp;Pod\u011bbrad. Historick\u00e9 osobnosti si zasluhuj\u00ed \u00factu, ale d\u00e1vat d\u00e1vno zem\u0159el\u00fdm st\u00e1tn\u00ed vyznamen\u00e1n\u00ed prost\u0159ednictv\u00edm potomk\u016f z&nbsp;p\u00e1t\u00e9ho kolene je prost\u011b podivn\u00e9. Zat\u0159et\u00ed: u\u017e vyznamenan\u00e9 bych d\u00e1le \u201enep\u0159ece\u0148oval\u201c. Jedno st\u00e1tn\u00ed vyznamen\u00e1n\u00ed je na jeden lidsk\u00fd \u017eivot a\u017ea\u017e. K&nbsp;jednotlivc\u016fm se vyjad\u0159ovat nehodl\u00e1m, jejich skladba je prost\u011b autorsk\u00fdm Zemanov\u00fdm d\u00edlem.<\/p>\n<p><strong>N\u011bkdej\u0161\u00ed europoslanec Libor Rou\u010dek k&nbsp;atmosf\u00e9\u0159e p\u0159i ud\u011blov\u00e1n\u00ed \u0159ekl: \u201eV \u017eivot\u011b jsem za\u017eil spoustu st\u00e1tn\u00edch sv\u00e1tk\u016f. V Rakousku i v N\u011bmecku, ve Francii i v Brit\u00e1nii, v Americe i v Austr\u00e1lii. V \u017e\u00e1dn\u00e9 zemi jsem v\u0161ak nevid\u011bl p\u0159i slavnostn\u00edch ceremoni\u00e1lech tolik zasmu\u0161il\u00fdch tv\u00e1\u0159\u00ed a v projevech nec\u00edtil tolik negativn\u00ed energie jako dnes v t\u00e9 na\u0161\u00ed. Atmosf\u00e9ra na Hrad\u011b smutn\u011bj\u0161\u00ed ne\u017e na poh\u0159bech.\u201c Jak p\u016fsobil ceremoni\u00e1l na v\u00e1s? Kritika se snesla i na Zeman\u016fv projev, podle Rou\u010dka se b\u011bhem projevu se p\u0159\u00edli\u0161 nemluvilo o \u010desk\u00e9 st\u00e1tnosti, \u010di o poselstv\u00ed do budoucna. Za\u010d\u00ednaj\u00ed b\u00fdt \u010desk\u00e9 sv\u00e1tky sp\u00ed\u0161e sou\u010d\u00e1st\u00ed politick\u00fdch souboj\u016f, ne\u017e oslavou st\u00e1tnosti a n\u00e1roda?&nbsp; <\/strong><\/p>\n<p>Nem\u00e1m pot\u0159ebu recenzovat v\u00fdroky onoho p\u00e1na.<\/p>\n<p><strong>Ve Sn\u011bmovn\u011b se op\u011bt hodn\u011b prot\u00e1hlo schv\u00e1len\u00ed v\u00fdro\u010dn\u00edch zpr\u00e1v \u010cesk\u00e9 televize, nakonec v\u0161ak v\u0161echny zpr\u00e1vy schv\u00e1leny byly. Jste \u010dlenem Rady pro televizn\u00ed a rozhlasov\u00e9 vys\u00edl\u00e1n\u00ed, co na d\u011bn\u00ed kolem \u010cesk\u00e9 televize \u0159\u00edk\u00e1te? Tedy hospoda\u0159en\u00ed, st\u0159et z\u00e1jm\u016f \u0159editele \u010cesk\u00e9 televize a podobn\u011b? <\/strong><\/p>\n<p>\u010ceskou televizi z\u0159\u00eddil st\u00e1t, sv\u011b\u0159il j\u00ed (dosti v\u00e1gn\u011b) pln\u011bn\u00ed n\u011bjak\u00fdch \u00fakol\u016f a d\u00e1v\u00e1 j\u00ed k&nbsp;tomu miliardy z&nbsp;kapes da\u0148ov\u00fdch poplatn\u00edk\u016f. A projedn\u00e1v\u00e1n\u00ed doty\u010dn\u00fdch zpr\u00e1v je jedin\u00fdm n\u00e1strojem, jak m\u016f\u017ee ve\u0159ejnost prost\u0159ednictv\u00edm sv\u00fdch zvolen\u00fdch z\u00e1stupc\u016f alespo\u0148 trochu form\u00e1ln\u011b kontrolovat, zda st\u00e1tem z\u0159\u00edzen\u00e1 instituce pln\u00ed za ve\u0159ejn\u00e9 pen\u00edze sv\u00e9 posl\u00e1n\u00ed. Tento n\u00e1stroj je stanoven z\u00e1konem a to, \u017ee po mnoha letech ml\u010den\u00ed a automatick\u00e9ho schvalov\u00e1n\u00ed byla tentokr\u00e1t kolem zpr\u00e1v aspo\u0148 n\u011bjak\u00e1 debata, je to \u00fapln\u00e9 minimum, co demokratick\u00e9 instituce maj\u00ed v&nbsp;t\u00e9to v\u011bci d\u011blat. Pt\u00e1te se mne, co na debatu kolem schvalov\u00e1n\u00ed zpr\u00e1v \u0159\u00edk\u00e1m coby \u010dlen Rady pro vys\u00edl\u00e1n\u00ed. Na to mus\u00edm odpov\u011bd\u011bt, \u017ee vlastn\u011b nic. Rada, ve kter\u00e9 sed\u00edm j\u00e1, m\u016f\u017ee (a podle mne i mus\u00ed) kontrolovat pouze to, zda obsah vys\u00edl\u00e1n\u00ed jednotliv\u00fdch provozovatel\u016f je nebo nen\u00ed v&nbsp;souladu se z\u00e1konem. Polopaticky \u0159e\u010deno, star\u00e1me se pouze o to, co \u201eleze z&nbsp;obrazovky.\u201c V\u011bci kolem hospoda\u0159en\u00ed a pr\u00e1ce managementu m\u00e1 posuzovat Rada \u010cesk\u00e9 televize a Poslaneck\u00e1 sn\u011bmovna. Podle mne to ale ned\u011blaj\u00ed ani zdaleka d\u016fsledn\u011b.<\/p>\n<p><strong>A jak vn\u00edm\u00e1te v\u00fdtky na nez\u00e1vislost a objektivitu televize. Jak ze sv\u00e9ho pohledu hodnot\u00edte pr\u00e1ci redaktor\u016f a report\u00e9r\u016f \u010cesk\u00e9 televize<\/strong>?<\/p>\n<p>Kdy\u017e novin\u00e1\u0159 pracuje v&nbsp;n\u011bjak\u00e9m m\u00e9diu, kter\u00e9 m\u00e1 vlastn\u00edka, nem\u016f\u017ee si d\u011blat, co chce. Vlastn\u00edk m\u00e1 mechanismy, jak zaru\u010dit, aby na \u00farove\u0148 pr\u00e1ce sv\u00fdch zam\u011bstnanc\u016f mohl dohl\u00ed\u017eet, jinak by dopustil po\u0161kozov\u00e1n\u00ed vlastn\u00edch z\u00e1jm\u016f. \u010cesk\u00e1 televize vlastn\u00edka nem\u00e1. Zam\u011bstnanci nejsou pod \u017e\u00e1dn\u00fdm tlakem. A na ka\u017edou kritiku reaguj\u00ed pok\u0159ikem, \u017ee to oni jsou pr\u00fd z\u00e1rukou demokracie. Za takov\u00fdch okolnost\u00ed je prost\u011b logick\u00e9, \u017ee takov\u00e1 televize objektivn\u00ed a poctiv\u00e1 b\u00fdt nem\u016f\u017ee.<\/p>\n<p><strong>Pln\u00ed Rada \u010cesk\u00e9 televize spr\u00e1vn\u011b sv\u00e9 povinnosti? <\/strong><\/p>\n<p>Ne. A nikdo na to po\u0159\u00e1dn\u011b nedohl\u00ed\u017e\u00ed. Rada \u010cesk\u00e9 televize, a te\u010f m\u00e1m namysli nejen tuto aktu\u00e1ln\u00ed radu, ale v\u0161echny jej\u00ed p\u0159edch\u016fdkyn\u011b, se v\u017edy okam\u017eit\u011b nech\u00e1 ocho\u010dit veden\u00edm televize a zm\u011bn\u00ed se z&nbsp;kontroln\u00edho org\u00e1nu v&nbsp;obrann\u00fd \u0161t\u00edt. Rada m\u00e1 zastupovat div\u00e1ky a poplatn\u00edky. M\u00edsto toho h\u00e1j\u00ed veden\u00ed televize p\u0159ed kritikou div\u00e1k\u016f a poplatn\u00edk\u016f.<\/p>\n<p><strong>Jak podle v\u00e1s zaru\u010dit nez\u00e1vislost ve\u0159ejnopr\u00e1vn\u00edch m\u00e9di\u00ed? A m\u011bnil byste n\u011bco na dne\u0161n\u00edm syst\u00e9mu koncesion\u00e1\u0159sk\u00fdch poplatk\u016f \u2013 tedy financov\u00e1n\u00ed \u010cesk\u00e9 televize? Souvis\u00ed to spolu n\u011bjak \u2013 tedy financov\u00e1n\u00ed voli\u010di a nez\u00e1vislost?<\/strong><\/p>\n<p>J\u00e1 bych \u010ceskou televizi zru\u0161il. \u017d\u00e1dn\u00e9 pozm\u011bn\u011bn\u00e9 financov\u00e1n\u00ed nezaru\u010d\u00ed, \u017ee se op\u011bt nestane n\u00e1strojem v&nbsp;rukou nik\u00fdm nekontrolovan\u00fdch nepr\u016fhledn\u00fdch z\u00e1jm\u016f.<\/p>\n<p><strong>St\u00e1v\u00e1 se z&nbsp;\u010dlenstv\u00ed v&nbsp;Rad\u011b politick\u00fd obchod? P\u0159\u00ed\u0161t\u00ed rok m\u00e1 doj\u00edt k v\u00fdm\u011bn\u011b \u0161esti \u010dlen\u016f v&nbsp;Rad\u011b \u010cesk\u00e9 televize. Oz\u00fdvaj\u00ed se hlasy, \u017ee se stane sou\u010d\u00e1st\u00ed politick\u00fdch c\u00edl\u016f vzhledem k&nbsp;vl\u00e1dnouc\u00edmu hnut\u00ed ANO, co vy na to? <\/strong><\/p>\n<p>Pro\u010d chod\u00edme k&nbsp;volb\u00e1m? K&nbsp;\u010demu existuje politika a politick\u00e1 sout\u011b\u017e? K&nbsp;\u010demu v\u016fbec existuj\u00ed st\u00e1tn\u00ed instituce, p\u0159edev\u0161\u00edm volen\u00fd parlament? Aby pe\u010dovaly o ve\u0159ejn\u00e9 statky. Ve v\u0161ech oblastech. Tedy i v&nbsp;oblasti rozhlasov\u00e9ho a televizn\u00edho vys\u00edl\u00e1n\u00ed. Pok\u0159ik o tom, \u017ee by zvolen\u00ed z\u00e1stupci snad nem\u011bli dohl\u00ed\u017eet na ve\u0159ejn\u00e9 instituce, vyvol\u00e1v\u00e1 jednoduchou ot\u00e1zku: kdo na n\u011b tedy dohl\u00ed\u017eet m\u00e1? Kdo bude ve\u0159ejnost zastupovat l\u00e9pe ne\u017e zvolen\u00ed z\u00e1stupci? N\u011bjac\u00ed vyvolen\u00ed? Podle m\u011b tedy rad\u011bji ti zvolen\u00ed ne\u017e ti vyvolen\u00ed.<\/p>\n<p><strong>Chv\u00edlemi to podle z\u00fa\u010dastn\u011bn\u00fdch z&nbsp;\u0159ad poslanc\u016f vypadalo, \u017ee Rada \u010cT gener\u00e1ln\u00edho \u0159editele a chod televize sp\u00ed\u0161e h\u00e1j\u00ed, ne\u017e aby k&nbsp;n\u011bmu zauj\u00edmala kritick\u00fd p\u0159\u00edstup. Je takov\u00e9 jedn\u00e1n\u00ed podle v\u00e1s v&nbsp;po\u0159\u00e1dku<\/strong>?<\/p>\n<p>To takhle funguje u\u017e od za\u010d\u00e1tku, u\u017e jsem o tom mluvil. To nejmen\u0161\u00ed, co by bylo mo\u017en\u00e9 ud\u011blat, by bylo, aby rada u\u017e nesed\u011bla v&nbsp;budov\u011b \u010cesk\u00e9 televize, aby sed\u011bla t\u0159eba n\u011bkde v&nbsp;parlamentu a byla financov\u00e1na z&nbsp;parlamentn\u00edho rozpo\u010dtu a ne z&nbsp;pen\u011bz instituce, kterou m\u00e1 kontrolovat. Rada si mus\u00ed dr\u017eet management od t\u011bla, mus\u00ed ho um\u011bt postavit do lat\u011b a ne mu zobat z&nbsp;ruky.<\/p>\n<p><strong>Nejbohat\u0161\u00ed \u010cech Petr Kellner koupil spole\u010dnost CME a s&nbsp;n\u00ed i TV Nova. N\u011bkte\u0159\u00ed varuj\u00ed, \u017ee se t\u00edm d\u00e1le m\u00e9dia dost\u00e1vaj\u00ed do podru\u010d\u00ed \u010desk\u00fdch miliard\u00e1\u0159\u016f, kte\u0159\u00ed skrze n\u011b cht\u011bj\u00ed ovliv\u0148ovat voli\u010de, jin\u00ed zase \u0159\u00edkaj\u00ed, \u017ee lep\u0161\u00ed Kellner, ne\u017e n\u011bkdo z&nbsp;ciziny. Kter\u00fd postoj je v\u00e1m bli\u017e\u0161\u00ed?<\/strong><\/p>\n<p>Zkusme nejd\u0159\u00edv malou lekci matematiky. PPF koupila CME za 50 miliard. To je tis\u00edckr\u00e1t v\u00edc, ne\u017e kolik stoj\u00ed velkou parlamentn\u00ed stranu p\u0159edvolebn\u00ed kampa\u0148. Fakt mysl\u00ed n\u011bkdo v\u00e1\u017en\u011b, \u017ee n\u011bkdo d\u00e1 tis\u00edckr\u00e1t v\u00edc, ne\u017e d\u00e1vaj\u00ed strany za kampa\u0148, jen na to, aby ovliv\u0148oval voli\u010de? Ano, kampa\u0148 stoj\u00ed velk\u00e9 strany asi pades\u00e1t milion\u016f. Za cenu CME by takov\u00fdch kampan\u00ed bylo na tis\u00edc let ka\u017ed\u00fd rok. Podle mne jde o ryze obchodn\u00ed transakci. CME asi neum\u011bla svou investici dostate\u010dn\u011b zhodnocovat, \u010demu\u017e se vlastn\u011b moc nediv\u00edm. A tak se j\u00ed zbavila. Byla p\u0159\u00edli\u0161 americk\u00e1, st\u0159edoevropsk\u00e9mu div\u00e1kovi vzd\u00e1len\u00e1. Liber\u00e1ln\u011b levicov\u00ed vlastn\u00edci z&nbsp;Ameriky n\u00e1m tak za\u0159\u00eddili nekone\u010dn\u00fd seri\u00e1l, co dnes zase stra\u0161liv\u00e9ho provedl ten satansk\u00fd Trump, dopln\u011bn\u00fd pravideln\u00fdm zpravodajstv\u00edm, co zas r\u00e1no na\u0161li p\u0159ekr\u00e1sn\u00e9ho v&nbsp;plenk\u00e1ch n\u011bjak\u00e9ho britsk\u00e9ho princ\u00e1tka. I jako zaj\u00edmavosti ze sportu byly \u010desk\u00fdm div\u00e1k\u016fm vnucov\u00e1ny skv\u011bl\u00e9 momenty z&nbsp;baseballu, kter\u00e9mu u n\u00e1s nikdo nerozum\u00ed. Nova prost\u011b p\u0159eb\u00edr\u00e1 v\u0161e nastojato z&nbsp;velk\u00fdch sv\u011btov\u00fdch (hlavn\u011b americk\u00fdch) agentur, v\u010detn\u011b \u0159azen\u00ed a v\u00fdb\u011bru zpr\u00e1v. Ho\u0159\u00edc\u00ed golfov\u00fd klub zn\u00e1m\u00e9ho kalifornsk\u00e9ho herce je pak v\u011bt\u0161\u00ed ud\u00e1lost\u00ed ne\u017e pades\u00e1t uho\u0159el\u00fdch P\u00e1kist\u00e1nc\u016f ve vlaku stejn\u00fd den. Nov\u00fd majitel bude cht\u00edt hlavn\u011b vyd\u011blat. A asi bude zn\u00e1t \u010desk\u00e9ho div\u00e1ka l\u00e9pe, ne\u017e kdov\u00edkde sed\u00edc\u00ed strat\u00e9gov\u00e9 CME. Nova bude vyd\u011bl\u00e1vat v\u00edc, p\u016fjde-li v\u00edce naproti \u010desk\u00e9mu div\u00e1kovi. Sv\u011bt\u00e1\u010dk\u016f u n\u00e1s nen\u00ed tolik, aby u\u017eivili velkou televizi.&nbsp;&nbsp;<\/p>\n<p><strong>Je spojen\u00ed Kellnera a Novy \u0161patnou zpr\u00e1vou pro n\u011bkter\u00e9 politiky? A kdo z&nbsp;politick\u00fdch \u0161pi\u010dek m\u016f\u017ee z&nbsp;tohoto v\u00fdvoje naopak t\u011b\u017eit?<\/strong><\/p>\n<p>Mysl\u00edm, \u017ee Nova p\u016fjde tvrd\u011b po pen\u011bz\u00edch a tedy i po sledovanosti. A to je koneckonc\u016f nejlep\u0161\u00ed ochranou p\u0159ed t\u00edm, aby slo\u017eila n\u011bjak\u00fdm parci\u00e1ln\u00edm z\u00e1jm\u016fm. To toti\u017e div\u00e1k v\u017edy vyc\u00edt\u00ed a projev\u00ed se to v&nbsp;jeho ni\u017e\u0161\u00ed ochot\u011b takov\u00e9 m\u00e9dium sledovat. \u0160patnou zpr\u00e1vou to tedy m\u016f\u017ee b\u00fdt leda pro ty, co dosud zkou\u0161eli vl\u00e9zt do Novy zadn\u00edmi vr\u00e1tky.<\/p>\n<p><strong>Podle Franti\u0161ka Laud\u00e1ta Zeman s&nbsp;Babi\u0161em dostali lid do ulic a nyn\u00ed se ti sam\u00ed p\u00e1nov\u00e9 lidu boj\u00ed. To m\u00e1 dokl\u00e1dat nap\u0159\u00edklad to, \u017ee lo\u0148sk\u00fdch oslav 17. listopadu se premi\u00e9r Babi\u0161 z\u00fa\u010dastnil tak n\u011bjak pokradmu. Je tento stav, tedy rozd\u011blen\u00e1 spole\u010dnost, t\u00edm, co po obou vrcholn\u00fdch politic\u00edch zbyde? Sou\u010dasn\u00fd politick\u00fd establishment podle Laud\u00e1ta p\u0159\u00edmo ohro\u017euje stabilitu polistopadov\u00e9ho politick\u00e9ho uspo\u0159\u00e1d\u00e1n\u00ed. Pr\u00fd doch\u00e1z\u00ed k&nbsp;postupn\u00e9mu couv\u00e1n\u00ed na k\u0159i\u017eovatku roku 1989, pozorujete podobn\u00fd posun tak\u00e9?<\/strong><\/p>\n<p>Nem\u00e1m pot\u0159ebu recenzovat v\u00fdroky onoho p\u00e1na.<\/p>\n<p><em>Za Parlamentn\u00ed listy se ptala Zuzana Koulov\u00e1<\/em><\/p>\n","protected":false},"excerpt":{"rendered":"<p>Prezident Milo\u0161 Zeman ud\u011bloval 28. \u0159\u00edjna na Pra\u017esk\u00e9m hrad\u011b nejvy\u0161\u0161\u00ed st\u00e1tn\u00ed vyznamen\u00e1n\u00ed. Ani letos se ud\u011blov\u00e1n\u00ed neobe\u0161lo bez kritiky ke skladb\u011b vyznamenan\u00fdch. A\u0165 u\u017e jde o hokejistu Jarom\u00edra J\u00e1gra, zesnul\u00e9ho starostu V\u00eddn\u011b Helmuta Zilka, chartistu Jana Schneidera, nebo t\u0159eba um\u011blce Jana Saudka. M\u011bl jste k&nbsp;n\u011bkomu mezi vyznamenan\u00fdmi v\u00fdhrady? A pro\u010d?<\/p>\n","protected":false},"author":1,"featured_media":0,"comment_status":"open","ping_status":"open","sticky":false,"template":"","format":"standard","meta":{"ngg_post_thumbnail":0,"footnotes":""},"categories":[13],"tags":[],"class_list":["post-10714","post","type-post","status-publish","format-standard","hentry","category-rozhovory"],"_links":{"self":[{"href":"https:\/\/www.ladislavjakl.cz\/index.php?rest_route=\/wp\/v2\/posts\/10714","targetHints":{"allow":["GET"]}}],"collection":[{"href":"https:\/\/www.ladislavjakl.cz\/index.php?rest_route=\/wp\/v2\/posts"}],"about":[{"href":"https:\/\/www.ladislavjakl.cz\/index.php?rest_route=\/wp\/v2\/types\/post"}],"author":[{"embeddable":true,"href":"https:\/\/www.ladislavjakl.cz\/index.php?rest_route=\/wp\/v2\/users\/1"}],"replies":[{"embeddable":true,"href":"https:\/\/www.ladislavjakl.cz\/index.php?rest_route=%2Fwp%2Fv2%2Fcomments&post=10714"}],"version-history":[{"count":1,"href":"https:\/\/www.ladislavjakl.cz\/index.php?rest_route=\/wp\/v2\/posts\/10714\/revisions"}],"predecessor-version":[{"id":10715,"href":"https:\/\/www.ladislavjakl.cz\/index.php?rest_route=\/wp\/v2\/posts\/10714\/revisions\/10715"}],"wp:attachment":[{"href":"https:\/\/www.ladislavjakl.cz\/index.php?rest_route=%2Fwp%2Fv2%2Fmedia&parent=10714"}],"wp:term":[{"taxonomy":"category","embeddable":true,"href":"https:\/\/www.ladislavjakl.cz\/index.php?rest_route=%2Fwp%2Fv2%2Fcategories&post=10714"},{"taxonomy":"post_tag","embeddable":true,"href":"https:\/\/www.ladislavjakl.cz\/index.php?rest_route=%2Fwp%2Fv2%2Ftags&post=10714"}],"curies":[{"name":"wp","href":"https:\/\/api.w.org\/{rel}","templated":true}]}}