{"id":1072,"date":"2011-06-17T09:24:52","date_gmt":"2011-06-17T08:24:52","guid":{"rendered":"http:\/\/www.ladislavjakl.cz\/?p=1072"},"modified":"2011-06-17T09:24:52","modified_gmt":"2011-06-17T08:24:52","slug":"klaus-zamitne-zdravotnickou-reformu-naznacil-tajemnik-jakl","status":"publish","type":"post","link":"https:\/\/www.ladislavjakl.cz\/?p=1072","title":{"rendered":"Klaus zam\u00edtne zdravotnickou reformu, nazna\u010dil tajemn\u00edk Jakl"},"content":{"rendered":"<p>Zdravotnick\u00e1 reforma je jedn\u00edm z kl\u00ed\u010dov\u00fdch \u00fakol\u016f sou\u010dasn\u00e9 vl\u00e1dy. Chystan\u00e9 zm\u011bny ve zdravotnictv\u00ed dokonce odsouhlasily i moment\u00e1ln\u011b &#8222;koali\u010dn\u011b neposlu\u0161n\u00e9&#8220; V\u011bci ve\u0159ejn\u00e9. Te\u010f to v\u0161ak vypad\u00e1, \u017ee reforma ztroskot\u00e1 na (ne)souhlasu prezidenta V\u00e1clava Klause. Jeho tajemn\u00edk Ladislav Jakl p\u0159ipustil, \u017ee bal\u00edk zm\u011bn ve zdravotnictv\u00ed pravd\u011bpodobn\u011b \u010dek\u00e1 veto hlavy st\u00e1tu.<\/p>\n<p><!--more--><\/p>\n<p>&#8222;Tomu nen\u00ed mo\u017en\u00e9 \u0159\u00edkat reforma. J\u00e1 zdravotnickou reformu nevid\u00edm, ani  kdybych se um\u011bl d\u00edvat za roh,\u201c prohl\u00e1sil tajemn\u00edk prezidenta a \u0161\u00e9f  politick\u00e9ho odboru prezidentsk\u00e9 kancel\u00e1\u0159e Jakl v r\u00e1diu Impuls.<\/p>\n<p>Kabinet premi\u00e9ra Petra Ne\u010dase, kter\u00fd n\u00e1vrhy\u00a0p\u0159edkl\u00e1d\u00e1, \u010delil Klausov\u011b  kritice\u00a0u\u017e p\u0159i projedn\u00e1v\u00e1n\u00ed\u00a0d\u016fchodov\u00e9 reformy.\u00a0Prezident\u016fv  kontroverzn\u00ed\u00a0poradce Jakl v t\u00e9 souvislosti p\u0159ipustil, \u017ee oba bal\u00edky  vl\u00e1dy by mohlo \u010dekat i veto dvojit\u00e9. &#8222;Je to klidn\u011b mo\u017en\u00e9,\u201c \u0159ekl Jakl.<\/p>\n<p>Zdravotnick\u00e1 reforma v sob\u011b obsahuje p\u0159edev\u0161\u00edm \u00fasporn\u00e1 opat\u0159en\u00ed. Do  roku 2014 by m\u011bla stoupnout o p\u011bt procent, tedy na 22 procent. \u00a0Vzr\u016fst  by m\u011bl poplatek za pobyt v nemocnici ze sou\u010dasn\u00fdch 60 korun na stokorunu  denn\u011b. Pacienti ale nebudou zat\u00edm platit za levn\u011bj\u0161\u00ed amalg\u00e1mov\u00e9 plomby,  uhrad\u00ed jim je nad\u00e1le zdravotn\u00ed poji\u0161\u0165ovna. Za kvalitn\u011bj\u0161\u00ed amalg\u00e1mov\u00e9  plomby v kapsl\u00edch a b\u00edl\u00e9 plomby mimo p\u0159edn\u00ed zuby u\u017e pacienti plat\u00ed te\u010f.  Dal\u0161\u00ed rezervy, p\u0159ibli\u017en\u011b ve stejn\u00e9 v\u00fd\u0161i jako nav\u00fd\u0161en\u00ed spolu\u00fa\u010dasti  pacient\u016f, cht\u011bj\u00ed politici hledat v l\u00e9kov\u00e9 politice, spr\u00e1v\u011b poji\u0161\u0165oven a  nap\u0159\u00edklad v l\u00e1ze\u0148stv\u00ed.<\/p>\n<p>Vedle Hradu se kritick\u00e9 hlasy na adresu  reformy oz\u00fdvaj\u00ed i ze strany odbor\u00e1\u0159\u016f. Ti cht\u011bj\u00ed, aby byla zdravotnick\u00e1  novela \u00fapln\u011b sta\u017eena. Podle odbor\u00e1\u0159\u016f by jej\u00ed n\u00e1sledky zat\u00ed\u017eily  dom\u00e1cnosti.<\/p>\n<p>Prvn\u00ed bal\u00ed\u010dek\u00a0zdravotnick\u00fdch novinek by m\u011bli poslanci projedn\u00e1vat 14. \u010dervna.<\/p>\n<p><strong>Jakl: Sou\u010dasn\u00e1 politika m\u011b nebav\u00ed<\/strong><\/p>\n<p>Jakl  na Impulsu tak\u00e9 \u0159ekl, \u017ee ho sou\u010dasn\u00e1 politika nebav\u00ed. Podle n\u011bj \u00a0jde  sp\u00ed\u0161 o \u0161p\u00ednu: &#8222;J\u00e1 jsem v\u017edycky za politiku pova\u017eoval st\u0159et r\u016fzn\u00fdch  idej\u00ed, koncept\u016f, sout\u011b\u017e mezi nimi. \u017de bych za politiku pova\u017eoval to, \u017ee  se ka\u017ed\u00fd den pod\u00edv\u00e1m na televizi nebo kouknu na noviny a vid\u00edm tam jednu  kauzu za druhou, kdy se jedna strana sna\u017e\u00ed p\u0159es m\u00e9dia o\u010dernit tu  druhou, vypuk\u00e1vaj\u00ed r\u016fzn\u00e9 skand\u00e1ly, tomu j\u00e1 snad ani nem\u016f\u017eu \u0159\u00edct  politika, to m\u011b nebav\u00ed. To je n\u011bjak\u00e1 \u0161p\u00edna, nev\u00edm, jak tomu \u0159\u00edkat.  Medi\u00e1ln\u00ed vz\u00e1jemn\u00e9 o\u010der\u0148ov\u00e1n\u00ed,\u201c \u0159ekl Jakl.<\/p>\n<p><a href=\"http:\/\/www.tyden.cz\/rubriky\/domaci\/politika\/klaus-zamitne-zdravotnickou-reformu-naznacil-tajemnik-jakl_204071.html\" target=\"_blank\">Zdroj<\/a><\/p>\n","protected":false},"excerpt":{"rendered":"<p>Zdravotnick\u00e1 reforma je jedn\u00edm z kl\u00ed\u010dov\u00fdch \u00fakol\u016f sou\u010dasn\u00e9 vl\u00e1dy. Chystan\u00e9 zm\u011bny ve zdravotnictv\u00ed dokonce odsouhlasily i moment\u00e1ln\u011b &#8222;koali\u010dn\u011b neposlu\u0161n\u00e9&#8220; V\u011bci ve\u0159ejn\u00e9. Te\u010f to v\u0161ak vypad\u00e1, \u017ee reforma ztroskot\u00e1 na (ne)souhlasu prezidenta V\u00e1clava Klause. Jeho tajemn\u00edk Ladislav Jakl p\u0159ipustil, \u017ee bal\u00edk zm\u011bn ve zdravotnictv\u00ed pravd\u011bpodobn\u011b \u010dek\u00e1 veto hlavy st\u00e1tu.<\/p>\n","protected":false},"author":1,"featured_media":0,"comment_status":"open","ping_status":"open","sticky":false,"template":"","format":"standard","meta":{"ngg_post_thumbnail":0,"footnotes":""},"categories":[11],"tags":[],"class_list":["post-1072","post","type-post","status-publish","format-standard","hentry","category-ozvena"],"_links":{"self":[{"href":"https:\/\/www.ladislavjakl.cz\/index.php?rest_route=\/wp\/v2\/posts\/1072","targetHints":{"allow":["GET"]}}],"collection":[{"href":"https:\/\/www.ladislavjakl.cz\/index.php?rest_route=\/wp\/v2\/posts"}],"about":[{"href":"https:\/\/www.ladislavjakl.cz\/index.php?rest_route=\/wp\/v2\/types\/post"}],"author":[{"embeddable":true,"href":"https:\/\/www.ladislavjakl.cz\/index.php?rest_route=\/wp\/v2\/users\/1"}],"replies":[{"embeddable":true,"href":"https:\/\/www.ladislavjakl.cz\/index.php?rest_route=%2Fwp%2Fv2%2Fcomments&post=1072"}],"version-history":[{"count":1,"href":"https:\/\/www.ladislavjakl.cz\/index.php?rest_route=\/wp\/v2\/posts\/1072\/revisions"}],"predecessor-version":[{"id":1073,"href":"https:\/\/www.ladislavjakl.cz\/index.php?rest_route=\/wp\/v2\/posts\/1072\/revisions\/1073"}],"wp:attachment":[{"href":"https:\/\/www.ladislavjakl.cz\/index.php?rest_route=%2Fwp%2Fv2%2Fmedia&parent=1072"}],"wp:term":[{"taxonomy":"category","embeddable":true,"href":"https:\/\/www.ladislavjakl.cz\/index.php?rest_route=%2Fwp%2Fv2%2Fcategories&post=1072"},{"taxonomy":"post_tag","embeddable":true,"href":"https:\/\/www.ladislavjakl.cz\/index.php?rest_route=%2Fwp%2Fv2%2Ftags&post=1072"}],"curies":[{"name":"wp","href":"https:\/\/api.w.org\/{rel}","templated":true}]}}