{"id":10740,"date":"2019-11-26T10:28:57","date_gmt":"2019-11-26T09:28:57","guid":{"rendered":"http:\/\/www.ladislavjakl.cz\/?p=10740"},"modified":"2019-11-26T10:28:57","modified_gmt":"2019-11-26T09:28:57","slug":"sedmnacty-listopad-nepatri-jen-kavarne-prohlaseni-akce-d-o-s-t-17-11-2019","status":"publish","type":"post","link":"https:\/\/www.ladislavjakl.cz\/?p=10740","title":{"rendered":"Sedmn\u00e1ct\u00fd listopad nepat\u0159\u00ed jen kav\u00e1rn\u011b \u2013 Prohl\u00e1\u0161en\u00ed Akce D.O.S.T. \u2013 17.11. 2019"},"content":{"rendered":"<p><em>Prohl\u00e1\u0161en\u00ed Akce D.O.S.T. k listopadov\u00e9mu v\u00fdro\u010d\u00ed<\/em><\/p>\n<p>Dnes jsme si p\u0159ipomn\u011bli jeden z v\u00fdznamn\u00fdch symbol\u016f p\u00e1du komunismu p\u0159ed t\u0159iceti lety. Jsme vd\u011b\u010dni, \u017ee se t\u00e9to p\u0159ipom\u00ednky m\u016f\u017ee z\u00fa\u010dastnit ka\u017ed\u00fd, kdo si cen\u00ed n\u00e1vratu svobody do na\u0161\u00ed zem\u011b. I dnes jsme v\u0161ak na N\u00e1rodn\u00ed t\u0159\u00edd\u011b byli sv\u011bdky toho, \u017ee n\u011bkte\u0159\u00ed z n\u00e1s svobodu druh\u00fdm up\u00edraj\u00ed. \u017de n\u011bkte\u0159\u00ed z n\u00e1s by nejrad\u011bji ob\u010dany s odli\u0161n\u00fdm n\u00e1zorem z t\u00e9to slavnostn\u00ed chv\u00edle n\u00e1siln\u011b vylou\u010dili. Takov\u00fdm chceme vzk\u00e1zat, \u017ee to, po \u010dem volaj\u00ed, rozhodn\u011b nen\u00ed svoboda, ale jen v\u011bt\u0161\u00ed pod\u00edl na moci. Nejl\u00e9pe monopoln\u00ed pod\u00edl. Pluralita do na\u0161\u00ed spole\u010dnosti pat\u0159\u00ed, stejn\u011b jako postoje, kter\u00e9 se n\u011bkomu mohou nel\u00edbit. Ve chv\u00edli, kdy si p\u0159ipom\u00edn\u00e1me t\u0159icet let svobody, bychom ale m\u011bli pr\u00e1v\u011b tuto pluralitu oslavovat a nikoli nahrazovat n\u00e1zorovou uniformitou.<\/p>\n<p><!--more--><\/p>\n<p><strong>Nostalgie za totalitou?<\/strong><\/p>\n<p>\u010cesk\u00e1 spole\u010dnost je v postoji k soudob\u00e9 politick\u00e9 realit\u011b a k hodnocen\u00ed r\u016fzn\u00fdch f\u00e1z\u00ed a osobnost\u00ed polistopadov\u00e9ho v\u00fdvoje hluboce rozd\u011blena. R\u016fzn\u00ed mainstreamov\u00ed koment\u00e1to\u0159i, pro kter\u00e9 je ka\u017ed\u00fd kritik nep\u0159\u00edtelem \u201evelk\u00e9ho listopadu\u201c, vid\u00ed toto rozd\u011blen\u00ed zjednodu\u0161en\u011b a varuj\u00ed p\u0159ed \u00fadajn\u00fdm n\u00e1r\u016fstem nostalgie za Hus\u00e1kovsk\u00fdm re\u017eimem. Tito koment\u00e1to\u0159i vh\u00e1n\u011bj\u00ed (mo\u017en\u00e1 \u00famysln\u011b) v\u0161echny sv\u00e9 oponenty do jednoho chumlu, \u010d\u00edm\u017e doch\u00e1z\u00ed k optick\u00e9mu klamu, kdy se komunistick\u00e9 nebezpe\u010d\u00ed jev\u00ed v\u011bt\u0161\u00ed, ne\u017e je. Skute\u010dnost je jin\u00e1: Mnoz\u00ed lid\u00e9 opravdu vzpom\u00ednaj\u00ed na doby, \u201ekdy bylo l\u00edp\u201c, nemaj\u00ed t\u00edm ov\u0161em na mysli nesvobodn\u00e9 pom\u011bry tzv. re\u00e1ln\u00e9ho socialismu, n\u00fdbr\u017e zvyklosti norm\u00e1ln\u00edho sv\u011bta, kter\u00e9 m\u011bli v srdc\u00edch, bez ohledu na tehdy vl\u00e1dnouc\u00ed re\u017eim, nebo jemu navzdory. Do norm\u00e1ln\u00edho sv\u011bta se ostatn\u011b tak\u00e9 cht\u011bli v roce 1989 naplno vr\u00e1tit!<\/p>\n<p>Sv\u011bta svobody podnik\u00e1n\u00ed, projevu a p\u0159esv\u011bd\u010den\u00ed. Sv\u011bta, kde se dostane spole\u010densk\u00e9ho uzn\u00e1n\u00ed hodnot\u00e1m, jako je rodina, v\u011brnost, pracovitost, nikoli fanatismus, udava\u010dstv\u00ed a podl\u00e9zavost. Sv\u011bta suver\u00e9nn\u00edch a svobodn\u00fdch n\u00e1rodn\u00edch st\u00e1t\u016f, nikoli um\u011bl\u00e9ho internacionalismu. Soudob\u00e9 nadn\u00e1rodn\u00ed \u201eelity\u201c v\u0161ak brzy po listopadu 1989 nab\u00eddli ob\u010dan\u016fm m\u00edsto n\u00e1vratu k normalit\u011b op\u011bt vizi jak\u00fdchsi jasn\u00fdch z\u00edt\u0159k\u016f v podob\u011b globalisovan\u00e9 multikulturn\u00ed spole\u010dnosti. Spole\u010dnosti, kter\u00e1 krok za krokem zpochyb\u0148uje ob\u010dansk\u00e9 svobody (a\u0165 u\u017e pod z\u00e1minkou ekologick\u00e9 krize nebo ochrany sv\u00e9voln\u011b stanoven\u00fdch \u201elidsk\u00fdch pr\u00e1v\u201c).<\/p>\n<p>Skute\u010dn\u011b, tak\u0159ka v\u0161echny tolik vytou\u017een\u00e9 svobody, jich\u017e se ob\u010dan\u00e9 u n\u00e1s v listopadu 1989 dovol\u00e1vali, byly a jsou t\u011bmito \u201eelitami\u201c b\u011bhem posledn\u00edch t\u0159iceti let znovu a znovu napad\u00e1ny. Snad s v\u00fdjimkou svobody cestov\u00e1n\u00ed, kter\u00e1 \u201eelit\u00e1m\u201c (aspo\u0148 zat\u00edm) nevad\u00ed, jsou toti\u017e p\u0159esv\u011bd\u010deny o sv\u00e9m brzk\u00e9m glob\u00e1ln\u00edm \u00fasp\u011bchu a z toho plynouc\u00ed jistoty, \u017ee z jejich r\u00e1je nebude kam ut\u00e9ct. Stejn\u00e9 multikulturn\u00ed vize, kter\u00e9 prosazuj\u00ed u n\u00e1s, u\u017e p\u0159edt\u00edm imputovaly spole\u010dnosti z\u00e1padn\u00ed a v mnoha zem\u00edch je dnes n\u00e1zorov\u00e9 rozd\u011blen\u00ed ve\u0159ejnosti ost\u0159ej\u0161\u00ed ne\u017e u n\u00e1s (z toho vznikaj\u00edc\u00ed nap\u011bt\u00ed je asi nejviditeln\u011bj\u0161\u00ed ve Spojen\u00fdch st\u00e1tech mezi p\u0159\u00edznivci a odp\u016frci sou\u010dasn\u00e9ho prezidenta). \u010cesk\u00e1 spole\u010dnost tedy netrp\u00ed rozd\u011blen\u00edm na p\u0159\u00edznivce demokratick\u00fdch z\u00edt\u0159k\u016f a komunistick\u00fdch v\u010derej\u0161k\u016f, ale na fanatick\u00e9 (nebo naivn\u00ed) stoupence multikulturalismu, kte\u0159\u00ed si d\u011blaj\u00ed monopol na 17. listopad a cynicky (nebo naivn\u011b) se za\u0161ti\u0165uj\u00ed hesly o pravd\u011b a l\u00e1sce, a ob\u010dany, kte\u0159\u00ed odm\u00edtaj\u00ed zav\u00edrat o\u010di p\u0159ed hrozbou nov\u00e9 nesvobody!<\/p>\n<p><strong>Populismus?<\/strong><\/p>\n<p>V roce 1989 si ob\u010dan\u00e9 p\u0159\u00e1li n\u00e1vrat do svobodn\u00e9ho sv\u011bta, m\u00edsto toho se ocitli ve sv\u011bt\u011b \u201eNo go\u201c z\u00f3n, kam se Evropan boj\u00ed vstoupit. Ve sv\u011bt\u011b, kde \u201eodborn\u00edci\u201c na universit\u00e1ch s v\u00e1\u017enou tv\u00e1\u0159\u00ed tvrd\u00ed, \u017ee u \u010dlov\u011bka existuje n\u011bkolik set druh\u016f pohlav\u00ed (a kde ostatn\u00ed akademici k t\u011bmto nesmysl\u016fm ml\u010d\u00ed). Ve sv\u011bt\u011b, kde se n\u011bkter\u00e9 jevy op\u011bt nesm\u011bj\u00ed pojmenovat prav\u00fdm jm\u00e9nem (nap\u0159\u00edklad sexu\u00e1ln\u00ed deviace). Ve sv\u011bt\u011b, kde zklam\u00e1vaj\u00ed i mnoh\u00e9 duchovn\u00ed autority (\u010d\u00e1st z nich jsou odporn\u00ed pedofilov\u00e9 a \u010d\u00e1st ochotn\u00ed p\u0159ekrucova\u010di nauky podle dikt\u00e1tu \u201eelit\u201c). Ve sv\u011bt\u011b, kde se vyvolen\u00e9 \u201eneziskov\u00e9 organizace\u201c t\u011b\u0161\u00ed nem\u00edstn\u00e9 ve\u0159ejn\u00e9 podpo\u0159e, s pomoc\u00ed m\u00e9di\u00ed manipuluj\u00ed davy a sna\u017e\u00ed se nahradit parlamentn\u00ed uspo\u0159\u00e1d\u00e1n\u00ed hybridn\u00edm syst\u00e9mem, kryt\u00fdm l\u00edbiv\u00fdm n\u00e1zvem liber\u00e1ln\u00ed demokracie.<\/p>\n<p>Zklam\u00e1n\u00ed z tohoto v\u00fdvoje je d\u016fvodem, pro\u010d ob\u010dan\u00e9 d\u00e1vaj\u00ed sv\u00e9 hlasy tzv. populist\u016fm (t\u00edmto titulem \u201eelity\u201c ozna\u010d\u00ed ka\u017ed\u00e9ho politika, jen\u017e se v n\u011b\u010dem odch\u00fdl\u00ed od stanoven\u00e9 linie). P\u0159\u00edznivci pravdol\u00e1sky \u010di tzv. pra\u017esk\u00e9 kav\u00e1rny se \u010dasto zlob\u00ed, \u017ee \u010d\u00e1st ob\u010dan\u016f dala n\u011bkomu takov\u00e9mu volebn\u00ed hlas. Nikdy se v\u0161ak neptaj\u00ed, pro\u010d se tak stalo. Odpov\u011b\u010f je p\u0159itom jednoduch\u00e1: Proto\u017ee nestoj\u00ed o v\u00e1\u0161 globalisovan\u00fd r\u00e1j. Necht\u011bj\u00ed se s v\u00e1mi h\u00e1dat na ulic\u00edch nebo ve zbyte\u010dn\u00fdch internetov\u00fdch diskus\u00edch, m\u00edsto toho jdou k volebn\u00edm urn\u00e1m a hod\u00ed to komukoli, kdo m\u011bl dost pen\u011bz na p\u0159edvolebn\u00ed kampa\u0148 (tak\u017ee ho znaj\u00ed) a kdo z\u00e1rove\u0148 nen\u00ed \u00fapln\u011b spjat s va\u0161imi hodnotami (jako je nekritizovatelnost EU, genderismus, nadpr\u00e1va men\u0161in atd.). Hlasy dan\u00e9 tzv. populist\u016fm jsou hlasy protestu.<\/p>\n<p><strong>Proti permanentn\u00ed revoluci<\/strong><\/p>\n<p>A\u010dkoli to p\u0159edstavitel\u00e9 pra\u017esk\u00e9 kav\u00e1rny neradi sly\u0161\u00ed, jejich vize p\u0159edstavuj\u00ed vlastn\u011b to nejhor\u0161\u00ed z komunismu: my\u0161lenku trockistick\u00e9 permanentn\u00ed revoluce proti tradi\u010dn\u00edm hodnot\u00e1m na\u0161ich n\u00e1rod\u016f, i proti existenci evropsk\u00fdch n\u00e1rod\u016f v\u016fbec. Tyto vize se za\u0161ti\u0165uj\u00ed lidsk\u00fdmi pr\u00e1vy a dovol\u00e1vaj\u00ed se humanismu, p\u0159itom v\u0161ak nejsou ochotny poskytnout skute\u010dn\u011b ohro\u017een\u00fdm skupin\u00e1m ob\u010dan\u016f ani spole\u010densk\u00fd respekt, ani chab\u00e9 soci\u00e1ln\u00ed \u201ejistoty\u201c n\u011bkdej\u0161\u00edho re\u00e1ln\u00e9ho socialismu. (Pro mlad\u00e9 man\u017eele maj\u00ed jedinou radu \u2013 nem\u011bjte d\u011bti. A pro chud\u00e9 star\u0161\u00ed lidi obdobnou \u2013 v\u010das si vy\u017e\u00e1dejte euthanasii).<\/p>\n<p>To jsou vize, kter\u00e9 nechceme. P\u0159ejeme na\u0161\u00ed zemi pracovit\u00e9 a podnikav\u00e9 lidi, mlad\u00e1 man\u017eelstv\u00ed, funguj\u00edc\u00ed rodiny schopn\u00e9 poskytnout sv\u00fdm \u010dlen\u016fm pot\u0159ebn\u00e9 z\u00e1zem\u00ed, \u00fact\u011b se t\u011b\u0161\u00edc\u00ed starce a p\u0159edev\u0161\u00edm \u0161\u0165astn\u00e9, v bezpe\u010d\u00ed \u017eij\u00edc\u00ed d\u011bti. P\u0159ejeme na\u0161emu n\u00e1rodu budoucnost. Proto dnes mus\u00edme jm\u00e9nem Akce D.O.S.T. prohl\u00e1sit, \u017ee v\u00fdro\u010d\u00ed 17. listopadu 1989, dne boje za svobodu a demokracii, nepat\u0159\u00ed jen kav\u00e1rn\u011b. V\u017edy\u0165 mnoz\u00ed z n\u00e1s se tehdy aktivn\u011b zapojili do demonstrac\u00ed proti totalitn\u00edmu re\u017eimu. Dnes, t\u0159icet let po t\u00e9, n\u00e1s ov\u0161em stejn\u00e9 d\u016fvody jako tehdy op\u011bt nut\u00ed ke spole\u010densk\u00e9 aktivit\u011b.<\/p>\n<p>Akce D.O.S.T. nen\u00ed politickou stranou, t\u00edm sp\u00ed\u0161e v\u0161ak m\u016f\u017ee spojovat, navazovat kontakty a inspirovat. V\u011bdom\u00ed v\u00e1\u017enosti sou\u010dasn\u00fdch hrozeb n\u00e1s dnes vede k ochot\u011b nab\u00eddnout ruku ke spolupr\u00e1ci ka\u017ed\u00e9mu \u010dlov\u011bku dobr\u00e9 v\u016fle, kter\u00fd sd\u00edl\u00ed na\u0161e obavy a na\u0161e sny, v\u010detn\u011b v\u010derej\u0161\u00edch a p\u0159edv\u010derej\u0161\u00edch nep\u0159\u00e1tel. Samoz\u0159ejm\u011b nab\u00edz\u00edme podporu autentick\u00e9 konzervativn\u00ed pravici, ale, a\u010dkoli d\u016frazn\u011b odm\u00edt\u00e1me marxistickou filosofii, jsme p\u0159ipraveni na konkr\u00e9tn\u00edch probl\u00e9mech spolupracovat se v\u0161emi, kdo se neodrodili n\u00e1rodu a nesd\u00edlej\u00ed nen\u00e1vistn\u00e9 vize permanentn\u00ed revoluce.<\/p>\n<p>A\u010dkoli jsme vlastenci a n\u00e1rodn\u00ed z\u00e1jmy jsou pro n\u00e1s z\u00e1sadn\u00ed, jsme p\u0159ipraveni spolupracovat i s autentick\u00fdmi vlastenci jin\u00fdch n\u00e1rod\u016f, zejm\u00e9na bl\u00edzk\u00fdch st\u0159edoevropsk\u00fdch partner\u016f, jako je n\u00e1rod slovensk\u00fd, polsk\u00fd a ma\u010farsk\u00fd, ale tak\u00e9 t\u011bch, s nimi\u017e jsou \u010desk\u00e9 vztahy dlouhodob\u011b zat\u00ed\u017eeny v\u00e1\u017en\u00fdmi historick\u00fdmi spory, jako jsou Raku\u0161an\u00e9, N\u011bmci \u010di Rusov\u00e9. V\u011b\u0159\u00edme v budoucnost Evropy. V\u011b\u0159\u00edme ve vitalitu jej\u00edch mu\u017e\u016f a \u017een. V\u011b\u0159\u00edme v s\u00edlu p\u0159irozen\u00fdch autorit. V\u011b\u0159\u00edme v hodnoty \u0159\u00e1du a svobody.<\/p>\n<p>V Praze 17. listopadu 2019<\/p>\n<p><strong>Mgr. Petr Bahn\u00edk \u2013 historik<\/strong><\/p>\n<p><strong>Mgr. Michal Sem\u00edn \u2013 politolog<\/strong><\/p>\n<p><strong>Ladislav Jakl \u2013 \u00fa\u0159edn\u00edk<br \/>\n<\/strong><\/p>\n<p><strong>PhDr. Ji\u0159\u00ed Hejlek \u2013 filosof<\/strong><\/p>\n<p><strong>Ji\u0159\u00ed Sodoma \u2013 d\u016fchodce<\/strong><\/p>\n<p><strong>Anton\u00edn Minarsk\u00fd \u2013 d\u016fchodce<\/strong><\/p>\n<p><strong>Vlastimil Podrack\u00fd \u2013 spisovatel<\/strong><\/p>\n<p><strong>Mgr. Ivo \u0160vajner \u2013 st\u00e1tn\u00ed zam\u011bstnanec<\/strong><\/p>\n<p><strong>David Hibsch \u2013 grafik a v\u00fdtvarn\u00edk<\/strong><\/p>\n<p><strong>Franti\u0161ek \u010cervenka \u2013 publicista<\/strong><\/p>\n<p><strong>Ladislav Mal\u00fd \u2013 d\u016fchodce&nbsp;<\/strong><\/p>\n<p><strong>Jan Kopal \u2013 st\u00e1tn\u00ed zam\u011bstnanec<\/strong><\/p>\n<p><strong>Ing. Mgr. Ji\u0159\u00ed Hamouz- OSV\u010c<\/strong><\/p>\n<p><strong>Jan \u010c\u00e1ka \u2013 podnikatel<\/strong><\/p>\n<p><strong>Mgr. Igor Voln\u00fd \u2013 pr\u00e1vn\u00edk<\/strong><\/p>\n<p><strong>Tom\u00e1\u0161 \u010cada \u2013 \u017eivnostn\u00edk<\/strong><\/p>\n<p><strong>Du\u0161ica Zimov\u00e1 \u2013 ob\u010danka \u010cesk\u00e9 republiky<\/strong><\/p>\n<p><strong>RNDr. Ivana Haslingerov\u00e1, CSc. \u2013 \u0161\u00e9fredaktorka revue Fragmenty<\/strong><\/p>\n<p><strong>Doc. Ing. Ji\u0159\u00ed Panc\u00ed\u0159, CSc. \u2013 vydavatel revue Fragmenty<\/strong><\/p>\n<p><strong>Pavel Dole\u017eal \u2013 v\u00fdtvarn\u00edk<\/strong><\/p>\n<p><strong>Mgr. Marcela Justov\u00e1 \u2013 \u00fa\u0159ednice<\/strong><\/p>\n<p><strong>Ing. Petr Smet\u00e1nka \u2013 IT specialista<\/strong><\/p>\n<p><strong>Pavel Vachek \u2013 pracovn\u00edk IT<\/strong><\/p>\n<p><strong>Bc. Yvona \u0160kurkov\u00e1 \u2013 \u00fa\u010detn\u00ed<\/strong><\/p>\n<p><strong>RNDr. Libor Kraj\u00ed\u010dek \u2013 projektant<\/strong><\/p>\n<p><strong>Ing. Ji\u0159\u00ed Ml\u010doch \u2013 d\u016fchodce<\/strong><\/p>\n<p><strong>Ing. Jan Chramosta \u2013 Chemik<\/strong><\/p>\n<p><strong>RNDr. Jan Klepet\u00e1\u0159 \u2013 ob\u010dan \u010cesk\u00e9 republiky<\/strong><\/p>\n<p><strong>Ing. Ji\u0159\u00ed Vodi\u010dka \u2013 chemik<\/strong><\/p>\n<p><strong>Milan Z\u00e1ruba \u2013 obchodn\u00ed v IT<\/strong><\/p>\n<p><strong>Emil Hlah\u016flek \u2013 mana\u017eer<\/strong><\/p>\n<p><strong>Karel K\u0159\u00ed\u017e \u2013 ekonom<\/strong><\/p>\n<p><strong>Petr \u0160m\u00edda \u2013 \u0159editel obchodn\u00ed firmy<\/strong><\/p>\n<p><strong>Vladim\u00edr Steinhauser \u2013 podnikatel<\/strong><\/p>\n<p><strong>Ing. Ji\u0159\u00ed Za\u0148ka \u2013 OSV\u010c<\/strong><\/p>\n<p><strong>Ing. Ivan \u0160r\u00e1mek \u2013 OSV\u010c<\/strong><\/p>\n<p><strong>Ing. Pytela Adolf \u2013 ekonomick\u00fd \u0159editel<\/strong><\/p>\n<p><strong>Petr Masner \u2013 p\u0159ekladatel<\/strong><\/p>\n<p><strong>Petr Andrle \u2013spisovatel a publicista<\/strong><\/p>\n<p><strong>Hynek T\u0159\u00edska \u2013 \u0159emesln\u00edk<\/strong><\/p>\n<p><strong>Vojt\u011bch \u0160enke\u0159\u00edk \u2013 student<\/strong><\/p>\n<p><strong>RNDr. Otto Jarol\u00edmek, CSc. \u2013 vysoko\u0161kolsk\u00fd pedagog a podnikatel<\/strong><\/p>\n<p><strong>Ji\u0159\u00ed Zahr\u00e1dka \u2013 analytik<\/strong><\/p>\n<p><strong>Ivo Gec \u2013 IT manager<\/strong><\/p>\n<p><strong>Mgr. Radim Lhot\u00e1k \u2013 podnikatel<\/strong><\/p>\n<p><strong>Petr \u0160m\u00edda \u2013 \u0159editel obchodn\u00ed firmy<\/strong><\/p>\n<p><strong>Vladim\u00edr Steinhauser \u2013 podnikatel<\/strong><\/p>\n<p><strong>Ing. Ivan \u0160r\u00e1mek \u2013 OSV\u010c<\/strong><\/p>\n<p><strong>V\u011bra Kocourkov\u00e1 \u2013 d\u016fchodkyn\u011b<\/strong><\/p>\n<p><strong>Stanislav Vesel\u00fd \u2013 \u0159editel firmy<\/strong><\/p>\n<p><strong>Pavel Mach\u00e1lek \u2013 mana\u017eer<\/strong><\/p>\n<p><strong>Ing. Ji\u0159\u00ed H\u00e1jek \u2013 mana\u017eer<\/strong><\/p>\n<p><strong>Ladislav David Rejl \u2013 podnikatel<\/strong><\/p>\n<p><strong>Jakub Zatloukal \u2013 u\u010ditel<\/strong><\/p>\n<p><strong>PhDr. Radom\u00edr Mal\u00fd \u2013 c\u00edrkevn\u00ed historik a publicista<\/strong><\/p>\n<p><strong>Stanislava Jechov\u00e1 \u2013 d\u016fchodkyn\u011b<\/strong><\/p>\n<p><strong>Vladim\u00edr Steinhauser \u2013 podnikatel<\/strong><\/p>\n<p><strong>Petr Andrle \u2013 spisovatel a publicista<\/strong><\/p>\n<p><strong>Ivo Vesel\u00fd \u2013 \u00fa\u0159edn\u00edk<\/strong><\/p>\n<p><strong>David Floryk \u2013 podnikatel<\/strong><\/p>\n<p><strong>Miroslav N\u011bme\u010dek \u2013 d\u016fchodce<\/strong><\/p>\n<p><strong>Ing. Vladim\u00edr Helsner \u2013 d\u016fchodce<\/strong><\/p>\n<p><strong>Petr Fialek \u2013 d\u016fchodce<\/strong><\/p>\n<p><strong>Marie Kr\u00e1lov\u00e1 \u2013 p\u00e9\u010de o osobu bl\u00edzkou<\/strong><\/p>\n<p><strong>JUDr. Hana Jemelkov\u00e1 \u2013 d\u016fchodkyn\u011b<\/strong><\/p>\n<p><a href=\"http:\/\/www.akce-dost.cz\/2019\/11\/17\/sedmnacty-listopad-nepatri-jen-kavarne-prohlaseni-akce-d-o-s-t-17-11-2019\/\">Zdroj<\/a><\/p>\n","protected":false},"excerpt":{"rendered":"<p>Prohl\u00e1\u0161en\u00ed Akce D.O.S.T. k listopadov\u00e9mu v\u00fdro\u010d\u00ed Dnes jsme si p\u0159ipomn\u011bli jeden z v\u00fdznamn\u00fdch symbol\u016f p\u00e1du komunismu p\u0159ed t\u0159iceti lety. Jsme vd\u011b\u010dni, \u017ee se t\u00e9to p\u0159ipom\u00ednky m\u016f\u017ee z\u00fa\u010dastnit ka\u017ed\u00fd, kdo si cen\u00ed n\u00e1vratu svobody do na\u0161\u00ed zem\u011b. I dnes jsme v\u0161ak na N\u00e1rodn\u00ed t\u0159\u00edd\u011b byli sv\u011bdky toho, \u017ee n\u011bkte\u0159\u00ed z n\u00e1s svobodu druh\u00fdm up\u00edraj\u00ed. \u017de n\u011bkte\u0159\u00ed [&hellip;]<\/p>\n","protected":false},"author":1,"featured_media":0,"comment_status":"open","ping_status":"open","sticky":false,"template":"","format":"standard","meta":{"ngg_post_thumbnail":0,"footnotes":""},"categories":[1],"tags":[],"class_list":["post-10740","post","type-post","status-publish","format-standard","hentry","category-publikovane-clanky"],"_links":{"self":[{"href":"https:\/\/www.ladislavjakl.cz\/index.php?rest_route=\/wp\/v2\/posts\/10740","targetHints":{"allow":["GET"]}}],"collection":[{"href":"https:\/\/www.ladislavjakl.cz\/index.php?rest_route=\/wp\/v2\/posts"}],"about":[{"href":"https:\/\/www.ladislavjakl.cz\/index.php?rest_route=\/wp\/v2\/types\/post"}],"author":[{"embeddable":true,"href":"https:\/\/www.ladislavjakl.cz\/index.php?rest_route=\/wp\/v2\/users\/1"}],"replies":[{"embeddable":true,"href":"https:\/\/www.ladislavjakl.cz\/index.php?rest_route=%2Fwp%2Fv2%2Fcomments&post=10740"}],"version-history":[{"count":1,"href":"https:\/\/www.ladislavjakl.cz\/index.php?rest_route=\/wp\/v2\/posts\/10740\/revisions"}],"predecessor-version":[{"id":10741,"href":"https:\/\/www.ladislavjakl.cz\/index.php?rest_route=\/wp\/v2\/posts\/10740\/revisions\/10741"}],"wp:attachment":[{"href":"https:\/\/www.ladislavjakl.cz\/index.php?rest_route=%2Fwp%2Fv2%2Fmedia&parent=10740"}],"wp:term":[{"taxonomy":"category","embeddable":true,"href":"https:\/\/www.ladislavjakl.cz\/index.php?rest_route=%2Fwp%2Fv2%2Fcategories&post=10740"},{"taxonomy":"post_tag","embeddable":true,"href":"https:\/\/www.ladislavjakl.cz\/index.php?rest_route=%2Fwp%2Fv2%2Ftags&post=10740"}],"curies":[{"name":"wp","href":"https:\/\/api.w.org\/{rel}","templated":true}]}}