{"id":10750,"date":"2019-12-20T10:32:47","date_gmt":"2019-12-20T09:32:47","guid":{"rendered":"http:\/\/www.ladislavjakl.cz\/?p=10750"},"modified":"2019-12-20T10:32:47","modified_gmt":"2019-12-20T09:32:47","slug":"suvisia-rozpad-rodiny-a-ekonomicka-efektivita-pyta-sa-jakl","status":"publish","type":"post","link":"https:\/\/www.ladislavjakl.cz\/?p=10750","title":{"rendered":"S\u00favisia rozpad rodiny a ekonomick\u00e1 efektivita?, p\u00fdta sa Jakl"},"content":{"rendered":"<p><strong>Po\u010das mnoh\u00fdch storo\u010d\u00ed fungovala v rodine skuto\u010dn\u00e1 medzigenera\u010dn\u00e1 i vz\u0165ahov\u00e1 solidarita, ktor\u00e1 nemala len altruistick\u00e9 mot\u00edvy.&nbsp;<\/strong>Postavenie rodiny v spolo\u010dnosti je moment\u00e1lne na Slovensku ve\u013emi diskutovanou t\u00e9mou. Niektor\u00e9 hlasy sa oz\u00fdvaj\u00fa za tradi\u010dn\u00fa rodinu, ktor\u00fa tvoria mu\u017e-otec, \u017eena-matka a deti. In\u00e9 skupiny tvrdia, \u017ee tradi\u010dn\u00e1 rodina je pre\u017eitkom, preto\u017ee v niektor\u00fdch krajin\u00e1ch je mo\u017enos\u0165, aby die\u0165a malo dve matky \u010di dvoch otcov.<\/p>\n<p><!--more--><\/p>\n<p>Ak sa na \u201emodern\u00fa\u201c rodinu pozrieme z ekonomick\u00e9ho h\u013eadiska a ekonomickej funkcie rodiny, tak dve \u017eeny a dvaja mu\u017ei nikdy nebud\u00fa ma\u0165 \u010fal\u0161\u00edch potomkov, tak\u017ee v bud\u00facnosti nebude ma\u0165 kto pracova\u0165 na ich d\u00f4chodkov\u00e9 zabezpe\u010denie.<\/p>\n<p>To, \u017ee \u00fapadok rodiny sp\u00f4sobuje ekonomick\u00fa disfunkciu spolo\u010dnosti, si mysl\u00ed aj Ladislav Jakl, ktor\u00fd to uviedol vo svojom blogu s n\u00e1zvom \u201eS\u00favisia rozpad rodiny a ekonomick\u00e1 efektivita?\u201c \u201eV s\u00favislosti so stratou tempa n\u00e1\u0161ho ekonomick\u00e9ho rozvoja sa spr\u00e1vne pripom\u00edna, \u017ee jeho korene v\u00e4zia vo v\u0161eobecnej\u0161\u00edch dysfunkci\u00e1ch cel\u00e9ho spolo\u010densk\u00e9ho syst\u00e9mu, vr\u00e1tane kr\u00edzy k\u013e\u00fa\u010dovej in\u0161tit\u00facie na\u0161ej civiliz\u00e1cie, ktorou je rodina.\u201c<\/p>\n<div id=\"div-gpt-ad-v_clanku_2\" data-google-query-id=\"CNCM5L71w-YCFQmVdwodBB4LEA\">\n<div id=\"google_ads_iframe_\/21759560675\/hlavnespravy.sk\/v_clanku_2_0__container__\">Po\u010das mnoh\u00fdch storo\u010d\u00ed fungovala v rodine skuto\u010dn\u00e1 medzigenera\u010dn\u00e1 i vz\u0165ahov\u00e1 solidarita, ktor\u00e1 nemala len altruistick\u00e9 mot\u00edvy. Pod\u013ea Jakla sa \u201ekedysi \u013eudia sna\u017eili, aby mali \u010do najviac det\u00ed a aby ich \u010do najlep\u0161ie vychovali, aj preto, lebo to pre nich bola najlep\u0161ia invest\u00edcia do vlastnej bud\u00facnosti: ich deti sa potom v starobe postarali o ne. Okrem in\u00e9ho aj z podobn\u00e9ho d\u00f4vodu sa \u013eudia starali o svojich rodi\u010dov: aby poskytli pr\u00edklad a mor\u00e1lny z\u00e1v\u00e4zok svojim de\u0165om. Man\u017eel sa staral o svoju man\u017eelku tie\u017e preto, aby sa ona \u010do najlep\u0161ie starala o jeho domov. A man\u017eelka o sa man\u017eela starala aj preto, aby mu umo\u017enila rodinu \u010do najlep\u0161ie zabezpe\u010di\u0165. Podobne po st\u00e1ro\u010dia fungovali aj \u010fal\u0161ie rodinn\u00e9 v\u00e4zby.\u201c<\/div>\n<\/div>\n<div id=\"proads_space_in_text_video_ad\">&nbsp;<\/div>\n<p>D\u00f4vody, ktor\u00e9 viedli k er\u00f3zii rodiny boli spojen\u00e9 s individualiz\u00e1ciou spolo\u010dnosti, ke\u010f rodina prest\u00e1vala by\u0165 spolo\u010denskou jednotkou. \u010eal\u0161\u00ed devastuj\u00faci dopad na \u0148u mala kolektiviz\u00e1cia spolo\u010dnosti, uv\u00e1dza Jakl.<\/p>\n<p>Dnes je pod\u013ea Jakla \u010dlovek v zajat\u00ed \u0161t\u00e1tu. Mnoh\u00ed \u013eudia s\u00fa vplyvom ekonomickej situ\u00e1cie z\u00e1visl\u00ed na d\u00e1vkach \u010di in\u00fdch pr\u00edspevkoch od \u0161t\u00e1tu. To m\u00e1 tie\u017e demot\u00edvuj\u00faci dopad, ktor\u00fd sa prejavuje v rodinn\u00fdch v\u00e4zb\u00e1ch a n\u00e1sledne v efektivite syst\u00e9mu: \u201eNa spolo\u010dn\u00fd st\u00f4l, z ktor\u00e9ho si m\u00f4\u017eu v\u0161etci bra\u0165 pod\u013ea \u013eubov\u00f4le, sa nikomu nechce prid\u00e1va\u0165 zo svojho. Je \u013eah\u0161ie si bra\u0165, tak ako to robia ostatn\u00ed. A to sa prejav\u00ed poklesom bohatstva, ktor\u00e9 na onom spolo\u010dnom stole le\u017e\u00ed,\u201c uv\u00e1dza na z\u00e1ver Jakl k problematike rodiny a ekonomiky.<\/p>\n<p><a href=\"https:\/\/www.hlavnespravy.sk\/suvisia-rozpad-rodiny-a-ekonomicka-efektivita-pyta-sa-jakl\/226289\">Zdroj<\/a><\/p>\n","protected":false},"excerpt":{"rendered":"<p>Po\u010das mnoh\u00fdch storo\u010d\u00ed fungovala v rodine skuto\u010dn\u00e1 medzigenera\u010dn\u00e1 i vz\u0165ahov\u00e1 solidarita, ktor\u00e1 nemala len altruistick\u00e9 mot\u00edvy.&nbsp;Postavenie rodiny v spolo\u010dnosti je moment\u00e1lne na Slovensku ve\u013emi diskutovanou t\u00e9mou. Niektor\u00e9 hlasy sa oz\u00fdvaj\u00fa za tradi\u010dn\u00fa rodinu, ktor\u00fa tvoria mu\u017e-otec, \u017eena-matka a deti. In\u00e9 skupiny tvrdia, \u017ee tradi\u010dn\u00e1 rodina je pre\u017eitkom, preto\u017ee v niektor\u00fdch krajin\u00e1ch je mo\u017enos\u0165, aby die\u0165a [&hellip;]<\/p>\n","protected":false},"author":1,"featured_media":0,"comment_status":"open","ping_status":"open","sticky":false,"template":"","format":"standard","meta":{"ngg_post_thumbnail":0,"footnotes":""},"categories":[11],"tags":[],"class_list":["post-10750","post","type-post","status-publish","format-standard","hentry","category-ozvena"],"_links":{"self":[{"href":"https:\/\/www.ladislavjakl.cz\/index.php?rest_route=\/wp\/v2\/posts\/10750","targetHints":{"allow":["GET"]}}],"collection":[{"href":"https:\/\/www.ladislavjakl.cz\/index.php?rest_route=\/wp\/v2\/posts"}],"about":[{"href":"https:\/\/www.ladislavjakl.cz\/index.php?rest_route=\/wp\/v2\/types\/post"}],"author":[{"embeddable":true,"href":"https:\/\/www.ladislavjakl.cz\/index.php?rest_route=\/wp\/v2\/users\/1"}],"replies":[{"embeddable":true,"href":"https:\/\/www.ladislavjakl.cz\/index.php?rest_route=%2Fwp%2Fv2%2Fcomments&post=10750"}],"version-history":[{"count":1,"href":"https:\/\/www.ladislavjakl.cz\/index.php?rest_route=\/wp\/v2\/posts\/10750\/revisions"}],"predecessor-version":[{"id":10751,"href":"https:\/\/www.ladislavjakl.cz\/index.php?rest_route=\/wp\/v2\/posts\/10750\/revisions\/10751"}],"wp:attachment":[{"href":"https:\/\/www.ladislavjakl.cz\/index.php?rest_route=%2Fwp%2Fv2%2Fmedia&parent=10750"}],"wp:term":[{"taxonomy":"category","embeddable":true,"href":"https:\/\/www.ladislavjakl.cz\/index.php?rest_route=%2Fwp%2Fv2%2Fcategories&post=10750"},{"taxonomy":"post_tag","embeddable":true,"href":"https:\/\/www.ladislavjakl.cz\/index.php?rest_route=%2Fwp%2Fv2%2Ftags&post=10750"}],"curies":[{"name":"wp","href":"https:\/\/api.w.org\/{rel}","templated":true}]}}