{"id":10759,"date":"2019-12-20T10:45:33","date_gmt":"2019-12-20T09:45:33","guid":{"rendered":"http:\/\/www.ladislavjakl.cz\/?p=10759"},"modified":"2019-12-20T10:45:33","modified_gmt":"2019-12-20T09:45:33","slug":"ladislav-jakl-novinar-muzikant-a-tajemnik-prezidenta-slavi-sedesatiny","status":"publish","type":"post","link":"https:\/\/www.ladislavjakl.cz\/?p=10759","title":{"rendered":"Ladislav Jakl, novin\u00e1\u0159, muzikant a tajemn\u00edk prezidenta, slav\u00ed \u0161edes\u00e1tiny"},"content":{"rendered":"<p>Novin\u00e1\u0159 a hudebn\u00edk Ladislav Jakl slav\u00ed \u0161edes\u00e1tiny. B\u00fdval\u00fd tajemn\u00edk V\u00e1clava Klause se st\u00e1le politicky anga\u017euje. V lo\u0148sk\u00fdch sen\u00e1tn\u00edch volb\u00e1ch nap\u0159\u00edklad ne\u00fasp\u011b\u0161n\u011b kandidoval v Praze 2 za SPD Tomia Okamury. Letos ho poslanci zvolili \u010dlenem Rady pro rozhlasov\u00e9 a televizn\u00ed vys\u00edl\u00e1n\u00ed.<br \/>\n<!--more--><br \/>\nLadislav Jakl&nbsp;se narodil 17. prosince 1959 v Chebu. Vystudoval Fakultu \u017eurnalistiky Univerzity Karlovy, do konce 80. let st\u0159\u00eddal zam\u011bstn\u00e1n\u00ed, pracoval nap\u0159\u00edklad jako z\u00e1vozn\u00edk nebo&nbsp;ve veden\u00ed kulturn\u00edho st\u0159ediska na pra\u017esk\u00e9m Ji\u017en\u00edm M\u011bst\u011b.<\/p>\n<p>Od \u010dervna 1990 do z\u00e1\u0159\u00ed 1991 byl poslancem \u010cesk\u00e9 n\u00e1rodn\u00ed rady za Ob\u010dansk\u00e9 f\u00f3rum. V roce 1992 byl vedouc\u00edm \u00fa\u0159adu Rady pro rozhlasov\u00e9 a televizn\u00ed vys\u00edl\u00e1n\u00ed, pot\u00e9 a\u017e do roku 1997 pracoval v Lidov\u00fdch novin\u00e1ch jako redaktor a pozd\u011bji \u0161\u00e9f zpravodajstv\u00ed.<\/p>\n<p>Po roce 1997 se stal poradcem p\u0159edsedy ODS V\u00e1clava Klause a v obdob\u00ed 1998 a\u017e 2002, kdy byl&nbsp;<a href=\"https:\/\/www.idnes.cz\/wiki\/politika\/vaclav-klaus.K455002\">V\u00e1clav Klaus<\/a>&nbsp;p\u0159edsedou Poslaneck\u00e9 sn\u011bmovny, byl vedouc\u00edm jeho poradc\u016f. Po zvolen\u00ed Klause prezidentem vedl od b\u0159ezna 2003 do prosince 2005 jeho sekretari\u00e1t, od ledna 2006 do konce Klasova funk\u010dn\u00edho obdob\u00ed pak byl \u0159editelem politick\u00e9ho odboru Kancel\u00e1\u0159e prezidenta republiky.<\/p>\n<p>Jakl je&nbsp;i frontmanem hudebn\u00ed skupiny Folimanka Blues, kter\u00e1 v\u0161ak letos v b\u0159eznu p\u0159eru\u0161ila \u010dinnost. Je tak\u00e9 milovn\u00edkem r\u016fzn\u00fdch pivn\u00edch styl\u016f.<\/p>\n<p>Letos v kv\u011btnu byl dvakr\u00e1t fyzicky napaden. Poprv\u00e9&nbsp;v pra\u017esk\u00e9m metru, podle policie se ale jednalo o vz\u00e1jemnou poty\u010dku. Druh\u00fd \u00fatok se stal ve Zl\u00edn\u011b p\u0159i sn\u00eddani v hotelu. \u201eDostal jsem zezadu r\u00e1nu do zad za doprovodu ur\u00e1\u017eek,\u201c&nbsp;popsal Jakl.&nbsp;<a href=\"https:\/\/www.idnes.cz\/zpravy\/domaci\/ladislav-jakl-napadeni-policie-uzavrela-vysetrovani-udajneho-napadeni-prestupek-oba.A190701_104856_domaci_lre\">Policie to vyhodnotila jako mo\u017en\u00fd p\u0159estupek<\/a>.<\/p>\n<p><a href=\"https:\/\/www.idnes.cz\/zpravy\/mediahub\/ladislav-jakl-narozeniny.A191216_091330_mediahub_jpl\">Zdroj<\/a><\/p>\n","protected":false},"excerpt":{"rendered":"<p>Novin\u00e1\u0159 a hudebn\u00edk Ladislav Jakl slav\u00ed \u0161edes\u00e1tiny. B\u00fdval\u00fd tajemn\u00edk V\u00e1clava Klause se st\u00e1le politicky anga\u017euje. V lo\u0148sk\u00fdch sen\u00e1tn\u00edch volb\u00e1ch nap\u0159\u00edklad ne\u00fasp\u011b\u0161n\u011b kandidoval v Praze 2 za SPD Tomia Okamury. Letos ho poslanci zvolili \u010dlenem Rady pro rozhlasov\u00e9 a televizn\u00ed vys\u00edl\u00e1n\u00ed.<\/p>\n","protected":false},"author":1,"featured_media":0,"comment_status":"open","ping_status":"open","sticky":false,"template":"","format":"standard","meta":{"ngg_post_thumbnail":0,"footnotes":""},"categories":[11],"tags":[],"class_list":["post-10759","post","type-post","status-publish","format-standard","hentry","category-ozvena"],"_links":{"self":[{"href":"https:\/\/www.ladislavjakl.cz\/index.php?rest_route=\/wp\/v2\/posts\/10759","targetHints":{"allow":["GET"]}}],"collection":[{"href":"https:\/\/www.ladislavjakl.cz\/index.php?rest_route=\/wp\/v2\/posts"}],"about":[{"href":"https:\/\/www.ladislavjakl.cz\/index.php?rest_route=\/wp\/v2\/types\/post"}],"author":[{"embeddable":true,"href":"https:\/\/www.ladislavjakl.cz\/index.php?rest_route=\/wp\/v2\/users\/1"}],"replies":[{"embeddable":true,"href":"https:\/\/www.ladislavjakl.cz\/index.php?rest_route=%2Fwp%2Fv2%2Fcomments&post=10759"}],"version-history":[{"count":1,"href":"https:\/\/www.ladislavjakl.cz\/index.php?rest_route=\/wp\/v2\/posts\/10759\/revisions"}],"predecessor-version":[{"id":10760,"href":"https:\/\/www.ladislavjakl.cz\/index.php?rest_route=\/wp\/v2\/posts\/10759\/revisions\/10760"}],"wp:attachment":[{"href":"https:\/\/www.ladislavjakl.cz\/index.php?rest_route=%2Fwp%2Fv2%2Fmedia&parent=10759"}],"wp:term":[{"taxonomy":"category","embeddable":true,"href":"https:\/\/www.ladislavjakl.cz\/index.php?rest_route=%2Fwp%2Fv2%2Fcategories&post=10759"},{"taxonomy":"post_tag","embeddable":true,"href":"https:\/\/www.ladislavjakl.cz\/index.php?rest_route=%2Fwp%2Fv2%2Ftags&post=10759"}],"curies":[{"name":"wp","href":"https:\/\/api.w.org\/{rel}","templated":true}]}}