{"id":10768,"date":"2020-01-02T09:38:40","date_gmt":"2020-01-02T08:38:40","guid":{"rendered":"http:\/\/www.ladislavjakl.cz\/?p=10768"},"modified":"2020-01-02T09:38:40","modified_gmt":"2020-01-02T08:38:40","slug":"kapely-soutezily-v-hrani-nazivo","status":"publish","type":"post","link":"https:\/\/www.ladislavjakl.cz\/?p=10768","title":{"rendered":"Kapely sout\u011b\u017eily v hran\u00ed na\u017eivo"},"content":{"rendered":"<p>V klubu Mlejn v pra\u017esk\u00fdch Stod\u016flk\u00e1ch se uskute\u010dnilo fin\u00e1le patn\u00e1ct\u00e9ho ro\u010dn\u00edku sout\u011b\u017ee neprofesion\u00e1ln\u00edch kapel. Z\u00e1\u0161titu nad sout\u011b\u017e\u00ed, kter\u00e1 nese jm\u00e9no Skute\u010dn\u00e1 liga, p\u0159evzal St\u0159edo\u010desk\u00fd kraj.<\/p>\n<p><!--more--><\/p>\n<p>Skute\u010dn\u00e1 liga je sout\u011b\u017e, kde nejde nic o\u0161vindlovat. Kapely hraj\u00ed na\u017eivo a k cest\u011b do fin\u00e1le nepom\u016f\u017ee nic jin\u00e9ho, ne\u017e um\u011bn\u00ed.<\/p>\n<p>&#8222;Dodnes nech\u00e1pu, \u017ee m\u00e1me odehr\u00e1no kolem 5 tis\u00edc kapel na\u017eivo v z\u00e1kladn\u00edm kole, co\u017e je obrovsk\u00e9 \u010d\u00edslo,&#8220; \u0159ekl Luk\u00e1\u0161 Fousek, organiz\u00e1tor sout\u011b\u017ee.<\/p>\n<p>&#8222;J\u00e1 jsem \u00fapln\u011b nad\u0161en\u00fd. Jsem muzikant t\u011blem i du\u0161\u00ed. A nav\u00edc muzika, kter\u00e1 m\u011b bav\u00ed, rockov\u00e1 muzika. Prvn\u00ed kapela, kter\u00e1 tady hr\u00e1la, je pro m\u011b trochu takov\u00fd n\u00e1vrat k t\u011bm ko\u0159en\u016fm rockov\u00e9 muziky,&#8220; \u0159ekl Marek \u010cernoch, \u010dlen poroty.<\/p>\n<p>&#8222;Tento rok to zkou\u0161\u00edme poprv\u00e9, proto\u017ee jsme i v tomto roce vznikli. Cht\u011bl bych pod\u011bkovat t\u00e9 Skute\u010dn\u00e9 lize, St\u0159edo\u010desk\u00e9mu kraji a Luk\u00e1\u0161i Fouskovi za to, \u017ee n\u00e1s tady nechal v\u016fbec hr\u00e1t,&#8220; \u0159ekl Ji\u0159\u00ed Seker\u00e1k, frontman kapely Worn Out Jackets.<\/p>\n<p>&#8222;St\u0159edo\u010desk\u00fd kraj se pod\u00edl\u00ed t\u00edm, \u017ee sponzoruje celou sout\u011b\u017e Skute\u010dn\u00e1 liga St\u0159edo\u010desk\u00e9ho kraje. Tato sout\u011b\u017e je o vyhled\u00e1n\u00ed hudebn\u00edch talent\u016f v na\u0161em kraji a mysl\u00edm si, \u017ee je velice \u00fasp\u011b\u0161n\u00e1,&#8220; \u0159ekl Zden\u011bk \u0160tefek, zastupitel St\u0159edo\u010desk\u00e9ho kraje.<\/p>\n<p>&#8222;Sout\u011b\u017e z\u00edskala velk\u00e9 renom\u00e9 v zahrani\u010d\u00ed, proto\u017ee Pol&#8217;and&#8217;Rock, co\u017e je jeden z nejv\u011bt\u0161\u00edch festival\u016f na sv\u011bt\u011b, kde je n\u00e1v\u0161t\u011bvnost 2,5 milionu lid\u00ed za 4 dny, tam jsme za posledn\u00edch 5 let dostal u\u017e 18 kapel,&#8220; \u0159ekl Luk\u00e1\u0161 Fousek.<\/p>\n<p>&#8222;Samo o sob\u011b to neznamen\u00e1, \u017ee to n\u011bkoho nakopne a nastartuje. Ale jednu v\u011bc to znamen\u00e1, \u017ee \u010dlov\u011bk, kter\u00fd se dostane do takov\u00e9 bl\u00edzkosti toho \u017eivota souvisej\u00edc\u00edho s muzikou, toho potk\u00e1v\u00e1n\u00ed se, toho spole\u010dn\u00e9ho blbnut\u00ed, toho vztahu, k t\u00e9 atmosf\u00e9\u0159e, kter\u00e1 muziku prov\u00e1z\u00ed, to u\u017e ka\u017ed\u00e9mu z\u016fstane,&#8220; \u0159ekl Ladislav Jakl, \u010dlen poroty.<\/p>\n<p>St\u0159edo\u010desk\u00fd kraj se stal partnerem sout\u011b\u017ee letos poprv\u00e9 a nen\u00ed vylou\u010deno, \u017ee ho ostatn\u00ed kraje budou n\u00e1sledovat.<\/p>\n<p><a href=\"https:\/\/prahatv.eu\/zpravy\/stredocesky-kraj\/stredocesky-kraj\/12013\/kapely-soutezily-v-hrani-nazivo\">Zdroj<\/a><\/p>\n","protected":false},"excerpt":{"rendered":"<p>V klubu Mlejn v pra\u017esk\u00fdch Stod\u016flk\u00e1ch se uskute\u010dnilo fin\u00e1le patn\u00e1ct\u00e9ho ro\u010dn\u00edku sout\u011b\u017ee neprofesion\u00e1ln\u00edch kapel. Z\u00e1\u0161titu nad sout\u011b\u017e\u00ed, kter\u00e1 nese jm\u00e9no Skute\u010dn\u00e1 liga, p\u0159evzal St\u0159edo\u010desk\u00fd kraj.<\/p>\n","protected":false},"author":1,"featured_media":0,"comment_status":"open","ping_status":"open","sticky":false,"template":"","format":"standard","meta":{"ngg_post_thumbnail":0,"footnotes":""},"categories":[4,11],"tags":[],"class_list":["post-10768","post","type-post","status-publish","format-standard","hentry","category-hudba","category-ozvena"],"_links":{"self":[{"href":"https:\/\/www.ladislavjakl.cz\/index.php?rest_route=\/wp\/v2\/posts\/10768","targetHints":{"allow":["GET"]}}],"collection":[{"href":"https:\/\/www.ladislavjakl.cz\/index.php?rest_route=\/wp\/v2\/posts"}],"about":[{"href":"https:\/\/www.ladislavjakl.cz\/index.php?rest_route=\/wp\/v2\/types\/post"}],"author":[{"embeddable":true,"href":"https:\/\/www.ladislavjakl.cz\/index.php?rest_route=\/wp\/v2\/users\/1"}],"replies":[{"embeddable":true,"href":"https:\/\/www.ladislavjakl.cz\/index.php?rest_route=%2Fwp%2Fv2%2Fcomments&post=10768"}],"version-history":[{"count":1,"href":"https:\/\/www.ladislavjakl.cz\/index.php?rest_route=\/wp\/v2\/posts\/10768\/revisions"}],"predecessor-version":[{"id":10769,"href":"https:\/\/www.ladislavjakl.cz\/index.php?rest_route=\/wp\/v2\/posts\/10768\/revisions\/10769"}],"wp:attachment":[{"href":"https:\/\/www.ladislavjakl.cz\/index.php?rest_route=%2Fwp%2Fv2%2Fmedia&parent=10768"}],"wp:term":[{"taxonomy":"category","embeddable":true,"href":"https:\/\/www.ladislavjakl.cz\/index.php?rest_route=%2Fwp%2Fv2%2Fcategories&post=10768"},{"taxonomy":"post_tag","embeddable":true,"href":"https:\/\/www.ladislavjakl.cz\/index.php?rest_route=%2Fwp%2Fv2%2Ftags&post=10768"}],"curies":[{"name":"wp","href":"https:\/\/api.w.org\/{rel}","templated":true}]}}