{"id":10770,"date":"2020-01-02T09:40:14","date_gmt":"2020-01-02T08:40:14","guid":{"rendered":"http:\/\/www.ladislavjakl.cz\/?p=10770"},"modified":"2020-01-02T09:40:14","modified_gmt":"2020-01-02T08:40:14","slug":"ladislav-jakl-chteji-nas-presvedcit-ze-zijeme-ve-valce","status":"publish","type":"post","link":"https:\/\/www.ladislavjakl.cz\/?p=10770","title":{"rendered":"Ladislav Jakl: Cht\u011bj\u00ed n\u00e1s p\u0159esv\u011bd\u010dit, \u017ee \u017eijeme ve v\u00e1lce\u2026"},"content":{"rendered":"<p><b>Uplynul\u00fd rok je\u0161t\u011b zrychlilo tempo, kter\u00fdm se n\u00e1\u0161 sv\u011bt zbavuje rozumu, \u0159\u00edk\u00e1 k hodnocen\u00ed roku 2019 Ladislav Jakl.<\/b><\/p>\n<p><!--more--><\/p>\n<div class=\"\"><strong>1. ledna 2020 &#8211; 09:01<\/strong><\/div>\n<div id=\"zprava_text\" class=\"\"><span style=\"font-size: medium;\"><b><br \/>\n<\/b><\/span><\/p>\n<div align=\"justify\"><span style=\"font-size: medium;\"><b>Jak\u00fd byl uplynul\u00fd rok z va\u0161eho pohledu pane Jakle?<\/b><\/span><\/div>\n<div align=\"justify\">&nbsp;<\/div>\n<div align=\"justify\"><i><b>\u201eUplynul\u00fd rok je\u0161t\u011b zrychlilo tempo, kter\u00fdm se n\u00e1\u0161 sv\u011bt zbavuje rozumu. Racion\u00e1ln\u00ed debata o na\u0161em \u017eivotn\u00edm prost\u0159ed\u00ed byla nahrazena hysterickou propagandou, kde emoce jsou v\u0161\u00edm a argument ni\u010d\u00edm. C\u00edlem je vyvolat dojem, \u017ee \u017eijeme ve v\u00e1lce. A ve v\u00e1lce jde obvykle demokracie i svobodn\u00fd trh stranou a nahrazuje je st\u00e1tem vnucen\u00e1 ma\u0161in\u00e9rie. Proto tak\u00e9 dal\u0161\u00ed \u00fatok sm\u011b\u0159uje na posledn\u00ed bezpe\u010dn\u00e9 ostr\u016fvky, jimi\u017e jsou na\u0161e vlastn\u00ed identita, rodina, pospolitost a n\u00e1rodn\u00ed tradice. Obr\u00e1ni o svou identitu se staneme v\u0161ichni jen bezpohlavn\u00edmi a bezduch\u00fdmi kole\u010dky \u0159\u00edzen\u00e9 spole\u010dnosti,\u201c<\/b><\/i>&nbsp;upozor\u0148uje Ladislav Jakl.<\/div>\n<\/div>\n<div align=\"justify\">&nbsp;<\/div>\n<div align=\"justify\">A rok 2020\u2026<\/p>\n<p><i><b>\u201eP\u0159eji si, aby si co nejv\u00edc lid\u00ed vzalo do roku dvou dvac\u00edtek za sv\u00e9 heslo: Pry\u010d s pokrokem!,\u201c&nbsp;<\/b><\/i>vyz\u00fdv\u00e1 Ladislav Jakl, hudebn\u00edk, publicista a v sou\u010dasnosti tak\u00e9 \u010dlen Rady pro rozhlasov\u00e9 a televizn\u00ed vys\u00edl\u00e1n\u00ed.<\/div>\n<div align=\"justify\">&nbsp;<\/div>\n<div align=\"justify\"><a href=\"http:\/\/www.prvnizpravy.cz\/zpravy\/politika\/ladislav-jakl-chteji-nas-presvedcit-ze-zijeme-ve-valce\/\">Zdroj<\/a><\/div>\n","protected":false},"excerpt":{"rendered":"<p>Uplynul\u00fd rok je\u0161t\u011b zrychlilo tempo, kter\u00fdm se n\u00e1\u0161 sv\u011bt zbavuje rozumu, \u0159\u00edk\u00e1 k hodnocen\u00ed roku 2019 Ladislav Jakl.<\/p>\n","protected":false},"author":1,"featured_media":0,"comment_status":"open","ping_status":"open","sticky":false,"template":"","format":"standard","meta":{"ngg_post_thumbnail":0,"footnotes":""},"categories":[13],"tags":[],"class_list":["post-10770","post","type-post","status-publish","format-standard","hentry","category-rozhovory"],"_links":{"self":[{"href":"https:\/\/www.ladislavjakl.cz\/index.php?rest_route=\/wp\/v2\/posts\/10770","targetHints":{"allow":["GET"]}}],"collection":[{"href":"https:\/\/www.ladislavjakl.cz\/index.php?rest_route=\/wp\/v2\/posts"}],"about":[{"href":"https:\/\/www.ladislavjakl.cz\/index.php?rest_route=\/wp\/v2\/types\/post"}],"author":[{"embeddable":true,"href":"https:\/\/www.ladislavjakl.cz\/index.php?rest_route=\/wp\/v2\/users\/1"}],"replies":[{"embeddable":true,"href":"https:\/\/www.ladislavjakl.cz\/index.php?rest_route=%2Fwp%2Fv2%2Fcomments&post=10770"}],"version-history":[{"count":1,"href":"https:\/\/www.ladislavjakl.cz\/index.php?rest_route=\/wp\/v2\/posts\/10770\/revisions"}],"predecessor-version":[{"id":10771,"href":"https:\/\/www.ladislavjakl.cz\/index.php?rest_route=\/wp\/v2\/posts\/10770\/revisions\/10771"}],"wp:attachment":[{"href":"https:\/\/www.ladislavjakl.cz\/index.php?rest_route=%2Fwp%2Fv2%2Fmedia&parent=10770"}],"wp:term":[{"taxonomy":"category","embeddable":true,"href":"https:\/\/www.ladislavjakl.cz\/index.php?rest_route=%2Fwp%2Fv2%2Fcategories&post=10770"},{"taxonomy":"post_tag","embeddable":true,"href":"https:\/\/www.ladislavjakl.cz\/index.php?rest_route=%2Fwp%2Fv2%2Ftags&post=10770"}],"curies":[{"name":"wp","href":"https:\/\/api.w.org\/{rel}","templated":true}]}}