{"id":10787,"date":"2020-01-10T13:39:43","date_gmt":"2020-01-10T12:39:43","guid":{"rendered":"http:\/\/www.ladislavjakl.cz\/?p=10787"},"modified":"2020-01-10T13:39:43","modified_gmt":"2020-01-10T12:39:43","slug":"immam-u-soudu-a-ticho","status":"publish","type":"post","link":"https:\/\/www.ladislavjakl.cz\/?p=10787","title":{"rendered":"Imm\u00e1m u soudu \u2013 a ticho"},"content":{"rendered":"<div class=\"opener\">Dnes pokra\u010duje u M\u011bstsk\u00e9ho osudu v Praze soudn\u00ed l\u00ed\u010den\u00ed se S\u00e1mirem \u0160ehadehem, n\u011bkdej\u0161\u00edm pra\u017esk\u00fdm im\u00e1mem. A proto\u017ee nic nen\u00ed star\u0161\u00edho ne\u017e v\u010derej\u0161\u00ed noviny, nikdo se p\u0159\u00edpadu nediv\u00ed. Ale m\u011bl by.<\/div>\n<p><!--more--><\/p>\n<div id=\"art-text\" class=\"text\">\n<p>Ne, nebudu te\u010f mluvit o tom, jak b\u00fdvali ok\u0159ikov\u00e1ni ti, co varovali \u010deskou ve\u0159ejnost, \u017ee uvnit\u0159 \u010desk\u00e9 muslimsk\u00e9 obce mohou b\u00fdt a nejsp\u00ed\u0161e i jsou lid\u00e9 napojeni na muslimsk\u00e9 teroristick\u00e9 extremisty. Radost z toho, \u017ee se naplnily n\u011bjak\u00e9 obavy, p\u0159ece m\u016f\u017ee m\u00edt jen \u0161kodolib\u00fd \u010dlov\u011bk.<\/p>\n<p>K diven\u00ed je tu cosi jin\u00e9ho. Vzpom\u00edn\u00e1te, jak byli ozna\u010dov\u00e1n\u00ed v\u00e1le\u010dn\u00edci, bojuj\u00edc\u00ed proti syrsk\u00e9 vl\u00e1d\u011b? I v o\u010d\u00edch na\u0161ich politik\u016f i na str\u00e1nk\u00e1ch na\u0161ich m\u00e9di\u00ed to byly demokratick\u00e9 s\u00edly, hodny na\u0161\u00ed podpory. \u0158\u00edkalo se jim t\u0159eba \u201eum\u00edrn\u011bn\u00e1 opozice\u201c (je p\u0159ece norm\u00e1ln\u00ed, \u017ee um\u00edrn\u011bn\u00e1 opozice st\u0159\u00edl\u00ed na vl\u00e1dn\u00ed s\u00edly) a byly vyzdvihov\u00e1ny (a na\u0161\u00ed \u010d\u00e1st\u00ed sv\u011bta i re\u00e1ln\u011b podporov\u00e1ny) s\u00edly cel\u00e9ho spektra protivl\u00e1dn\u00edch povstalc\u016f. Kdo tehdy (2012) poukazoval na to, \u017ee rozhoduj\u00edc\u00ed vliv mezi povstalci z\u00edskala organizace An-Nusr\u00e1 napojen\u00e1 na strukturu Al-Kajd\u00e1, b\u00fdval ignorov\u00e1n nebo rovnou ozna\u010dov\u00e1n za dezinform\u00e1tora.<\/p>\n<p>A co \u017ee to provedl tehdej\u0161\u00ed pra\u017esk\u00fd imm\u00e1m? Za co je dnes souzen? Spolu se sv\u00fdm bratrem a svou \u0161vagrovou, \u010deskou isl\u00e1mskou konvertitkou, se anga\u017eovali pr\u00e1v\u011b ve prosp\u011bch An-Nusr\u00e1, hrdinn\u011b p\u0159ece bojuj\u00edc\u00ed proti pr\u00fd zlo\u010dinn\u00e9mu Asadovi. To jsou paradoxy, \u017ee. V\u017edy\u0165 dnes souzen\u00fd \u0160ehadeh jen pom\u00e1hal t\u011bm, kdo byli tehdy na\u0161im hlavn\u00edm medi\u00e1ln\u00edm proudem ozna\u010dov\u00e1ni div ne za bojovn\u00edky za demokracii.<\/p>\n<p>Jist\u011b\u017ee je spr\u00e1vn\u011b, \u017ee za takov\u00e9 \u010diny dnes p\u0159ich\u00e1z\u00ed soud. Jen tak n\u011bjak nesly\u0161\u00edm, \u017ee by n\u011bkdo z t\u011bch, co n\u00e1m malovali v\u00e1lku v S\u00fdrii jako boj na\u0161ich kamar\u00e1d\u016f proti tamn\u00ed diktatu\u0159e, \u0159ekl: nojo, to jsem se teda asi pletl&#8230;<\/p>\n<\/div>\n<p><a href=\"https:\/\/jakl.blog.idnes.cz\/blog.aspx?c=741732\">Zdroj<\/a><\/p>\n","protected":false},"excerpt":{"rendered":"<p>Dnes pokra\u010duje u M\u011bstsk\u00e9ho osudu v Praze soudn\u00ed l\u00ed\u010den\u00ed se S\u00e1mirem \u0160ehadehem, n\u011bkdej\u0161\u00edm pra\u017esk\u00fdm im\u00e1mem. A proto\u017ee nic nen\u00ed star\u0161\u00edho ne\u017e v\u010derej\u0161\u00ed noviny, nikdo se p\u0159\u00edpadu nediv\u00ed. Ale m\u011bl by.<\/p>\n","protected":false},"author":1,"featured_media":0,"comment_status":"open","ping_status":"open","sticky":false,"template":"","format":"standard","meta":{"ngg_post_thumbnail":0,"footnotes":""},"categories":[1],"tags":[],"class_list":["post-10787","post","type-post","status-publish","format-standard","hentry","category-publikovane-clanky"],"_links":{"self":[{"href":"https:\/\/www.ladislavjakl.cz\/index.php?rest_route=\/wp\/v2\/posts\/10787","targetHints":{"allow":["GET"]}}],"collection":[{"href":"https:\/\/www.ladislavjakl.cz\/index.php?rest_route=\/wp\/v2\/posts"}],"about":[{"href":"https:\/\/www.ladislavjakl.cz\/index.php?rest_route=\/wp\/v2\/types\/post"}],"author":[{"embeddable":true,"href":"https:\/\/www.ladislavjakl.cz\/index.php?rest_route=\/wp\/v2\/users\/1"}],"replies":[{"embeddable":true,"href":"https:\/\/www.ladislavjakl.cz\/index.php?rest_route=%2Fwp%2Fv2%2Fcomments&post=10787"}],"version-history":[{"count":1,"href":"https:\/\/www.ladislavjakl.cz\/index.php?rest_route=\/wp\/v2\/posts\/10787\/revisions"}],"predecessor-version":[{"id":10788,"href":"https:\/\/www.ladislavjakl.cz\/index.php?rest_route=\/wp\/v2\/posts\/10787\/revisions\/10788"}],"wp:attachment":[{"href":"https:\/\/www.ladislavjakl.cz\/index.php?rest_route=%2Fwp%2Fv2%2Fmedia&parent=10787"}],"wp:term":[{"taxonomy":"category","embeddable":true,"href":"https:\/\/www.ladislavjakl.cz\/index.php?rest_route=%2Fwp%2Fv2%2Fcategories&post=10787"},{"taxonomy":"post_tag","embeddable":true,"href":"https:\/\/www.ladislavjakl.cz\/index.php?rest_route=%2Fwp%2Fv2%2Ftags&post=10787"}],"curies":[{"name":"wp","href":"https:\/\/api.w.org\/{rel}","templated":true}]}}