{"id":1081,"date":"2011-06-17T09:32:26","date_gmt":"2011-06-17T08:32:26","guid":{"rendered":"http:\/\/www.ladislavjakl.cz\/?p=1081"},"modified":"2011-06-17T09:32:26","modified_gmt":"2011-06-17T08:32:26","slug":"sest-zasadnich-kritik-vaclava-klause","status":"publish","type":"post","link":"https:\/\/www.ladislavjakl.cz\/?p=1081","title":{"rendered":"\u0160est z\u00e1sadn\u00edch kritik V\u00e1clava Klause"},"content":{"rendered":"<p>Je nejvy\u0161\u0161\u00ed \u010das, abych se p\u0159idal k z\u00e1sadn\u00edm kritik\u016fm  V\u00e1clava Klause. V\u00edm, \u017ee to nen\u00ed \u017e\u00e1dn\u00e9 velk\u00e9 hrdinstv\u00ed, proto\u017ee on \u017e\u00e1dn\u00e9  blogy na internetu na\u0161t\u011bst\u00ed ne\u010dte. Ale t\u0159eba m\u011b te\u010f u psan\u00ed n\u011bkdo  nahr\u00e1v\u00e1 skrytou kamerou, tak\u017ee kdov\u00ed, jestli nep\u0159ijdu o pr\u00e9mie.<\/p>\n<p><!--more--><\/p>\n<p>Kritika prvn\u00ed. Pro\u010d chod\u00ed  tak brzo do pr\u00e1ce? V\u011bt\u0161inou si por\u00e1nu vysta\u010d\u00ed \u010dten\u00edm n\u011bjak\u00e9 vzru\u0161uj\u00edc\u00ed  ekonomick\u00e9 statistiky, ale n\u011bkdy se stane, \u017ee pot\u0159ebuje dodat \u0159\u00e1dek  t\u00fdkaj\u00edc\u00ed se nemocensk\u00e9 v Nigeru a za\u010dne se sh\u00e1n\u011bt. \u010clov\u011bk m\u00e1 je\u0161t\u011b  zalepen\u00e9 o\u010di, nem\u016f\u017ee naj\u00edt levou pono\u017eku a do toho Niger. Kde to je?  N\u011bkde na Morav\u011b? Do p\u011bti minut? J\u00e1 se picnu.<\/p>\n<p>Kritika druh\u00e1. Pro\u010d mus\u00edme po\u0159\u00e1d tak posp\u00edchat? \u010clov\u011bk tak hezky  domluv\u00ed program t\u0159\u00eddenn\u00ed krajsk\u00e9 n\u00e1v\u0161t\u011bvy. \u010clov\u011bk to tam docela zn\u00e1, tak  napl\u00e1nuje p\u0159ejezdy, aby se stihl trochu pokochat krajinou. Ale houby.  Program se vr\u00e1t\u00ed p\u0159e\u0161krtan\u00fd. Co budeme d\u011blat takovou dobu mezi  Doubkovicemi a Prskomuchy? Zkuste tam je\u0161t\u011b vsunout t\u0159eba Kon\u011bcvaly,  jinak budu m\u00edt pocit, \u017ee nejsem vyt\u00ed\u017een. Pak l\u00e9t\u00e1me vesnicemi jak hadr  na holi a ve\u010der je \u010dlov\u011bk vyklepan\u00fd jak startka.<\/p>\n<p>Kritika t\u0159et\u00ed. Pro\u010d je po\u0159\u00e1d tak hodn\u00fd na ty novin\u00e1\u0159e? V\u017edy\u0165 je to  banda budi\u017ekni\u010dem\u016f. V\u0161echno popletou, obr\u00e1t\u00ed smysl naruby, nic  nepochop\u00ed, m\u00edsto citac\u00ed dob\u00e1s\u0148uj\u00ed. \u017de se s nima v\u016fbec bav\u00ed. \u017de jim po\u0159\u00e1d  n\u011bco vysv\u011btluje. J\u00e1 bych je h\u00e1zel do studny na p\u00e1t\u00e9m n\u00e1dvo\u0159\u00ed.<\/p>\n<p>Kritika \u010dtvrt\u00e1. Pro\u010d si po\u0159\u00e1d ned\u00e1 pokoj s t\u00edm sportem? P\u0159ece dosp\u011bl\u00fd  chlap sm\u00ed b\u00fdt vid\u011bn zpocen\u00fd pouze v soukrom\u00ed. \u010clov\u011bku by to mohlo b\u00fdt  jedno, jen\u017ee oni se furt \u010dlov\u011bka n\u011bkde ptaj\u00ed: taky hrajete tenis jako  v\u00e1\u0161 \u0161\u00e9f? Taky ly\u017eujete? M\u00e1te vid\u011bt ty obli\u010deje p\u0159i pravdiv\u00e9 odpov\u011bdi:  ne, j\u00e1 piju pivo.<\/p>\n<p>Kritika p\u00e1t\u00e1. Co m\u00e1 po\u0159\u00e1d s tou perlivou vodou? \u017de ta neperliv\u00e1 je  levicov\u00e1? To p\u0159ece nen\u00ed pravda. Neperliv\u00e1 tu byla d\u0159\u00edv. Co na tom, \u017ee v  jeho ml\u00e1d\u00ed to byl v\u0161ude sam\u00fd sifon a sodovka, to byla p\u0159ece pouze  historick\u00e1 epizoda, ne p\u016fvodn\u00ed stav v\u011bci. Spr\u00e1vn\u00fd konzervativec m\u00e1 j\u00edt k  p\u016fvodn\u00edm pramen\u016fm. A ty jsou p\u0159ece bez bublinek. \u017de ve Franti\u0161kov\u00fdch  L\u00e1zn\u00edch nejsou bez bublinek? Hele nekomplikujte to, v\u00edte, jak to mysl\u00edm.<\/p>\n<p>Kritika \u0161est\u00e1. P\u0159ed takov\u00fdma p\u011btisty lety by m\u011bl panovn\u00edk\u016fv tajemn\u00edk  n\u00e1rok na aspo\u0148 osm vesnic a v nich pr\u00e1vo prvn\u00ed noci. A dnes? Vesnice  \u017e\u00e1dn\u00e9 a noci na m\u011b zbydou v\u017edycky a\u017e ty posledn\u00ed. Co to je za panovn\u00edka?<\/p>\n<p>Mohl bych je\u0161t\u011b pokra\u010dovat, ale n\u011bjak ztr\u00e1c\u00edm odvahu. Po\u010d\u00edt\u00e1m, \u017ee zas p\u0159ijdu o dovolenou.<\/p>\n<p><a href=\"http:\/\/jakl.blog.idnes.cz\/clanok.asp?cl=196339&amp;bk=39426\" target=\"_blank\">Zdroj<\/a><\/p>\n","protected":false},"excerpt":{"rendered":"<p>Je nejvy\u0161\u0161\u00ed \u010das, abych se p\u0159idal k z\u00e1sadn\u00edm kritik\u016fm V\u00e1clava Klause. V\u00edm, \u017ee to nen\u00ed \u017e\u00e1dn\u00e9 velk\u00e9 hrdinstv\u00ed, proto\u017ee on \u017e\u00e1dn\u00e9 blogy na internetu na\u0161t\u011bst\u00ed ne\u010dte. Ale t\u0159eba m\u011b te\u010f u psan\u00ed n\u011bkdo nahr\u00e1v\u00e1 skrytou kamerou, tak\u017ee kdov\u00ed, jestli nep\u0159ijdu o pr\u00e9mie.<\/p>\n","protected":false},"author":1,"featured_media":0,"comment_status":"open","ping_status":"open","sticky":false,"template":"","format":"standard","meta":{"ngg_post_thumbnail":0,"footnotes":""},"categories":[10],"tags":[],"class_list":["post-1081","post","type-post","status-publish","format-standard","hentry","category-zlehka"],"_links":{"self":[{"href":"https:\/\/www.ladislavjakl.cz\/index.php?rest_route=\/wp\/v2\/posts\/1081","targetHints":{"allow":["GET"]}}],"collection":[{"href":"https:\/\/www.ladislavjakl.cz\/index.php?rest_route=\/wp\/v2\/posts"}],"about":[{"href":"https:\/\/www.ladislavjakl.cz\/index.php?rest_route=\/wp\/v2\/types\/post"}],"author":[{"embeddable":true,"href":"https:\/\/www.ladislavjakl.cz\/index.php?rest_route=\/wp\/v2\/users\/1"}],"replies":[{"embeddable":true,"href":"https:\/\/www.ladislavjakl.cz\/index.php?rest_route=%2Fwp%2Fv2%2Fcomments&post=1081"}],"version-history":[{"count":1,"href":"https:\/\/www.ladislavjakl.cz\/index.php?rest_route=\/wp\/v2\/posts\/1081\/revisions"}],"predecessor-version":[{"id":1082,"href":"https:\/\/www.ladislavjakl.cz\/index.php?rest_route=\/wp\/v2\/posts\/1081\/revisions\/1082"}],"wp:attachment":[{"href":"https:\/\/www.ladislavjakl.cz\/index.php?rest_route=%2Fwp%2Fv2%2Fmedia&parent=1081"}],"wp:term":[{"taxonomy":"category","embeddable":true,"href":"https:\/\/www.ladislavjakl.cz\/index.php?rest_route=%2Fwp%2Fv2%2Fcategories&post=1081"},{"taxonomy":"post_tag","embeddable":true,"href":"https:\/\/www.ladislavjakl.cz\/index.php?rest_route=%2Fwp%2Fv2%2Ftags&post=1081"}],"curies":[{"name":"wp","href":"https:\/\/api.w.org\/{rel}","templated":true}]}}