{"id":10829,"date":"2020-01-21T09:47:52","date_gmt":"2020-01-21T08:47:52","guid":{"rendered":"http:\/\/www.ladislavjakl.cz\/?p=10829"},"modified":"2020-01-21T09:47:52","modified_gmt":"2020-01-21T08:47:52","slug":"zantovsky-v-pl-o-jaklovi-ve-vyrocni-zprave-ministerstva-vnitra","status":"publish","type":"post","link":"https:\/\/www.ladislavjakl.cz\/?p=10829","title":{"rendered":"\u017dantovsk\u00fd v\u00a0PL o Jaklovi ve v\u00fdro\u010dn\u00ed zpr\u00e1v\u011b Ministerstva vnitra"},"content":{"rendered":"<p>Medi\u00e1ln\u00ed analytik Petr \u017dantovsk\u00fd v&nbsp;Parlamentn\u00edch listech p\u0159ipom\u00edn\u00e1 ud\u00e1lost, o n\u00ed\u017e nejen m\u00e9dia informovala hodn\u011b sv\u00e9r\u00e1zn\u011b. \u201eM\u00e1m na mysli napaden\u00ed pana Jakla jak\u00fdmsi p\u00e1nem v metru a \u010dty\u0159i dny nato jin\u00fdm p\u00e1nem ve Zl\u00edn\u011b, co\u017e \u0159e\u0161ily dva org\u00e1ny. Ve v\u00fdro\u010dn\u00ed zpr\u00e1v\u011b Ministerstva vnitra za druh\u00e9 \u010dtvrtlet\u00ed minul\u00e9ho roku jsem se o tom do\u010detl a mimo jin\u00e9 m\u011b v textu zaujala velmi p\u011bkn\u00e1 formulace, \u017ee se org\u00e1ny \u010dinn\u00e9 v trestn\u00edm \u0159\u00edzen\u00ed \u201av\u011bnovaly i konfliktu mezi Ladislavem Jaklem a dal\u0161\u00edm mu\u017eem v metru\u2018.<\/p>\n<p><!--more--><\/p>\n<p>Za prv\u00e9 je u\u017e z\u00e1bavn\u00e9 nazvat ud\u00e1lost, kter\u00e1 prob\u00edh\u00e1 tak, \u017ee jeden \u010dlov\u011bk ml\u00e1t\u00ed druh\u00e9ho, konfliktem. Konflikt nast\u00e1v\u00e1 tehdy, kdy\u017e se lid\u00e9 dostanou do sporu a \u0159e\u0161\u00ed to bu\u010f \u00fastn\u011b, nebo ru\u010dn\u011b. Ale v tomto p\u0159\u00edpad\u011b \u0161lo o napaden\u00ed z jedn\u00e9 strany. A tak\u00e9 mi nejde do hlavy, pro\u010d se tam p\u00ed\u0161e \u201as dal\u0161\u00edm mu\u017eem\u2018, kdy\u017e p\u0159ece v\u0161ichni, kdo cht\u011bj\u00ed, si dok\u00e1\u017eou zjistit, \u017ee ten \u010dlov\u011bk se jmenuje Daniel Rub\u00edn,\u201c div\u00ed se medi\u00e1ln\u00ed odborn\u00edk.<\/p>\n<p>Tohoto tehdy dev\u011btadvacetilet\u00e9ho studenta z Roztok potrestalo po n\u011bjak\u00e9m \u010dase p\u0159estupkov\u00e9 odd\u011blen\u00ed \u00fa\u0159adu M\u011bstsk\u00e9 \u010d\u00e1sti Praha pokutou p\u011bt tis\u00edc korun za \u00famysln\u00fd pokus zranit Ladislava Jakla. \u201eTak pro\u010d tedy, kdy\u017e je zn\u00e1mo, kdo byl ten n\u00e1siln\u00edk, Ministerstvo vnitra jmenuje pana Jakla, ale m\u00edsto jmenov\u00e1n\u00ed \u00fato\u010dn\u00edka pana Rub\u00edna pou\u017eije formulaci \u201as dal\u0161\u00edm mu\u017eem\u2018. Tak tohle nepova\u017euji za n\u00e1hodu. To je snaha denunciovat pana Jakla a zleh\u010dovat celou tu ud\u00e1lost. Mimochodem, stejn\u00e9 p\u0159estupkov\u00e9 odd\u011blen\u00ed dalo pokutu i Ladislavu Jaklovi. P\u0159esto\u017ee byl napaden, tak dostal pokutu tis\u00edc korun. Z\u0159ejm\u011b jim na \u00fa\u0159ad\u011b p\u0159i\u0161el pom\u011br jedna ku p\u011bti jako adekv\u00e1tn\u00ed t\u00e9 situaci v metru. A to \u00fadajn\u011b na z\u00e1klad\u011b sd\u011blen\u00ed n\u011bjak\u00e9ho sv\u011bdka, u n\u011bho\u017e nen\u00ed v\u016fbec jist\u00e9, \u017ee tam u toho byl. Ale to u\u017e je takov\u00fd \u010desk\u00fd \u00fa\u0159edn\u00ed a justi\u010dn\u00ed folkl\u00f3r,\u201c uv\u011bdomuje si Petr \u017dantovsk\u00fd.<\/p>\n<p>Tak\u00e9 druh\u00fd \u00fatok na Ladislava Jakla, kter\u00fd se odehr\u00e1l ve Zl\u00edn\u011b, u\u017e tak\u00e9 pro\u0161el p\u0159estupkov\u00fdm \u0159\u00edzen\u00edm a pachatel toho napaden\u00ed dostal n\u011bjak\u00fd trest. \u201eNev\u00edme jak\u00fd, to bychom si museli zjistit podle z\u00e1kona o svobodn\u00e9m p\u0159\u00edstupu k informac\u00edm. Ale pokud je mi zn\u00e1mo, tak to p\u0159estupkov\u00e1 komise panu Jaklovi odm\u00edtla sd\u011blit, proto\u017ee pr\u00fd v p\u0159\u00edpadu figuruje jen jako sv\u011bdek. To mi p\u0159ijde tak\u00e9 docela bizarn\u00ed, b\u00fdt sv\u011bdkem ve v\u011bci vlastn\u00edho p\u0159epaden\u00ed a ubl\u00ed\u017een\u00ed na t\u011ble, to je tak\u00e9 folklor u\u017e pon\u011bkud orwellovsk\u00fd. No a jenom abychom byli v obraze, tak pachatelem toho zl\u00ednsk\u00e9ho napaden\u00ed je extern\u00ed u\u010ditel FAMU a profesion\u00e1ln\u00ed po\u0159adatel ve\u010d\u00edrk\u016f pro herce na festivalech, jist\u00fd Tom\u00e1\u0161 Flisn\u00edk. Tak abychom v\u011bd\u011bli, kdo je kdo, jak se \u0159\u00edk\u00e1, padni, komu padni. No, ale jestli tohle u\u010d\u00ed na FAMU, tak p\u00e1nb\u016fh st\u016fj p\u0159i FAMU a jeho studentech,\u201c dod\u00e1v\u00e1 medi\u00e1ln\u00ed analytik.<\/p>\n<p><a href=\"https:\/\/www.parlamentnilisty.cz\/arena\/monitor\/Narod-Timhle-si-EU-zadelava-na-svuj-konec-tusi-Petr-Zantovsky-A-Minar-Zeman-Rusko-Cina-610382\">Zdroj<\/a><\/p>\n","protected":false},"excerpt":{"rendered":"<p>Medi\u00e1ln\u00ed analytik Petr \u017dantovsk\u00fd v&nbsp;Parlamentn\u00edch listech p\u0159ipom\u00edn\u00e1 ud\u00e1lost, o n\u00ed\u017e nejen m\u00e9dia informovala hodn\u011b sv\u00e9r\u00e1zn\u011b. \u201eM\u00e1m na mysli napaden\u00ed pana Jakla jak\u00fdmsi p\u00e1nem v metru a \u010dty\u0159i dny nato jin\u00fdm p\u00e1nem ve Zl\u00edn\u011b, co\u017e \u0159e\u0161ily dva org\u00e1ny. Ve v\u00fdro\u010dn\u00ed zpr\u00e1v\u011b Ministerstva vnitra za druh\u00e9 \u010dtvrtlet\u00ed minul\u00e9ho roku jsem se o tom do\u010detl a mimo jin\u00e9 [&hellip;]<\/p>\n","protected":false},"author":1,"featured_media":0,"comment_status":"open","ping_status":"open","sticky":false,"template":"","format":"standard","meta":{"ngg_post_thumbnail":0,"footnotes":""},"categories":[11],"tags":[],"class_list":["post-10829","post","type-post","status-publish","format-standard","hentry","category-ozvena"],"_links":{"self":[{"href":"https:\/\/www.ladislavjakl.cz\/index.php?rest_route=\/wp\/v2\/posts\/10829","targetHints":{"allow":["GET"]}}],"collection":[{"href":"https:\/\/www.ladislavjakl.cz\/index.php?rest_route=\/wp\/v2\/posts"}],"about":[{"href":"https:\/\/www.ladislavjakl.cz\/index.php?rest_route=\/wp\/v2\/types\/post"}],"author":[{"embeddable":true,"href":"https:\/\/www.ladislavjakl.cz\/index.php?rest_route=\/wp\/v2\/users\/1"}],"replies":[{"embeddable":true,"href":"https:\/\/www.ladislavjakl.cz\/index.php?rest_route=%2Fwp%2Fv2%2Fcomments&post=10829"}],"version-history":[{"count":1,"href":"https:\/\/www.ladislavjakl.cz\/index.php?rest_route=\/wp\/v2\/posts\/10829\/revisions"}],"predecessor-version":[{"id":10830,"href":"https:\/\/www.ladislavjakl.cz\/index.php?rest_route=\/wp\/v2\/posts\/10829\/revisions\/10830"}],"wp:attachment":[{"href":"https:\/\/www.ladislavjakl.cz\/index.php?rest_route=%2Fwp%2Fv2%2Fmedia&parent=10829"}],"wp:term":[{"taxonomy":"category","embeddable":true,"href":"https:\/\/www.ladislavjakl.cz\/index.php?rest_route=%2Fwp%2Fv2%2Fcategories&post=10829"},{"taxonomy":"post_tag","embeddable":true,"href":"https:\/\/www.ladislavjakl.cz\/index.php?rest_route=%2Fwp%2Fv2%2Ftags&post=10829"}],"curies":[{"name":"wp","href":"https:\/\/api.w.org\/{rel}","templated":true}]}}