{"id":1083,"date":"2011-06-23T12:08:07","date_gmt":"2011-06-23T11:08:07","guid":{"rendered":"http:\/\/www.ladislavjakl.cz\/?p=1083"},"modified":"2011-06-23T12:08:25","modified_gmt":"2011-06-23T11:08:25","slug":"ladislav-jakl-o-prezidentske-navsteve-plzenskeho-kraje-v-ceskem-rozhlase","status":"publish","type":"post","link":"https:\/\/www.ladislavjakl.cz\/?p=1083","title":{"rendered":"Ladislav Jakl o prezidentsk\u00e9 n\u00e1v\u0161t\u011bv\u011b Plze\u0148sk\u00e9ho kraje v \u010cesk\u00e9m rozhlase"},"content":{"rendered":"<p><!--more--><object classid=\"clsid:d27cdb6e-ae6d-11cf-96b8-444553540000\" width=\"231\" height=\"39\" codebase=\"http:\/\/download.macromedia.com\/pub\/shockwave\/cabs\/flash\/swflash.cab#version=6,0,40,0\"><param name=\"src\" value=\"https:\/\/www.ladislavjakl.cz\/data\/JAKL_231_39_1.swf\" \/><embed type=\"application\/x-shockwave-flash\" width=\"231\" height=\"39\" src=\"https:\/\/www.ladislavjakl.cz\/data\/JAKL_231_39_1.swf\"><\/embed><\/object><\/p>\n","protected":false},"excerpt":{"rendered":"","protected":false},"author":1,"featured_media":0,"comment_status":"open","ping_status":"open","sticky":false,"template":"","format":"standard","meta":{"ngg_post_thumbnail":0,"footnotes":""},"categories":[13],"tags":[],"class_list":["post-1083","post","type-post","status-publish","format-standard","hentry","category-rozhovory"],"_links":{"self":[{"href":"https:\/\/www.ladislavjakl.cz\/index.php?rest_route=\/wp\/v2\/posts\/1083","targetHints":{"allow":["GET"]}}],"collection":[{"href":"https:\/\/www.ladislavjakl.cz\/index.php?rest_route=\/wp\/v2\/posts"}],"about":[{"href":"https:\/\/www.ladislavjakl.cz\/index.php?rest_route=\/wp\/v2\/types\/post"}],"author":[{"embeddable":true,"href":"https:\/\/www.ladislavjakl.cz\/index.php?rest_route=\/wp\/v2\/users\/1"}],"replies":[{"embeddable":true,"href":"https:\/\/www.ladislavjakl.cz\/index.php?rest_route=%2Fwp%2Fv2%2Fcomments&post=1083"}],"version-history":[{"count":2,"href":"https:\/\/www.ladislavjakl.cz\/index.php?rest_route=\/wp\/v2\/posts\/1083\/revisions"}],"predecessor-version":[{"id":1095,"href":"https:\/\/www.ladislavjakl.cz\/index.php?rest_route=\/wp\/v2\/posts\/1083\/revisions\/1095"}],"wp:attachment":[{"href":"https:\/\/www.ladislavjakl.cz\/index.php?rest_route=%2Fwp%2Fv2%2Fmedia&parent=1083"}],"wp:term":[{"taxonomy":"category","embeddable":true,"href":"https:\/\/www.ladislavjakl.cz\/index.php?rest_route=%2Fwp%2Fv2%2Fcategories&post=1083"},{"taxonomy":"post_tag","embeddable":true,"href":"https:\/\/www.ladislavjakl.cz\/index.php?rest_route=%2Fwp%2Fv2%2Ftags&post=1083"}],"curies":[{"name":"wp","href":"https:\/\/api.w.org\/{rel}","templated":true}]}}