{"id":1084,"date":"2011-06-23T10:52:13","date_gmt":"2011-06-23T09:52:13","guid":{"rendered":"http:\/\/www.ladislavjakl.cz\/?p=1084"},"modified":"2011-06-23T10:53:18","modified_gmt":"2011-06-23T09:53:18","slug":"dort-od-radia-impuls-video-a-podekovani","status":"publish","type":"post","link":"https:\/\/www.ladislavjakl.cz\/?p=1084","title":{"rendered":"Dort od R\u00e1dia Impuls &#8211; video a pod\u011bkov\u00e1n\u00ed"},"content":{"rendered":"<p><span>R\u00e1dio Impuls p\u0159\u00edmo na Hrad\u011b pop\u0159\u00e1lo V\u00e1clavovi Klausovi k jeho 70. narozenin\u00e1m! <\/span><\/p>\n<p><span><!--more--><\/span><a href=\"http:\/\/www.impuls.cz\/clanek\/radio-impuls-primo-na-hrade-popralo-vaclavovi-klausovi-k-jeho-70-narozeninam\/230679\" target=\"_blank\"><\/a><\/p>\n<p style=\"text-align: center;\"><a href=\"https:\/\/www.ladislavjakl.cz\/wp-content\/uploads\/2011\/06\/dort.jpg\"><img loading=\"lazy\" decoding=\"async\" class=\"aligncenter size-medium wp-image-1085\" title=\"Ladislav Jakl a dort od r\u00e1dia Impuls\" src=\"https:\/\/www.ladislavjakl.cz\/wp-content\/uploads\/2011\/06\/dort-300x169.jpg\" alt=\"dort\" width=\"300\" height=\"169\" srcset=\"https:\/\/www.ladislavjakl.cz\/wp-content\/uploads\/2011\/06\/dort-300x169.jpg 300w, https:\/\/www.ladislavjakl.cz\/wp-content\/uploads\/2011\/06\/dort-1024x576.jpg 1024w, https:\/\/www.ladislavjakl.cz\/wp-content\/uploads\/2011\/06\/dort.jpg 1127w\" sizes=\"auto, (max-width: 300px) 100vw, 300px\" \/><\/a><\/p>\n<p><a href=\"http:\/\/www.impuls.cz\/clanek\/radio-impuls-primo-na-hrade-popralo-vaclavovi-klausovi-k-jeho-70-narozeninam\/230679\" target=\"_blank\">Zdroj<\/a><\/p>\n","protected":false},"excerpt":{"rendered":"<p>R\u00e1dio Impuls p\u0159\u00edmo na Hrad\u011b pop\u0159\u00e1lo V\u00e1clavovi Klausovi k jeho 70. narozenin\u00e1m!<\/p>\n","protected":false},"author":1,"featured_media":0,"comment_status":"open","ping_status":"open","sticky":false,"template":"","format":"standard","meta":{"ngg_post_thumbnail":0,"footnotes":""},"categories":[10],"tags":[],"class_list":["post-1084","post","type-post","status-publish","format-standard","hentry","category-zlehka"],"_links":{"self":[{"href":"https:\/\/www.ladislavjakl.cz\/index.php?rest_route=\/wp\/v2\/posts\/1084","targetHints":{"allow":["GET"]}}],"collection":[{"href":"https:\/\/www.ladislavjakl.cz\/index.php?rest_route=\/wp\/v2\/posts"}],"about":[{"href":"https:\/\/www.ladislavjakl.cz\/index.php?rest_route=\/wp\/v2\/types\/post"}],"author":[{"embeddable":true,"href":"https:\/\/www.ladislavjakl.cz\/index.php?rest_route=\/wp\/v2\/users\/1"}],"replies":[{"embeddable":true,"href":"https:\/\/www.ladislavjakl.cz\/index.php?rest_route=%2Fwp%2Fv2%2Fcomments&post=1084"}],"version-history":[{"count":4,"href":"https:\/\/www.ladislavjakl.cz\/index.php?rest_route=\/wp\/v2\/posts\/1084\/revisions"}],"predecessor-version":[{"id":1089,"href":"https:\/\/www.ladislavjakl.cz\/index.php?rest_route=\/wp\/v2\/posts\/1084\/revisions\/1089"}],"wp:attachment":[{"href":"https:\/\/www.ladislavjakl.cz\/index.php?rest_route=%2Fwp%2Fv2%2Fmedia&parent=1084"}],"wp:term":[{"taxonomy":"category","embeddable":true,"href":"https:\/\/www.ladislavjakl.cz\/index.php?rest_route=%2Fwp%2Fv2%2Fcategories&post=1084"},{"taxonomy":"post_tag","embeddable":true,"href":"https:\/\/www.ladislavjakl.cz\/index.php?rest_route=%2Fwp%2Fv2%2Ftags&post=1084"}],"curies":[{"name":"wp","href":"https:\/\/api.w.org\/{rel}","templated":true}]}}