{"id":10842,"date":"2020-02-03T12:45:11","date_gmt":"2020-02-03T11:45:11","guid":{"rendered":"http:\/\/www.ladislavjakl.cz\/?p=10842"},"modified":"2020-02-03T12:45:11","modified_gmt":"2020-02-03T11:45:11","slug":"hampl-foldyna-a-spol-pavlu-novotnemu-primo-pod-okny-na-plne-koule-schytal-to-minar-i-dalsi","status":"publish","type":"post","link":"https:\/\/www.ladislavjakl.cz\/?p=10842","title":{"rendered":"Hampl, Foldyna a spol. Pavlu Novotn\u00e9mu p\u0159\u00edmo \u201epod okny\u201c. Na \u201epln\u00e9 koule\u201c. Schytal to Min\u00e1\u0159 i dal\u0161\u00ed"},"content":{"rendered":"<p><strong>Pod sv\u00edcnem b\u00fdv\u00e1 nejv\u011bt\u0161\u00ed tma, r\u010den\u00ed, kter\u00e9 by se dalo aplikovat na pond\u011bln\u00ed setk\u00e1n\u00ed rebel\u016f pod z\u00e1\u0161titou Petra Hampla. Odehr\u00e1lo se toti\u017e tak\u0159\u00edkaj\u00edc v \u0158eporyj\u00edch tamn\u00edmu starostovi Pavlu Novotn\u00e9mu (ODS) \u201ep\u0159\u00edmo pod okny\u201c.<\/strong><\/p>\n<p><!--more--><\/p>\n<p>\u201eExtr\u00e9mn\u00ed starosta\u201c, kter\u00fd ned\u00e1vno \u201evyhl\u00e1sil v\u00e1lku\u201c sam\u00e9mu Putinovi, asi nebyl r\u00e1d, \u017ee se mu v \u0158eporyj\u00edch jen kousek od radnice sch\u00e1zej\u00ed takov\u00e9 \u201e\u017eivly\u201c: sami se maj\u00ed za rebely a sou\u010dasn\u00fd disent, novin\u00e1\u0159i je v\u011bt\u0161inou maj\u00ed za konspir\u00e1tory.<\/p>\n<p>Nejm\u00e9n\u011b v oblib\u011b je pak maj\u00ed n\u011bkte\u0159\u00ed p\u0159\u00edznivci a \u010dlenov\u00e9 Pir\u00e1tsk\u00e9 strany, kte\u0159\u00ed p\u0159ekazili jejich p\u016fvodn\u00ed m\u00edsto setk\u00e1n\u00ed v hospod\u011b na Slamn\u00edku.&nbsp;&nbsp;<\/p>\n<p>\u201eExtr\u00e9mn\u00ed starosta\u201c, jak se Novotn\u00fd tituluje ve sv\u00e9m po\u0159adu na Mall TV, ov\u0161em nijak nezas\u00e1hl, a\u010d se to pr\u00fd podle toho, co se dalo vy\u010d\u00edst ze soci\u00e1ln\u00edch s\u00edt\u00ed, \u010dekalo. Na m\u00edsto kve\u010deru dorazili jen m\u00edstn\u00ed str\u00e1\u017en\u00edci, kte\u0159\u00ed zji\u0161\u0165ovali, zda akce skon\u010d\u00ed spo\u0159\u00e1dan\u011b do policejn\u00ed hodiny.<\/p>\n<p>Sociolog Petr Hampl, kter\u00fd soub\u011b\u017en\u011b s akc\u00ed slavil narozeniny, v \u00favodu \u0159ekl:\u201eJedn\u00e1 se o b\u011b\u017en\u00fd raut s n\u011bjak\u00fdm p\u0159\u00edpitky. O n\u011bjak\u00e9 setk\u00e1n\u00ed s rautem, rozhodn\u011b to nen\u00ed politick\u00e1 akce.\u201c<\/p>\n<div id=\"carodaOutstream758262Container\" class=\"carodaContainer\">\n<div id=\"carodaTeadsContainer174265041\" class=\"carodaOutstream fs-caroda-container-149073 fs-caroda-container-869414 fs-caroda-container-466451\">\n<div class=\"teads-adCall\">&nbsp;<\/div>\n<\/div>\n<\/div>\n<p>\u00davodem za\u010dal provokativn\u011b, kdy\u017e p\u0159ipomn\u011bl, \u017ee v lednu se narodil zn\u00e1m\u00fd ji\u017eansk\u00fd gener\u00e1l Robert Lee. P\u0159ipomn\u011bl i lednov\u00e9 narozen\u00ed dal\u0161\u00edho ji\u017eansk\u00e9ho gener\u00e1la, Stonewalla Jacksona. Oba tito gener\u00e1lov\u00e9 bojovali v americk\u00e9 ob\u010dansk\u00e9 v\u00e1lce na stran\u011b otrok\u00e1\u0159sk\u00e9ho jihu, tedy Konfederace ji\u017eansk\u00fdch st\u00e1t\u016f, kter\u00e9 usilovaly o odtr\u017een\u00ed od Unie.<\/p>\n<p><iframe loading=\"lazy\" src=\"https:\/\/www.facebook.com\/plugins\/post.php?href=https%3A%2F%2Fwww.facebook.com%2Fsociologpetrhampl%2Fposts%2F2441903599405282&amp;width=500\" width=\"500\" height=\"231\" frameborder=\"0\" scrolling=\"no\" data-mce-fragment=\"1\"><\/iframe><\/p>\n<p>Gener\u00e1l Lee byl ostatn\u011b i prom\u00edt\u00e1n na pozad\u00ed m\u00edsta, kde Hampl p\u0159edn\u00e1\u0161el. V prostoru visela i konfedera\u010dn\u00ed vlajka \u010di star\u0161\u00ed vlajka Unie, tedy sdru\u017een\u00ed severn\u00edch st\u00e1t\u016f bojuj\u00edc\u00edch v americk\u00e9 ob\u010dansk\u00e9 v\u00e1lce proti Konfederaci pod veden\u00edm Abrahama Lincolna.<\/p>\n<p>T\u011b\u017eko \u0159\u00edct, pro\u010d v prostoru vl\u00e1la vlajka Konfederace, kter\u00e1 je v USA obecn\u011b pova\u017eov\u00e1na za vlajku, ji\u017e maj\u00ed v oblib\u011b rasist\u00e9 a xenofobov\u00e9. Hampl to ov\u0161em vid\u00ed jinak.<\/p>\n<h4>Hampl a konfedera\u010dn\u00ed vlajka<\/h4>\n<p>\u201eNechci se pou\u0161t\u011bt do n\u011bjak\u00fdch historick\u00fdch v\u00fdklad\u016f, ale a\u0165 to historick\u00e9 obdob\u00ed vn\u00edm\u00e1me jakkoliv, nelze pop\u0159\u00edt, \u017ee minim\u00e1ln\u011b v posledn\u00edch sto letech ta ji\u017eansk\u00e1 vlajka za\u010dala b\u00fdt vn\u00edm\u00e1na jako symbol rebelstv\u00ed, nez\u00e1vislosti, odporu proti centr\u00e1ln\u00ed moci, odhodl\u00e1n\u00ed \u017e\u00edt po sv\u00e9m, ochoty postavit se na odpor,\u201c vysv\u011btlil, jak to vid\u00ed on. \u201eV \u010desk\u00e9m prost\u0159ed\u00ed pro to m\u00e1me slova nejen rebel, ale i bu\u0159i\u010d nebo kac\u00ed\u0159,\u201c vysv\u011btlil a dodal, \u017ee rebelstv\u00ed \u201en\u011bkoho napl\u0148uje nad\u0161en\u00edm a jin\u00e9ho d\u011bs\u00ed, a to proto, \u017ee je onen \u010dlov\u011bk podle Hampla \u201ezvykl\u00fd \u017e\u00edt tak, jak je mu na\u0159\u00edzeno a co si m\u00e1 myslet\u201c. \u201eNelze ale pop\u0159\u00edt, \u017ee za t\u011bch 3 000 let na\u0161\u00ed civilizace to byli sp\u00ed\u0161e ti rebelov\u00e9 a kac\u00ed\u0159i, kte\u0159\u00ed posouvali spole\u010dnost kup\u0159edu,\u201c sd\u011blil Hampl.<\/p>\n<p>Na setk\u00e1n\u00ed do \u0158eporyj\u00ed Hampl sezval podle sv\u00fdch slov \u201ep\u00e1r lid\u00ed\u201c, kte\u0159\u00ed se podle jeho n\u00e1zoru v posledn\u00edch letech projevili tak, \u017ee \u201emaj\u00ed co \u0159\u00edct k ot\u00e1zce kac\u00ed\u0159stv\u00ed, ot\u00e1zce rebelstv\u00ed\u201c.<\/p>\n<p>Mezi n\u011b pat\u0159ila nap\u0159\u00edklad b\u00fdval\u00e1 ministryn\u011b spravedlnosti Daniela Kov\u00e1\u0159ov\u00e1, poslanec Jaroslav Foldyna z \u010cSSD, filozof Ji\u0159\u00ed Hejlek, spisovatelka Lenka Proch\u00e1zkov\u00e1, b\u00fdval\u00fd politik ODS a kr\u00e1tce i prim\u00e1tor Prahy Igor N\u011bmec.&nbsp; &nbsp;<\/p>\n<p>\u201eJe mi 60 let a na tom \u010d\u00edsle je zaj\u00edmav\u00e9, \u017ee jsem p\u0159esn\u011b 30 let \u017eil v komunismu a 30 let potom. T\u011bch prvn\u00edch 30 let, kdy jsem nasb\u00edral rozum a kdy\u017e jsem \u0159\u00edkal sv\u00e9 n\u00e1zory, tak jsem byl pod vlivem \u0161tvav\u00fdch vys\u00edla\u010dek a americk\u00fdch centr\u00e1l. A te\u010f jsem v t\u00e9 druh\u00e9 p\u016flce \u017eivota, kdy\u017e \u0159\u00edk\u00e1m sv\u016fj n\u00e1zor, tak jsem pod vlivem rusk\u00fdch server\u016f a fake news. Tak chci \u0159\u00edct, \u017ee to, co tady budu \u0159\u00edkat, je skute\u010dn\u011b m\u016fj n\u00e1zor,\u201c uvedl Igor N\u011bmec na \u00favod, p\u0159i\u010dem\u017e jej odm\u011bnil sm\u00edch div\u00e1k\u016f.<\/p>\n<p>V kr\u00e1tk\u00e9m proslovu hovo\u0159il obecn\u011b \u0159e\u010deno o lidech, kte\u0159\u00ed \u017eij\u00ed tak, \u017ee kop\u00edruj\u00ed ostatn\u00ed, vzhl\u00ed\u017eej\u00ed ke vzor\u016fm, kter\u00fdch si kr\u00e1tce p\u0159ed smrt\u00ed nev\u00e1\u017e\u00ed, o lidech okraden\u00fdch o svobodu ducha a o identitu, kter\u00fdm \u017eivot od\u017eili jin\u00ed. \u201eFakticky nikdy nebyli svobodn\u00ed. Snad ani ne\u017eili, neb nikdy v \u017eivot\u011b nerealizovali \u017e\u00e1dn\u00e9 sv\u00e9 svobodn\u00e9 rozhodnut\u00ed, nep\u0159etr\u017eit\u011b se hnali tam kam ostatn\u00ed,\u201c uvedl. T\u011b\u017eko, co si z jeho projevu vz\u00edt, snad aby lid\u00e9 \u017eili autenticky, jeliko\u017e N\u011bmec mluvil celkem obecn\u011b.&nbsp;&nbsp;<\/p>\n<h4>VIDEO: SETK\u00c1N\u00cd REBEL\u016e V \u0158EPORYJ\u00cdCH<\/h4>\n<p><iframe loading=\"lazy\" src=\"https:\/\/www.facebook.com\/plugins\/video.php?href=https%3A%2F%2Fwww.facebook.com%2FRaptorTV.cz%2Fvideos%2F614966739267169%2F&amp;show_text=0&amp;width=560\" width=\"560\" height=\"315\" frameborder=\"0\" scrolling=\"no\" allowfullscreen=\"allowfullscreen\" data-mce-fragment=\"1\"><\/iframe><\/p>\n<p>N\u00e1sledn\u011b uvedl Hampl \u201erebelku, spisovatelku a pan\u00ed, kter\u00e9 se poda\u0159ilo, \u017ee je za ka\u017ed\u00e9ho re\u017eimu proti re\u017eimu, a\u0165 je ten re\u017eim jak\u00fdkoliv\u201c, Lenku Proch\u00e1zkovou. \u201eLenka bude v\u017edycky jednat podle sv\u00e9ho sv\u011bdom\u00ed a bude ne\u0159iditeln\u00e1,\u201c pochv\u00e1lil ji Hampl.<\/p>\n<p>\u201eT\u011b\u0161ila jsem se na dne\u0161n\u00ed ve\u010der jako star\u0161\u00ed \u010dlov\u011bk, kter\u00fd se t\u011b\u0161\u00ed do atmosf\u00e9ry sv\u00e9ho ml\u00e1d\u00ed,\u201c uvedla vtipem. Pro sv\u016fj p\u0159\u00edsp\u011bvek vymyslela Proch\u00e1zkov\u00e1 nov\u00e9 slovo \u201el\u017eivot\u201c. \u201eTento novotvar naz\u00fdv\u00e1 \u017eivot ve l\u017ei. Uv\u00edznut\u00ed ve l\u017eivot\u011b je pak logicky l\u017eivo\u0159en\u00ed,\u201c vysv\u011btlila spisovatelka.<\/p>\n<p>Chv\u00edli hovo\u0159ila o antick\u00e9m filozofovi S\u00f3kratovi a jeho konci. \u201eS\u00f3kratovi n\u00e1sledn\u00edci jsou nap\u0159\u00ed\u010d \u010dasem sp\u0159\u00edzn\u011bni volbou hledat pravdu. A t\u00edm slou\u017eit celku, sv\u00fdm bli\u017en\u00edm. Jenom\u017ee nutit bli\u017en\u00ed k p\u0159em\u00fd\u0161len\u00ed z\u016fstalo riskantn\u00ed \u010dinnost\u00ed,\u201c uvedla. \u201eKolob\u011bh rebelantstv\u00ed proti l\u017eivo\u0159en\u00ed se dr\u017e\u00ed v\u00edce ne\u017e 2 500 let po S\u00f3kratov\u011b smrti,\u201c dodala.<\/p>\n<p>Podle Proch\u00e1zkov\u00e9 se v \u0158eporyj\u00edch se\u0161la spousta rebel\u016f. \u201eJeden zapln\u011bn\u00fd hostinsk\u00fd s\u00e1l rebely m\u016f\u017ee pro pozorovatele p\u016fsobit jako zanedbateln\u00e9&nbsp; mno\u017estv\u00ed, pokud to srovn\u00e1v\u00e1 s Letnou. Tam se ov\u0161em kvantita nezm\u011bnila v kvalitu,\u201c uvedla.<\/p>\n<h4>Proch\u00e1zkov\u00e1 se op\u0159ela do \u201e\u010du\u010dka\u0159\u016f\u201c<\/h4>\n<p>P\u0159em\u011bna kvantity v kvalitu je ov\u0161em podle Proch\u00e1zkov\u00e9 v \u010desk\u00fdch d\u011bjin\u00e1ch opakuj\u00edc\u00ed se jev. \u201eZ\u0159ejm\u011b proto cht\u011bj\u00ed \u010du\u010dka\u0159i \u0161krtnout z d\u011bjepisu pr\u00e1v\u011b kapitoly o n\u00e1rodn\u00edm obrozen\u00ed, proto\u017ee to se tak\u00e9 zrodilo p\u0159i pokecu rebel\u016f v hospod\u011b,\u201c uvedla. Slovy \u010du\u010dka\u0159i nar\u00e1\u017eela z\u0159ejm\u011b na BIS, kterou tak celkem ned\u00e1vno ozna\u010dil prezident Milo\u0161 Zeman. Pr\u00e1v\u011b BIS hovo\u0159ila ve sv\u00e9 posledn\u00ed v\u00fdro\u010dn\u00ed zpr\u00e1v\u011b o tom, \u017ee je v\u00fduka d\u011bjepisu v \u010desk\u00fdch \u0161kol\u00e1ch zat\u00ed\u017eena sov\u011btsk\u00fdm v\u00fdkladem d\u011bjin, panslovanstv\u00edm a n\u00e1rodn\u00edm obrozen\u00edm.<\/p>\n<p>Mnoz\u00ed se tehdy pozastavovali nad t\u00edm, pro\u010d se \u010desk\u00e1 civiln\u00ed kontrarozv\u011bdka ve sv\u00e9 v\u00fdro\u010dn\u00ed zpr\u00e1v\u011b v\u016fbec v\u00fdukou d\u011bjepisu zab\u00fdv\u00e1 a pro\u010d j\u00ed vad\u00ed zrovna takov\u00e9 v\u011bci.<\/p>\n<p>Zp\u011bt k Proch\u00e1zkov\u00e9. \u201eChci pod\u011bkovat organiz\u00e1torovi, \u017ee pro n\u00e1\u0161 slet vybral pr\u00e1v\u011b \u0159eporyjskou Sokolovnu,\u201c uvedla a s\u00e1lem se rozezn\u011bl hromov\u00fd sm\u00edch a potlesk z\u0159ejm\u011b s odkazem na starostu \u0158eporyj\u00ed Pavla Novotn\u00e9ho.<\/p>\n<p>Humor je podle Proch\u00e1zkov\u00e9 d\u016fle\u017eit\u00fdm prost\u0159edkem p\u0159ed\u00e1v\u00e1n\u00ed n\u00e1rodn\u00edho k\u00f3du z generace na generaci. \u201ePro ty, co \u00fakoluj\u00ed \u010du\u010dka\u0159e, je ale p\u0159ed\u00e1v\u00e1n\u00ed n\u00e1rodn\u00edho k\u00f3du zavr\u017een\u00edhodnou tradic\u00ed, kterou je nutn\u00e9 zru\u0161it a m\u00edsto n\u00ed zav\u00e9st plo\u0161n\u00e9 \u010dipov\u00e1n\u00ed jako kdysi obojky otrok\u016f,\u201c op\u0159ela se op\u011bt Proch\u00e1zkov\u00e1 do BIS. \u201eNic nen\u00ed ztraceno, dokud to nevzd\u00e1me my sami,\u201c zakon\u010dila projev.<\/p>\n<p>Hampl se n\u00e1sledn\u011b v kr\u00e1tk\u00e9 p\u0159est\u00e1vce pochv\u00e1lil a vytasil se s t\u00edm, co mu jednou pr\u00fd \u0159ekl jeho kamar\u00e1d. \u201ePet\u0159e, j\u00edt na tvoji p\u0159edn\u00e1\u0161ku je jako j\u00edt na stript\u00fdz. Ono to nen\u00ed zak\u00e1zan\u00e9, ono to nen\u00ed protipr\u00e1vn\u00ed, ale nechce\u0161, aby lidi v\u011bd\u011bli, \u017ee na tyhle v\u011bci chod\u00ed\u0161,\u201c za\u017eertoval a ocenil jej sm\u00edch pln\u00e9ho hospodsk\u00e9ho s\u00e1lu. \u201eA to byl jeden Hampl a te\u010f si vemte, co v\u0161echno se tady dneska odehr\u00e1v\u00e1, a to nen\u00ed zdaleka v\u0161echno.\u201c<\/p>\n<p>Posl\u00e9ze vystoupil filozof Ji\u0159\u00ed Hejlek. Ten se podle sv\u00fdch slov zab\u00fdv\u00e1 filozofi\u00ed, soci\u00e1ln\u00edmi v\u011bdami a jazykem. Hampl kr\u00e1tce v \u00favodu p\u0159ed jeho vystoupen\u00edm \u0159ekl, \u017ee jeden vedouc\u00ed katedry jedn\u00e9 nejmenovan\u00e9 univerzity v minulosti ztratil m\u00edsto kv\u016fli tomu, \u017ee Hejlka nechal u\u010dit.<\/p>\n<h4>Hejlek: James Dean byl jako rebel bez p\u0159\u00ed\u010diny rozmazlenej, nesnesitelnej spratek<\/h4>\n<p>Hejlek se ve sv\u00e9 \u0159e\u010di v\u011bnoval p\u016fvodu slova \u201erebel\u201c sahaj\u00edc\u00edmu do antiky. Rebelie byla povst\u00e1n\u00ed poroben\u00fdch n\u00e1rod\u016f. Rebelem byl ten, kdo se znovu vrhal do v\u00e1lky. P\u0159ipomn\u011bl i selsk\u00e9 rebelie 17. a 18. stolet\u00ed. \u00datlak poroben\u00fdch n\u00e1rod\u016f se zm\u011bnil v \u00fatlak ni\u017e\u0161\u00edch vrstev. \u201eDouf\u00e1m, \u017ee nedopadneme jako sedl\u00e1ci u Chlumce,\u201c za\u017eertoval a op\u011bt jej odm\u011bnil sm\u00edch. D\u00e1le vysv\u011btloval, \u017ee bychom m\u011bli rad\u011bji u\u017e\u00edvat v\u00fdrazu rebelant ne\u017e rebel. \u201eRebelovat se mus\u00ed kolektivn\u011b. Rebelii musej\u00ed p\u00e1chat \u0161iroce zorganizovan\u00e9 a odhodlan\u00e9 davy, jednotliv\u00fd rebel je v podstat\u011b kravina,\u201c uvedl.&nbsp;&nbsp;<\/p>\n<p>Drsn\u011b se ot\u0159el o demonstranty proti Babi\u0161ovi z Letn\u00e9, jejich\u017e manifestace svol\u00e1vala iniciativa Milion chvilek pro demokracii. \u201eNa Letn\u00e9 si mysl\u00ed, jak jsou v\u0161ichni obrov\u0161t\u00ed rebelov\u00e9, net\u00fdk\u00e1 se to jenom milionov\u00fdch chl\u00edvk\u016f, ale i dal\u0161\u00edch lid\u00ed. Dne\u0161n\u00ed trend je p\u0159ezna\u010dkov\u00e1vat negativn\u00ed pojmy na pozitivn\u00ed. Vezm\u011bte si, jak mlad\u00ed lid\u00e9 r\u00e1di vol\u00ed ty Pir\u00e1ty. Dneska je skoro zak\u00e1zan\u00e9 slovo homosexu\u00e1l, ale je povoleno slovo gay, kter\u00e9 je p\u0159itom p\u016fvodn\u00edm posm\u011b\u0161n\u00fdm v\u00fdrazem pro homosexu\u00e1la. V\u0161imn\u011bte si, jak se to p\u0159ep\u00f3lov\u00e1v\u00e1, jak se to ot\u00e1\u010d\u00ed,\u201c uvedl Hejlek.<\/p>\n<p>P\u0159ipomn\u011bl Jamese Deana ve filmu Rebel bez p\u0159\u00ed\u010diny. \u201eJe to nafoukanej, nesnesitelnej, rozmazlenej fracek. Tendence je dneska ch\u00e1pat rebelstv\u00ed takto,\u201c kritizoval legend\u00e1rn\u00ed americk\u00fd sn\u00edmek.<\/p>\n<p>\u201eTo je srdce rebela. P\u0159ijde na rebelskou sch\u016fzi a \u0159ekne, \u017ee rebelstv\u00ed je vlastn\u011b \u0161patn\u011b,\u201c ocenil Hejlka Hampl.<\/p>\n<p>N\u00e1sledn\u011b se do toho r\u00e1zn\u011b op\u0159el dal\u0161\u00ed z pozvan\u00fdch, rebelantsk\u00fd poslanec \u010cSSD Jaroslav Foldyna, kter\u00fd jde pomysln\u011b proti ofici\u00e1ln\u00edmu proudu strany. \u201eM\u00e1m takov\u00e9 tu\u0161en\u00ed, \u017ee na veden\u00ed \u010cesk\u00e9 strany soci\u00e1ln\u011b demokratick\u00e9 nebude \u00fapln\u011b dobr\u00e1 n\u00e1lada, a\u017e tohle uvid\u00ed,\u201c komentoval Hampl Foldyn\u016fv p\u0159\u00edchod na sc\u00e9nu.<\/p>\n<p>Foldyna uvedl, \u017ee je za rebela i ve sv\u00e9 rodn\u00e9 stran\u011b. Kdy\u017e se pod\u00edv\u00e1me nazp\u011bt, tak si \u0159\u00edk\u00e1me, kam jsme to od roku 1989 do\u0161li, za\u010dal Foldyna. Tehdy chc\u00edpala \u010ceskoslovensk\u00e1 televize na Zelenku, dneska \u010cesk\u00e1 televize chc\u00edp\u00e1 na Dvo\u0159\u00e1ka, \u201esekl\u201c Foldyna do ve\u0159ejnopr\u00e1vn\u00edho m\u00e9dia, kdy\u017e odk\u00e1zal na star\u00fd p\u0159edrevolu\u010dn\u00ed vtip, kter\u00fd zn\u00ed: \u201ePrase chc\u00edp\u00e1 na \u010dervenku, televize na Zelenku.\u201c \u201eM\u011bli jsme svaz\u00e1ky, kdy\u017e se nad t\u00edm zamysl\u00edm, ti svaz\u00e1ci ob\u010das ud\u011blali n\u011bco po\u0159\u00e1dn\u00fdho. \u0160li a tu a tam vysadili les, ale dneska p\u0159ijdou na Letnou a \u0159vou tam,\u201c kritizoval Milion chvilek Foldyna.<\/p>\n<p>Sv\u011b\u0159il se s t\u00edm, \u017ee u\u017e pr\u00fd vid\u00ed, jak\u00e9 \u010dl\u00e1nky se budou o setk\u00e1n\u00ed v \u0158eporyj\u00edch ps\u00e1t a s jak\u00fdmi titulky.<\/p>\n<h4>R\u00e1zn\u00fd Foldyna<\/h4>\n<p>\u201eV \u0158eporyj\u00edch se se\u0161li n\u00e1ckov\u00e9 dneska. U\u017e vid\u00edm ty titulky. V \u0158eporyj\u00edch se se\u0161li n\u00e1ckov\u00e9,\u201c sv\u011b\u0159il se Foldyna. Posl\u00e9ze zavzpom\u00ednal na to, jak vypadalo logo \u010cSSD p\u0159ed t\u0159iceti lety, kdy do strany vstupoval, \u017ee tam bylo ozuben\u00e9 kolo a klasy a n\u00e1pis \u201estrana slu\u0161n\u00fdch lid\u00ed\u201c. Pr\u00fd si hned p\u0159edstavil, \u010d\u00ed ta strana je, \u017ee je to strana pracuj\u00edc\u00edch: zem\u011bd\u011blc\u016f a d\u011bln\u00edk\u016f. \u201eAkor\u00e1t ten n\u00e1pis slu\u0161n\u00fdch lid\u00ed bych tam dneska necpal, aby mi hned nedal po papuli n\u011bkdo,\u201c za\u017eertoval.<\/p>\n<p>Posl\u00e9ze pokra\u010doval ost\u0159e kriticky. \u201eZa t\u011bch 30 let n\u00e1m za\u010dali br\u00e1t symboly,\u201c zah\u0159\u00edmal Foldyna s odkazem na prom\u011bnu n\u00e1rodn\u00edch dres\u016f. \u201eD\u0159\u00edv tam m\u011bli toho lva a dneska tam maj\u00ed takovej obr\u00e1zek, lv\u00ed\u010dka. D\u0159\u00edv tam byla \u010derven\u00e1, modr\u00e1 b\u00edl\u00e1 a \u0161up, dneska tam b\u011b\u017e\u00ed v n\u011b\u010dem zelen\u00fdm. Oni n\u00e1m berou symboly,\u201c uvedl poslanec. \u201eAby n\u00e1m mohli vz\u00edt n\u00e1rodn\u00ed identitu, jako soci\u00e1ln\u00ed demokracii vzali ten znak,\u201c zahromoval a s\u00e1l tleskal. \u201eA te\u010f n\u00e1m cht\u011bj\u00ed br\u00e1t i biologickou identitu, \u017ee jsme homofobov\u00e9. Co vlastn\u011b cht\u011bj\u00ed z n\u00e1s? Beztvarou masu. Se\u017eerte si ty rohl\u00edky, co my tady vyprdneme z toho nekvalitn\u00edho. Jezte, nep\u0159emej\u0161lejte, my to za v\u00e1s vymysl\u00edme, my v\u00edme, co je pro v\u00e1s dobr\u00fd, to je hrozn\u00fd,\u201c uvedl Foldyna.<\/p>\n<p>\u201eJ\u00e1 nejsem n\u011bjakej filozof a myslitel. Jezdil jsem na lodi. M\u011bl jsem \u00fakol dov\u00e9zt tu lo\u010f do toho Hamburku, spolehliv\u011b, t\u011bch 1 500 tun. D\u0159\u00edv jsme v politice v\u011bd\u011bli, co d\u011bl\u00e1te dob\u0159e. Dnes ve Sn\u011bmovn\u011b jsou diskuse, \u017ee nev\u00edte, co ty lidi vlastn\u011b \u0159\u00edkaj. Oni jsou neskute\u010dn\u00fd, kdy\u017e jste up\u0159\u00edmnej a p\u0159\u00edmej, tak jste drzej. Populismus je v\u0161echno, co \u0159eknete, \u017ee se m\u00e1 ud\u011blat pro lidi, d\u011bkuji za pozv\u00e1n\u00ed, d\u00edky moc,\u201c zakon\u010dil Foldyna a odm\u011bnil jej hromov\u00fd potlesk.<\/p>\n<p>P\u0159es po\u010d\u00edta\u010d se posl\u00e9ze s osazenstvem \u0159eporyjsk\u00e9 Sokolovny spojil z N\u011bmecka \u010dlen AfD s \u010desk\u00fdmi ko\u0159eny Petr Bystro\u0148, kter\u00fd hovo\u0159il pon\u011bkud z\u00e1hadn\u011b a\u017e konspira\u010dn\u011b o politick\u00e9m boji, kter\u00fd podle n\u011bj v N\u011bmecku zu\u0159\u00ed mezi establishmentem, co\u017e jsou p\u0159\u00edznivci migrace a \u201ep\u0159\u00edznivci nov\u00e9 totality\u201c (Bystro\u0148 skute\u010dn\u011b tento v\u00fdraz pou\u017eil), a politick\u00fdmi rebely, kte\u0159\u00ed stoj\u00ed v opozici proti nim. Tento boj se podle Bystron\u011b rozl\u00e9z\u00e1 i za hranice N\u011bmecka v\u010detn\u011b \u010cesk\u00e9 republiky.<\/p>\n<p>\u201eZa\u010d\u00edn\u00e1 to ve virtu\u00e1ln\u00edm prostoru. Sami to zn\u00e1te, cenzuru obsahu na internetu, vymaz\u00e1v\u00e1n\u00ed facebookov\u00fdch str\u00e1nek, youtubov\u00fdch kan\u00e1l\u016f, pokra\u010duje to n\u00e1tlakem na hospodsk\u00e9 a ru\u0161en\u00edm rezervac\u00ed na posledn\u00ed chv\u00edli, znemo\u017e\u0148ov\u00e1n\u00edm vystoupen\u00ed na univerzitn\u00ed p\u016fd\u011b, znemo\u017e\u0148ov\u00e1n\u00edm svobodn\u00e9 diskuse,\u201c uvedl Bystro\u0148. \u201eA kon\u010d\u00ed to zap\u00e1len\u00fdmi auty a fyzick\u00fdmi \u00fatoky na exponenty dne\u0161n\u00edho disentu, dnes bychom \u0159ekli rebely a jejich vyhazov\u00e1n\u00edm z pr\u00e1ce,\u201c zakon\u010dil s t\u00edm, \u017ee zn\u00e1 spousty sv\u00fdch koleg\u016f, kte\u0159\u00ed p\u0159i\u0161li kv\u016fli sv\u00e9mu p\u0159esv\u011bd\u010den\u00ed o m\u00edsto.<\/p>\n<p>K z\u00e1v\u011bru vystoupil Ladislav Jakl a zavzpom\u00ednal. \u201eNarodil jsem se do sv\u011bta, kde b\u00fdt rebelem byla \u010d\u00e1ste\u010dn\u011b nutnost a bylo to i p\u0159\u00edjemn\u00e9,\u201c uvedl Jakl o minul\u00e9m re\u017eimu. \u201eRebeloval jsem ka\u017edou vte\u0159inu, v\u0161\u00edm, co jsem d\u011blal,\u201c dodal s t\u00edm, \u017ee to byl jeho \u017eivotn\u00ed styl. C\u00edtil se p\u0159itom pr\u00fd lep\u0161\u00ed a state\u010dn\u011bj\u0161\u00ed ne\u017e pitomci kolem n\u011bj. Rebelstv\u00ed bez p\u0159\u00ed\u010diny je podle n\u011bj lacin\u00e9. Sv\u011b\u0159il se s t\u00edm, co za\u017eil v tramvaji, kdy\u017e se vracel z jednoho fl\u00e1mu p\u0159ed \u010dty\u0159iceti lety a potkal slu\u0161n\u011b oble\u010denou rodinu m\u00ed\u0159\u00edc\u00ed na m\u0161i. Autentick\u00e9 rebelstv\u00ed, rebelantstv\u00ed je podle n\u011bj spojeno se slovem \u201eob\u011b\u0165\u201c. Jakl vytvo\u0159il tak\u00e9 novotvar, slovo&nbsp; \u201emichprd\u201c. Neprozradil ov\u0161em, co toto z\u00e1hadn\u00e9 nov\u00e9 sl\u016fvko znamen\u00e1.<\/p>\n<p><a href=\"https:\/\/www.parlamentnilisty.cz\/arena\/monitor\/Hampl-Foldyna-a-spol-Pavlu-Novotnemu-primo-pod-okny-Na-plne-koule-Schytal-to-Minar-i-dalsi-610742\">Zdroj<\/a><\/p>\n","protected":false},"excerpt":{"rendered":"<p>Pod sv\u00edcnem b\u00fdv\u00e1 nejv\u011bt\u0161\u00ed tma, r\u010den\u00ed, kter\u00e9 by se dalo aplikovat na pond\u011bln\u00ed setk\u00e1n\u00ed rebel\u016f pod z\u00e1\u0161titou Petra Hampla. Odehr\u00e1lo se toti\u017e tak\u0159\u00edkaj\u00edc v \u0158eporyj\u00edch tamn\u00edmu starostovi Pavlu Novotn\u00e9mu (ODS) \u201ep\u0159\u00edmo pod okny\u201c.<\/p>\n","protected":false},"author":1,"featured_media":0,"comment_status":"open","ping_status":"open","sticky":false,"template":"","format":"standard","meta":{"ngg_post_thumbnail":0,"footnotes":""},"categories":[11],"tags":[],"class_list":["post-10842","post","type-post","status-publish","format-standard","hentry","category-ozvena"],"_links":{"self":[{"href":"https:\/\/www.ladislavjakl.cz\/index.php?rest_route=\/wp\/v2\/posts\/10842","targetHints":{"allow":["GET"]}}],"collection":[{"href":"https:\/\/www.ladislavjakl.cz\/index.php?rest_route=\/wp\/v2\/posts"}],"about":[{"href":"https:\/\/www.ladislavjakl.cz\/index.php?rest_route=\/wp\/v2\/types\/post"}],"author":[{"embeddable":true,"href":"https:\/\/www.ladislavjakl.cz\/index.php?rest_route=\/wp\/v2\/users\/1"}],"replies":[{"embeddable":true,"href":"https:\/\/www.ladislavjakl.cz\/index.php?rest_route=%2Fwp%2Fv2%2Fcomments&post=10842"}],"version-history":[{"count":1,"href":"https:\/\/www.ladislavjakl.cz\/index.php?rest_route=\/wp\/v2\/posts\/10842\/revisions"}],"predecessor-version":[{"id":10843,"href":"https:\/\/www.ladislavjakl.cz\/index.php?rest_route=\/wp\/v2\/posts\/10842\/revisions\/10843"}],"wp:attachment":[{"href":"https:\/\/www.ladislavjakl.cz\/index.php?rest_route=%2Fwp%2Fv2%2Fmedia&parent=10842"}],"wp:term":[{"taxonomy":"category","embeddable":true,"href":"https:\/\/www.ladislavjakl.cz\/index.php?rest_route=%2Fwp%2Fv2%2Fcategories&post=10842"},{"taxonomy":"post_tag","embeddable":true,"href":"https:\/\/www.ladislavjakl.cz\/index.php?rest_route=%2Fwp%2Fv2%2Ftags&post=10842"}],"curies":[{"name":"wp","href":"https:\/\/api.w.org\/{rel}","templated":true}]}}