{"id":10844,"date":"2020-02-03T12:48:05","date_gmt":"2020-02-03T11:48:05","guid":{"rendered":"http:\/\/www.ladislavjakl.cz\/?p=10844"},"modified":"2020-02-03T12:48:05","modified_gmt":"2020-02-03T11:48:05","slug":"den-rebelu-v-reporyjich-typologie-pomatencu-pseudovlastenecke-sceny","status":"publish","type":"post","link":"https:\/\/www.ladislavjakl.cz\/?p=10844","title":{"rendered":"Den rebel\u016f v \u0158eporyj\u00edch \u2013 typologie pomatenc\u016f pseudovlasteneck\u00e9 sc\u00e9ny"},"content":{"rendered":"<p>Autor byl okolnostmi donucen sledovat dal\u0161\u00ed setk\u00e1n\u00ed b\u00edl\u00fdch heterosexu\u00e1ln\u00edch pseudovlastenc\u016f okolo Petra Hampla a v r\u00e1mci sv\u00e9 spole\u010densk\u00e9 \u00falohy ho interpretovat pro ty, kdo na podobn\u00e9 ud\u00e1losti nemaj\u00ed \u010das ani v\u016fli.<\/p>\n<p><!--more--><\/p>\n<p>\u201eChodit na ty tvoje akce, to je jako j\u00edt na stript\u00fdz. Nen\u00ed to protiz\u00e1konn\u00e9, nen\u00ed to protipr\u00e1vn\u00ed, ale tak n\u011bjak nechce\u0161, aby o tom tvoji sousedi v\u011bd\u011bli,\u201c \u0159\u00edkal pr\u00fd jednou Petru Hamplovi jeho kamar\u00e1d, kdy\u017e se dozv\u011bd\u011bl, \u017ee se chyst\u00e1 dal\u0161\u00ed&nbsp;<a href=\"https:\/\/www.youtube.com\/watch?v=k84ST_ZLf1Y&amp;fbclid=IwAR2kCBCrf6iaaYRBTWQEuEMKDqnqbAOUGJa1G2imjLrh2KFRruV_YZ5nEYE\">\u201esetk\u00e1n\u00ed rebel\u016f\u201c<\/a>&nbsp;v restauraci Sokolovna v pra\u017esk\u00fdch \u0158eporyj\u00edch.&nbsp;<\/p>\n<p><img decoding=\"async\" src=\"http:\/\/denikreferendum.cz\/assets\/pictures\/40357\/hp_main\/pozv_nka.jpg?1579796367\"><\/p>\n<p>Nab\u00edz\u00edm popis ud\u00e1lost\u00ed tak, jak jsem je zaznamenal. \u010ct\u011bte, ne\u017e to sma\u017eou\u2026<\/p>\n<p><b>Konfedera\u010dn\u00ed raut s p\u0159\u00edpitky<br \/>\n<\/b>\u201eToto je b\u011b\u017en\u00fd raut s p\u0159\u00edpitky, rozhodn\u011b to nen\u00ed politick\u00e1 akce. To je mysl\u00edm p\u011bkn\u00fd za\u010d\u00e1tek, jak se vrac\u00edme do dob, kter\u00e9 n\u011bkte\u0159\u00ed z n\u00e1s u\u017e znaj\u00ed,\u201c zahajuje Petr Hampl \u2013 pochopiteln\u011b zcela apoliticky \u2013 Den rebel\u016f v \u0158eporyj\u00edch, zat\u00edmco kustod posouv\u00e1 rollup nem\u00e9n\u011b apolitick\u00e9 Raptor TV, kter\u00e9 t\u00edmto srde\u010dn\u011b d\u011bkuji, nebo\u0165, jak hl\u00e1s\u00e1 s\u00e1m rollup, zde kamery \u010cT (ani \u017e\u00e1dn\u00e9 jin\u00e9) skute\u010dn\u011b nebyly.<\/p>\n<p>P\u0159\u00edle\u017eitostn\u00e1 snaha vyvol\u00e1vat atmosf\u00e9ru protire\u017eimn\u00ed \u010dinnosti se bude cel\u00fd ve\u010der t\u0159\u00ed\u0161tit o z\u00e1ti\u0161\u00ed s barevn\u00fdm osv\u011btlen\u00edm, jukeboxem a kule\u010dn\u00edkov\u00fdmi t\u00e1gy.<\/p>\n<p><img decoding=\"async\" src=\"http:\/\/denikreferendum.cz\/assets\/pictures\/40350\/hp_main\/hampl_rebelov__ilustra_ka.jpg?1579795303\"><\/p>\n<p><i>Snaha vyvol\u00e1vat atmosf\u00e9ru protire\u017eimn\u00ed \u010dinnosti se t\u0159\u00ed\u0161t\u00ed o z\u00e1ti\u0161\u00ed s barevn\u00fdm osv\u011btlen\u00edm, jukeboxem a kule\u010dn\u00edkov\u00fdmi t\u00e1gy. Repro DR<\/i><\/p>\n<p>\u201ePoj\u010fme rovnou k v\u011bci: 19. ledna roku 1807 se narodil Robert Edward Lee, a 21. ledna se narodil jin\u00fd ji\u017eansk\u00fd gener\u00e1l, Stonewall Jackson,\u201c prohlubuje Hampl hned v \u00favodu inflaci pojmu \u201ek v\u011bci\u201c, na\u010de\u017e se z publika ozve kovbojsk\u00e9 \u201eyippee!\u201c.<\/p>\n<p>Vztah gener\u00e1la Leeho k otrok\u016fm byl podle jedn\u011bch historik\u016f lhostejn\u00fd, podle druh\u00fdch se ke sv\u00fdm 63 otrok\u016fm, je\u017e zd\u011bdil spolu s plant\u00e1\u017e\u00ed, choval s mimo\u0159\u00e1dnou krutost\u00ed, v\u011b\u0161el je a bi\u010doval. Tento akademick\u00fd spor dopl\u0148me citac\u00ed z jeho dopisu man\u017eelce z roku 1856: \u201e\u010cerno\u0161i se zde maj\u00ed nesrovnateln\u011b l\u00e9pe ne\u017e v Africe, mor\u00e1ln\u011b, soci\u00e1ln\u011b a fyzicky. Tuh\u00e1 discipl\u00edna, kter\u00e9 jsou vystaveni, je nezbytn\u00e1 k jejich pou\u010den\u00ed jako rasy a douf\u00e1m, \u017ee je to p\u0159iprav\u00ed a dovede k lep\u0161\u00edmu \u017eivotu. Jak dlouho toto jejich podman\u011bn\u00ed bude nutn\u00e9, je zn\u00e1mo a \u0159\u00edzeno pouze moudrou a Milosrdnou Proz\u0159etelnost\u00ed.\u201c<\/p>\n<p>Jacksonova rodina vlastnila otrok\u016f pouze \u0161est, z toho t\u0159i nav\u00edc obdr\u017eela formou svatebn\u00edho daru, co\u017e se tak \u00fapln\u011b nepo\u010d\u00edt\u00e1. Oba gener\u00e1lov\u00e9, siln\u011b v\u011b\u0159\u00edc\u00ed, pova\u017eovali otroctv\u00ed za v\u016fli Bo\u017e\u00ed, se kterou nem\u011bli mor\u00e1ln\u00ed pr\u00e1vo polemizovat, rebelov\u00e9 jedni. Zp\u011bt k p\u0159edn\u00e1\u0161ce&#8230;<\/p>\n<p>\u201eDovolte mi za\u010d\u00edt cit\u00e1tem: \u201aKa\u017ed\u00e1 \u017eena, kter\u00e1 si vezme do p\u00e1nsk\u00e9 spole\u010dnosti sukni s vysok\u00fdm rozparkem, je potenci\u00e1ln\u00ed kontrarevolucion\u00e1\u0159ka. A ka\u017ed\u00fd mu\u017e, kter\u00fd se za n\u00ed oto\u010d\u00ed, je potenci\u00e1ln\u00edm kontrarevolucion\u00e1\u0159em\u2026\u201c Kdo je asi autorem, \u0159\u00edk\u00e1m si, tohle nemohl napsat nikdo, kdo to mysl\u00ed v\u00e1\u017en\u011b. A p\u0159eci\u2026 \u201eTohle jsem napsal asi p\u0159ed p\u011bti lety,\u201c vyv\u00e1d\u00ed m\u011b Petr Hampl z omylu. Je to jako se v\u0161\u00edm: sv\u011bt \u0161\u00edlen\u00e9ho feminismu si u\u017e n\u011bkolik let v \u010cesk\u00e9 republice vytv\u00e1\u0159\u00ed sami jeho odp\u016frci, proto\u017ee jenom proti \u0161\u00edlen\u00e9 karikatu\u0159e feminismu se m\u016f\u017ee jejich \u0159ep\u00e1ck\u00fd antifeminismus vyd\u00e1vat za zdrav\u00fd rozum.<\/p>\n<p>\u201eA kdy\u017e u\u017e jsem u t\u011bch sv\u00fdch prac\u00ed, mo\u017en\u00e1 o mn\u011b n\u011bkdo v\u00edte, \u017ee jsem n\u011bjakou dobu str\u00e1vil v\u00fdzkumem erotick\u00e9ho kapit\u00e1lu,\u201c pokra\u010duje Hampl neohro\u017een\u011b ve znehodnocov\u00e1n\u00ed dal\u0161\u00edch pojm\u016f, tentokr\u00e1t \u201epr\u00e1ce\u201c, \u201ev\u00fdzkum\u201c a \u201ekapit\u00e1l\u201c. Jedn\u00edm z jeho v\u00fdzkumn\u00fdch poznatk\u016f pr\u00fd je, \u017ee \u201ekr\u00e1sn\u00e9 \u017eeny jsou v pr\u016fm\u011bru inteligentn\u011bj\u0161\u00ed, a\u010dkoli byste to asi \u010dekali naopak\u201c. Konfedera\u010dn\u00ed v\u00fdzdobou se v tu chv\u00edli propl\u00e9t\u00e1 b\u00fdval\u00e1 ministryn\u011b spravedlnosti Daniela Kov\u00e1\u0159ov\u00e1, kterou ned\u00e1vno pozvala dokonce i \u010cesk\u00e1 televize, aby komentovala soudn\u00ed proces s Harvey Weinsteinem. \u201ePan\u00ed doktorko, pros\u00edm o n\u011bco rebelsk\u00e9ho.\u201c<\/p>\n<p>\u201eJe to hrozn\u00fd z\u00e1vazek, nikdy jsem na takov\u00e9 akci nebyla.\u201c Mysl\u00edm, \u017ee na takov\u00e9 akci nebyl je\u0161t\u011b nikdy nikdo v d\u011bjin\u00e1ch lidstva a akc\u00ed, pan\u00ed doktorko\u2026<\/p>\n<p>Daniela Kov\u00e1\u0159ov\u00e1 se zam\u00fd\u0161l\u00ed nad t\u00edm, jak to, \u017ee se navz\u00e1jem nevra\u017ed\u00edme, p\u0159esto\u017ee jsme ne\u010detli cel\u00fd ob\u010dansk\u00fd z\u00e1kon\u00edk. \u201eProto\u017ee jsme l\u00edn\u00fd!\u201c vyk\u0159ikuje kdosi a spou\u0161t\u00ed salvu sm\u00edchu \u2013 v\u00fdzkumem hlasov\u00e9 stopy z\u00e1znamu jsem identifikoval Ladislava Jakla, ale dokl\u00e1dat to nehodl\u00e1m. Nad Danielou Kov\u00e1\u0159ovou prask\u00e1 p\u0159ipevn\u011bn\u00e9 osv\u011btlen\u00ed, a je\u0161t\u011b n\u011bkolik des\u00edtek vte\u0159in se p\u0159ed n\u00ed povisle houpe.<\/p>\n<p>Patn\u00e1ctiminutov\u00e1 p\u0159edn\u00e1\u0161ka o tom, jak se rodinn\u00e9 pr\u00e1vo utrhlo ze \u0159et\u011bzu a m\u00e1 spoustu paragraf\u016f, kter\u00e9 absurdn\u011b posiluj\u00ed pr\u00e1va d\u00edt\u011bte, kon\u010d\u00ed na rebelskou konferenci trochu p\u0159ekvapiv\u011b: \u201ePr\u00e1vo v\u00e1m v mezilidsk\u00fdch vztaz\u00edch nijak nepom\u016f\u017ee. Sta\u010d\u00ed, kdy\u017e nebudete vra\u017edit, nebudete p\u0159epad\u00e1vat pocestn\u00e9 a nebudete ut\u00edkat z hospody bez placen\u00ed. A pros\u00edm, najd\u011bte v sob\u011b odvahu, abyste korigovali i ty ostatn\u00ed, aby ned\u011blali to, co nechceme, aby d\u011blali.\u201c<\/p>\n<p>\u2026 abyste korigovali ostatn\u00ed, aby ned\u011blali to, co nechceme, aby d\u011blali\u2026 M\u00e1m spoustu ot\u00e1zek ohledn\u011b individu\u00e1ln\u00ed svobody, kterou se konference za\u0161ti\u0165uje. Pokud je rebelstv\u00ed odvaha vzep\u0159\u00edt se autorit\u011b, pak v hamplistick\u00e9m pojet\u00ed je to sp\u00ed\u0161 odvaha vzep\u0159\u00edt se autorit\u011b, nahradit ji svou vlastn\u00ed autoritou a okam\u017eit\u011b za\u010d\u00edt ostatn\u00ed regulovat podle vlastn\u00edch p\u0159edstav. Pr\u00e1v\u011b takovou \u201eindividu\u00e1ln\u00ed svobodu\u201c ostatn\u011b symbolizuje i v\u0161ude po m\u00edstnosti rozv\u011b\u0161en\u00e1 vlajka konfederace, kter\u00e1 n\u00e1m nav\u017edy p\u0159ipom\u00edn\u00e1, jak se ji\u017eansk\u00e9 st\u00e1ty vzep\u0159ely washingtonsk\u00e9mu dikt\u00e1tu, kter\u00fd jim cht\u011bl p\u0159ikazovat, jak maj\u00ed zach\u00e1zet se sv\u00fdmi otroky.<\/p>\n<p><img decoding=\"async\" src=\"http:\/\/denikreferendum.cz\/assets\/pictures\/40351\/hp_main\/kov_ov__rebelov_.jpg?1579795436\"><\/p>\n<p>\u201e<i>Sta\u010d\u00ed, kdy\u017e nebudete vra\u017edit, nebudete p\u0159epad\u00e1vat pocestn\u00e9 a nebudete ut\u00edkat z hospody bez placen\u00ed.\u201c Repro DR<\/i><\/p>\n<p>Ladislav Jakl v prvn\u00ed \u0159ad\u011b klop\u00ed piv\u00ednka s kadenc\u00ed vpravd\u011b rebelskou. Vypl\u00fdv\u00e1 to z dal\u0161\u00edho m\u00e9ho v\u00fdzkumu, kter\u00fd jsem tentokr\u00e1t provedl srovn\u00e1n\u00edm n\u011bkolika des\u00edtek z\u00e1b\u011br\u016f, na kter\u00fdch Jakl\u016fv \u0161kopek z\u016fst\u00e1v\u00e1 z\u0159\u00eddkakdy statick\u00fd. Na sc\u00e9nu se zat\u00edm vrac\u00ed moder\u00e1tor v\u0161ech neovlasteneck\u00fdch akc\u00ed Petr Hampl, tentokr\u00e1t v tri\u010dku LGBT \u2013 Liberty, Guns, Bacon, Tits (svoboda, zbran\u011b, slanina, kozy), kter\u00e9 je dal\u0161\u00ed variac\u00ed \u201eLiberty, Guns, Beer, Trump\u201c, kter\u00e9 na p\u0159edchoz\u00edm setk\u00e1n\u00ed rebel\u016f na z\u00e1mku P\u0159\u00ed\u010dovy p\u0159edstavil pr\u00e1v\u011b Jakl. C\u00edt\u00edm, \u017ee ve\u010der teprve za\u010d\u00edn\u00e1.<\/p>\n<p>Na p\u00f3dium je zv\u00e1n Igor N\u011bmec, n\u011bkdej\u0161\u00ed poslanec za ODS a kr\u00e1tce i \u201epovod\u0148ov\u00fd\u201c prim\u00e1tor hlavn\u00edho m\u011bsta, kter\u00fd proslul v\u00fdrokem \u201esituace je nadm\u00edru v\u00fdte\u010dn\u00e1\u201c pronesen\u00fdm pr\u00e1v\u011b ve chv\u00edli, kdy se na Prahu \u0159\u00edtila tis\u00edcilet\u00e1 voda. Den po interview stoupl pr\u016ftok Vltavy na 5160 kub\u00edk\u016f a Karl\u00edn musel b\u00fdt evakuov\u00e1n. \u201eKdy\u017e jsem to vid\u011bl z v\u00fd\u0161ky, byl jsem p\u0159ekvapen. Situace je asi v\u00e1\u017en\u00e1,\u201c korigoval N\u011bmec tehdy po p\u00e1r hodin\u00e1ch sv\u016fj p\u016fvodn\u00ed \u201ev\u00fdzkum\u201c situace. N\u011bmcova politick\u00e1 kari\u00e9ra t\u00edmto momentem skon\u010dila, \u0161ance, \u017ee bude v budoucnu hostem na Dni rebel\u016f, naopak strm\u011b stouply, jako hladina v karl\u00ednsk\u00e9m divadle.<\/p>\n<p>N\u011bmc\u016fv p\u0159\u00edsp\u011bvek je tklivou etudou o samot\u011b um\u00edr\u00e1n\u00ed \u010dlov\u011bka, kter\u00fd cel\u00fd \u017eivot poslouchal pravidla, nechal si mluvit do sexu\u00e1ln\u00edho \u017eivota a pak um\u0159el. Kdy\u017e N\u011bmcova t\u0159esouc\u00ed se ruka odkl\u00e1d\u00e1 u\u017emoulan\u00fd pap\u00edr pln\u00fd up\u0159\u00edmnosti, pohl\u00ed\u017e\u00ed vst\u0159\u00edc tich\u00e9mu sal\u00f3nku a zvol\u00e1: \u201eP\u0159\u00e1tel\u00e9, p\u0159eji n\u00e1m, abychom psali trochu jin\u00fd p\u0159\u00edb\u011bh.\u201c<\/p>\n<p><b>Apoliti\u010dt\u00ed pomatenci neboli \u201el\u017eivoty\u201c a \u201erebelanti\u201c<br \/>\n<\/b>P\u0159ich\u00e1z\u00ed st\u00e1lice Hamplov\u00fdch d\u00fdch\u00e1nk\u016f, Lenka Proch\u00e1zkov\u00e1, b\u00fdval\u00e1 chartistka a n\u011bkolikan\u00e1sobn\u00e1 ne\u00fasp\u011b\u0161n\u00e1 kandid\u00e1tka, kter\u00e1 nikdy nebyla nikam zvolena proto, \u017ee \u201ev\u011bd\u011bli, \u017ee by ji tam bylo t\u011b\u017ek\u00e9 ovl\u00e1dat\u201c. P\u0159i jej\u00edm vystoupen\u00ed je p\u0159\u00edtm\u00ed salonku rozblik\u00e1no sv\u011bteln\u00fdm spektrem evokuj\u00edc\u00edm vystoupen\u00ed kapely, ve kter\u00e9 v\u0161echny n\u00e1stroje obstaraj\u00ed elektrick\u00e9 kl\u00e1vesy. Zrovna kdy\u017e vysv\u011btluje sv\u016fj autorsk\u00fd novotvar \u201el\u017eivot\u201c, tedy \u017eivot ve l\u017ei, p\u0159est\u00e1v\u00e1 fungovat mikrofon a jej\u00ed hlas je na p\u00e1r okam\u017eik\u016f nahrazen hlasit\u00fdm analogov\u00fdm vyzv\u00e1n\u011bn\u00edm mobiln\u00edho telefonu tla\u010d\u00edtkov\u00e9ho typu. Dojem samohrajkov\u00e9 z\u00e1bavy je v tuto chv\u00edli na sv\u00e9m maximu.<\/p>\n<p>I Lenka Proch\u00e1zkov\u00e1 ve sv\u00e9m p\u0159\u00edsp\u011bvku pou\u017e\u00edv\u00e1 Hampl\u016fv pomrk\u00e1vac\u00ed vt\u00edpek, \u017ee toto setk\u00e1n\u00ed je \u201evlastn\u011b jenom nepolitick\u00fd raut\u201c. Publikum v Sokolovn\u011b ozna\u010duje za n\u00e1sledovatele Sokrata, kter\u00fdch je ve srovn\u00e1n\u00ed s Letnou sice m\u00e1lo, ale zato p\u0159edstavuj\u00ed kvalitu proti letensk\u00e9 kvantit\u011b. Stylisticky zdatn\u00fd p\u0159\u00edsp\u011bvek spisovatel\u010din dov\u00e1d\u00ed publikum a\u017e v bur\u00e1cen\u00ed.<\/p>\n<p>Na jevi\u0161t\u011b je vz\u00e1p\u011bt\u00ed z hlubin soumraku p\u0159\u00ed\u010detnosti vyvr\u017een lingvista Hejlek, \u201e\u010dast\u00fd host banskobystrick\u00e9ho Svobodn\u00e9ho vys\u00edla\u010de\u201c. P\u0159edn\u00e1\u0161\u00ed r\u00e1doby odborn\u00fd p\u0159\u00edsp\u011bvek o p\u016fvodu slova rebel, kter\u00e9 chce skrze kritiku slavn\u00e9ho filmu s Jamesem Deanem nahradit pojmem \u201erebelant\u201c. \u201eJak se k n\u00e1m to slovo v\u016fbec dostalo? Tak zaprv\u00e9 z Ameriky, odkud sem v\u011bt\u0161inou chod\u011bj kraviny,\u201c vyvol\u00e1v\u00e1 Hejlek vsuvkou aplaus, mezi vlajkami konfederace a majest\u00e1tn\u00fdmi portr\u00e9ty americk\u00fdch gener\u00e1l\u016f mo\u017en\u00e1 trochu p\u0159ekvapiv\u011b. Ve\u010der se tak rebelsky vzpouz\u00ed logice a otev\u00edr\u00e1 svou n\u00e1ru\u010d neregulovan\u00e9mu alko-chaosu.<\/p>\n<p>\u201eDnes je trend p\u0159ep\u00f3lov\u00e1v\u00e1n\u00ed negativn\u00edch v\u00fdraz\u016f na pozitivn\u00ed. Nap\u0159\u00edklad ti mlad\u00ed vol\u00ed ty Pir\u00e1ty, to je velice podobn\u00e9. \u010cili dnes je t\u00e9m\u011b\u0159 zak\u00e1zan\u00e9 slovo \u201ahomosexu\u00e1l\u2018, ale zato je povolen\u00e9 slovo \u201agay\u2018, kter\u00e9 bylo p\u016fvodn\u011b posm\u011b\u0161n\u00e9. Prost\u011b takhle se to ot\u00e1\u010d\u00ed, ale ot\u00e1\u010d\u00ed se to v\u017edycky tak, aby ten rebel z\u016fst\u00e1val s\u00e1m!\u201c Lingvista Hejlek zvy\u0161uje hlas a dramatizuje v\u00fdraz. \u201eS\u00e1m se svou \u00fachylkou! A nanejv\u00fd\u0161, aby si ji nechal organizovan\u011b na Letn\u00fd nebo na V\u00e1clav\u00e1ku jinejma podobnejma \u00fachylama potvrdit.\u201c Tady se laskav\u00e9mu \u010dten\u00e1\u0159i omlouv\u00e1m, ale m\u00e1 erudice nesta\u010d\u00ed, abych p\u0159\u00edslu\u0161nou pas\u00e1\u017e uspokojiv\u011b rozkl\u00ed\u010doval. Jak si ji vykl\u00e1d\u00e1m:<\/p>\n<p>V prvn\u00ed \u010d\u00e1sti chce lingvista vzbuzovat l\u00edtost nad lidmi, kte\u0159\u00ed jsou politickou korektnost\u00ed ostrakizov\u00e1ni za pou\u017e\u00edv\u00e1n\u00ed slova homosexu\u00e1l, a z\u00e1rove\u0148 politick\u00e9 korektory usv\u011bd\u010dit z neznalosti. Autor tedy v prvn\u00ed \u010d\u00e1sti zjevn\u011b stran\u00ed p\u0159\u00edtomn\u00fdm \u201eosamocen\u00fdm rebel\u016fm\u201c. Ve druh\u00e9 \u010d\u00e1sti jsou ov\u0161em t\u011bmito \u201erebely s \u00fachylkou\u201c r\u00e1zem naopak demonstruj\u00edc\u00ed \u201e\u00fachylov\u00e9\u201c z Letn\u00e9. Publikum se t\u00edmto paradoxem nenech\u00e1v\u00e1 rozhodit a j\u00e1s\u00e1 p\u0159i pouh\u00e9m spojen\u00ed slov \u201eLetn\u00e1\u201c a \u201e\u00fachylov\u00e9\u201c. V podstat\u011b by nebylo pot\u0159eba \u0159\u00edkat nic jin\u00e9ho.<\/p>\n<p>\u201eNechci v\u00e1s nab\u00e1dat k tomu, abyste byli extr\u00e9misty, i kdy\u017e bych to tak nejrad\u0161i \u0159ekl\u2026\u201c Dlouh\u00fd potlesk sm\u011b\u0159uje autorovi p\u0159\u00edsp\u011bvku za odvahu, s jakou v m\u017eiku ustoupil cenzu\u0159e, ani\u017e byl k\u00fdmkoli cenzurov\u00e1n. Doch\u00e1z\u00ed mi, \u017ee cel\u00fd karneval novovlasteneck\u00e9ho hnut\u00ed by pokra\u010doval i po \u00fapln\u00e9m vyhuben\u00ed jak\u00e9koli politick\u00e9 korektnosti. Rebelstv\u00ed p\u0159\u00edtomn\u00fdch je toti\u017e veskrze rebelstv\u00edm proti vt\u00edrav\u00e9mu marasmu vlastn\u00edho \u017eivota, a ten by byl i bez politick\u00e9 korektnosti pram\u00e1lo snesiteln\u011bj\u0161\u00ed.<\/p>\n<p><img decoding=\"async\" src=\"http:\/\/denikreferendum.cz\/assets\/pictures\/40352\/hp_main\/rebelov__hejlek.jpg?1579795771\"><\/p>\n<p><i>Ve\u010der se rebelsky vzpouz\u00ed logice a otev\u00edr\u00e1 svou n\u00e1ru\u010d neregulovan\u00e9mu alko-chaosu. Repro DR<\/i><\/p>\n<p>\u201eTo je srdce rebela,\u201c bere si mikrofon moder\u00e1tor. \u201eP\u0159ij\u00edt na rebelskou konferenci, a \u0159\u00edct, \u017ee slovo rebel je \u0161patn\u011b.\u201c Oslavenec Petr Hampl je dnes objektivn\u011b v dobr\u00e9 form\u011b. \u0160koda, \u017ee to navzdory d\u00edl\u010d\u00edm sebeironick\u00fdm vtip\u016fm z\u00e1rove\u0148 mysl\u00ed v\u00e1\u017en\u011b jako celek.<\/p>\n<p>Na jevi\u0161t\u011b p\u0159ich\u00e1z\u00ed Alice Tomkov\u00e1, majitelka z\u00e1mku P\u0159\u00ed\u010dovy, kam&nbsp;<a href=\"http:\/\/denikreferendum.cz\/clanek\/29979-slechteni-lidskych-bytosti-aneb-vytah-ze-setkani-vlastencu-na-zamku-pricovy\">loni \u201epozvala v\u0161echny vlastence\u201c<\/a>. Zat\u00edmco let\u00e1\u010dek zval na akci, kde budou \u017eeny \u201eposuzov\u00e1ny jako sexu\u00e1ln\u00ed objekty\u201c, re\u00e1ln\u011b jsou \u00fa\u010dinkuj\u00edc\u00ed \u017eeny zahrnov\u00e1ny zcela vkusn\u00fdmi komplimenty a vyjad\u0159ovat se k nim s jak\u00fdmkoli dal\u0161\u00edm sexu\u00e1ln\u00edm podtextem by nikoho z p\u0159\u00edtomn\u00fdch ani nenapadlo. P\u0159irozen\u00e1 \u017eenskost je jednozna\u010dn\u011b nejv\u011bt\u0161\u00edm rebelstv\u00edm cel\u00e9 akce. Jinak je to sp\u00ed\u0161 terapeutick\u00e1 skupina, kde se v\u0161ichni navz\u00e1jem doj\u00edmaj\u00ed, vyz\u00fdvaj\u00ed k optimismu a zahrnuj\u00ed mluv\u010d\u00ed hutn\u00fdmi dotacemi sm\u00edchu, kter\u00e9 ve v\u011bt\u0161in\u011b p\u0159\u00edpad\u016f v\u00fdrazn\u011b p\u0159evy\u0161uj\u00ed dotovan\u00fd humor.<\/p>\n<p>\u201eNa tomto sjezdu jsem sp\u00ed\u0161 ta genderov\u011b vyva\u017euj\u00edc\u00ed vlo\u017eka. I kdy\u017e po sjezdu ODS se pan Hampl ani nemusel takto sna\u017eit.\u201c V tom je v\u0161echno \u2013 ODS se do\u010dk\u00e1v\u00e1 feministick\u00fdch posm\u011b\u0161k\u016f od hamplovsk\u00e9 konference. \u201eJ\u00e1 se opravdu ne\u017eiv\u00edm slovem, tak\u017ee na takov\u00e9mhle rebelantsk\u00e9m konfedera\u010dn\u00edm sjezdu jsem tak maxim\u00e1ln\u011b sb\u011bra\u010dem bavlny.\u201c \u2026 Je to vtipkov\u00e1n\u00ed o otroctv\u00ed? V\u00e1\u017en\u011b m\u00edn\u011bn\u00e9 ji\u017eansk\u00e9 vlajky a portr\u00e9ty otrok\u00e1\u0159\u016f tuto variantu zpochyb\u0148uj\u00ed. Ocit\u00e1me se ve sf\u00e9\u0159e dialektiky fa\u0161istick\u00e9ho humoru, jej\u00edm\u017e produktem m\u016f\u017ee b\u00fdt t\u0159eba pr\u00e1v\u011b ironick\u00e1 genocida.<\/p>\n<p><b>Levicov\u00e9 pomaten\u00ed neboli V\u011bd\u011bt, co je dob\u0159e<br \/>\n<\/b>\u201eJ\u00e1 bych cht\u011bl v\u0161echny ujistit, \u017ee tu nejste jako genderov\u011b vyva\u017euj\u00edc\u00ed, ale \u017ee jste tu kv\u016fli kr\u00e1se,\u201c vrac\u00ed v\u0161e do spr\u00e1vn\u00fdch kolej\u00ed Hampl a zve na p\u00f3dium Jaroslava Foldynu \u2013 bl\u00ed\u017e\u00ed se \u201elevicov\u00e9\u201c pomaten\u00ed. Jeho kr\u00e1tk\u00e9 vystoupen\u00ed nebudu p\u0159episovat formou citace, velmi by mu to ubl\u00ed\u017eilo. Foldyna pou\u017e\u00edv\u00e1 slova jen jako z voln\u00e9ho proudu se vyno\u0159uj\u00edc\u00ed vod\u00edtka pro poslucha\u010de zhola uhranut\u00e9 proudem autentick\u00e9ho spravedliv\u00e9ho hn\u011bvu. Podstatnou \u010d\u00e1st sv\u00e9ho vystoupen\u00ed se velmi intenzivn\u011b posm\u00edv\u00e1 sv\u00e9 partaji (d\u011bl\u00e1 to tak u\u017e dlouho a ta partaj mu st\u00e1le d\u00e1v\u00e1 sv\u016fj hlas v jak\u00e9msi schizofrenick\u00e9m poblouzn\u011bn\u00ed).<\/p>\n<p>Foldyna je n\u00e1rodn\u00ed socialista, kter\u00fd nechce nosit v logu r\u016f\u017ei, ale klasy a ozuben\u00e1 kola, mu\u017e, kter\u00fd \u201ejezdil s lod\u00ed, a s t\u011bmi tunami musel doplout do p\u0159\u00edstavu, a tehdy v\u011bd\u011bl, co d\u011bl\u00e1 dob\u0159e\u201c. Foldyna nesn\u00e1\u0161\u00ed tuhle dobu, kde \u010dlov\u011bk nev\u00ed, jestli to, co d\u011bl\u00e1, d\u011bl\u00e1 spr\u00e1vn\u011b. A cel\u00fd s\u00e1l by v tu chv\u00edli mysl\u00edm bez ot\u00e1len\u00ed nasko\u010dil na zaoce\u00e1nskou lo\u010f, kdyby ji kormidloval Foldyna. Des\u00edtky \u017een a mu\u017e\u016f se starost\u00ed v o\u010d\u00edch, kte\u0159\u00ed se dnes c\u00edt\u00ed jako heliov\u00e9 bal\u00f3nky, je\u017e lehkomysln\u00e9 dob\u011b vyklouzly z ruky, v\u011b\u0159\u00ed, \u017ee n\u011bkdo jako Foldyna by je snad mohl je\u0161t\u011b zachytit na jejich stra\u0161n\u00e9 cest\u011b pr\u00e1zdnem kamsi vzh\u016fru, p\u0159iv\u00e1zat si je na svou pevnou lo\u010f s pevn\u00fdm kormidlem a pevnou rukou je dov\u00e9st do p\u0159\u00edstavu.<\/p>\n<p>V n\u011bkter\u00fdch momentech je obzvl\u00e1\u0161\u0165 snadn\u00e9 naj\u00edt v sob\u011b soucit s t\u011bmito \u201elidmi pr\u00e1ce\u201c. Probl\u00e9m je, \u017ee pravdou z\u016fst\u00e1v\u00e1 i p\u0159esn\u00fd opak. Historie, jej\u00ed\u017e d\u011bsiv\u00e9 odkazy zdob\u00ed i toho ve\u010dera st\u011bny jedn\u00e9 \u0159eporyjsk\u00e9 hospody, n\u00e1m toti\u017e ukazuje, \u017ee pr\u00e1v\u011b ve chv\u00edli, kdy lid\u00e9 \u201ejenom d\u011blaj\u00ed svou pr\u00e1ci\u201c, ve skute\u010dnosti v\u016fbec nev\u011bd\u00ed, \u201eco je spr\u00e1vn\u011b\u201c, netu\u0161\u00ed, jak\u00e9 zlo je zrovna jejich \u201epoklidnou prac\u00ed\u201c podep\u00edr\u00e1no. Bez hodnot, kter\u00e9 ustavuj\u00ed hlub\u0161\u00ed smysl na\u0161eho po\u010d\u00edn\u00e1n\u00ed i n\u00e1\u0161 vztah k okoln\u00edmu sv\u011btu, a kter\u00fdmi toho ve\u010dera jednotliv\u00ed mluv\u010d\u00ed opovrhuj\u00ed, se pr\u00e1v\u011b \u201eklid na pr\u00e1ci\u201c st\u00e1v\u00e1 nebezpe\u010dnou utopi\u00ed.<\/p>\n<p>I Foldynu p\u0159i odchodu z podia l\u00edb\u00e1 na krk star\u00fd mu\u017e. Petr Hampl mezit\u00edm omlouv\u00e1 dva mluv\u010d\u00ed. Martina Konvi\u010dku pr\u00fd nepustili studenti z Bud\u011bjovic, Hampl douf\u00e1, \u201e\u017ee to aspo\u0148 byly studentky a \u017ee to bude zaj\u00edmav\u00e9\u201c. \u010clen n\u011bmeck\u00e9 AfD Petr Bystro\u0148 poslal video, takov\u00fd dlouh\u00fd recit\u00e1l o tom, jak AfD p\u0159edstavuje v N\u011bmecku disent, vyz\u00fdv\u00e1 k rebelstv\u00ed proti totalit\u011b, cituje Chartu a G\u00e1ndh\u00edho a v\u011b\u0161t\u00ed spole\u010dn\u00e9 v\u00edt\u011bzstv\u00ed po boku hrdin\u016f na\u0161\u00ed doby \u2013 Borise Johnsona, Tommyho Robinsona a Donalda Trumpa. Video se spou\u0161t\u00ed ve smy\u010dce znovu. Vzhledem k Bystro\u0148ovu usp\u00e1vac\u00edmu t\u00f3nu trv\u00e1 p\u0159ekvapiv\u011b dlouho, ne\u017e si toho n\u011bkdo v\u016fbec v\u0161imne.<\/p>\n<p><img decoding=\"async\" src=\"http:\/\/denikreferendum.cz\/assets\/pictures\/40353\/hp_main\/foldyna_rebelov_.jpg?1579795912\"><\/p>\n<p><i>Expon\u00e1t levicov\u00e9ho pomaten\u00ed. Repro DR<\/i><\/p>\n<p>Petr Hampl vyvol\u00e1v\u00e1 bizarn\u00edho \u2013 a podle v\u0161eho nebezpe\u010dn\u00e9ho \u2013 poradce Jaroslava Foldyny, Michaela \u201eWaltera\u201c Krafta, mu\u017ee, kter\u00fd p\u016fsobil t\u0159eba jako baskytarista Daniela Landy, slo\u017eil hudbu k filmu Sn\u011b\u017eenky a mach\u0159i po 25 letech a loni vyz\u00fdval k&nbsp;<a href=\"https:\/\/www.irozhlas.cz\/zpravy-domov\/jaroslav-foldyna-asistent-migrace-kulomet-perzekuce-deportace-konspirace_1907102341_lac\">zastaven\u00ed migrace pomoc\u00ed kulomet\u016f<\/a>. Dost\u00e1v\u00e1 v\u0161ak informaci, \u017ee Kraft venku telefonuje, kterou kvituje slovy \u201etak to je hodn\u011b rebelsk\u00e9\u201c. S pokynem \u201eLeone, asi p\u016fl minuty tady bav lidi, j\u00e1 mezit\u00edm n\u011bco p\u0159inesu\u201c tedy dost\u00e1v\u00e1 ne\u010dekan\u011b slovo Hampl\u016fv nezn\u00e1m\u00fd kolega ze \u201eSdru\u017een\u00ed b\u00edl\u00e9ho heterosexu\u00e1ln\u00edho mu\u017ee a jeho obdivovatelek\u201c. Pro m\u011b osobn\u011b p\u0159ich\u00e1z\u00ed experiment\u00e1ln\u00ed vrchol ve\u010dera\u2026<\/p>\n<p>K mikrofonu se neochotn\u011b plou\u017e\u00ed ramenat\u00fd \u010dty\u0159ic\u00e1tn\u00edk v ko\u017een\u00e9 motork\u00e1\u0159sk\u00e9 vest\u011b. Tr\u00e9ma dnes ve\u010der potr\u00e1pila i zku\u0161en\u011bj\u0161\u00ed matadory, Leo v\u0161ak vypad\u00e1, \u017ee za\u017e\u00edv\u00e1 jedny z nejhor\u0161\u00edch okam\u017eik\u016f v \u017eivot\u011b: \u201eVid\u00edte, \u017ee jsem taky motork\u00e1\u0159\u2026 tak\u017ee rebel\u2026 A u\u017e dlouho p\u0159emlouv\u00e1m Petra, aby si taky koupil motorku\u2026 Proto\u017ee spr\u00e1vn\u00fd rebel mus\u00ed m\u00edt motorku\u2026 Motorka d\u00e1v\u00e1 svobodu\u2026 A mysl\u00edm si, \u017ee motorka je hlavn\u00edm znakem rebelstv\u00ed\u2026 Nejenom teda ta motorka.\u201c V s\u00e1lu je tr\u00fdzniv\u00e9 ticho, zato j\u00e1 se snad v\u016fbec poprv\u00e9 sm\u011bji nekontrolovateln\u011b.<\/p>\n<p><img decoding=\"async\" src=\"http:\/\/denikreferendum.cz\/assets\/pictures\/40354\/hp_main\/leo_rebelov_.jpg?1579796165\"><\/p>\n<p><i>Nejkru\u0161n\u011bj\u0161\u00ed minuta v Leov\u011b \u017eivot\u011b. Repro DR<\/i><\/p>\n<p>Leovy o\u010di t\u00e1hnou bl\u00ed\u017e\u00edc\u00edho se Petra Hampla na jevi\u0161t\u011b jako magnet. Zhmotn\u011bn\u00e1 no\u010dn\u00ed m\u016fra kon\u010d\u00ed, Leo se patrn\u011b p\u016fjde o\u017erat. Mikrofon znovu sv\u00edr\u00e1 sebejist\u00fd Hampl. \u201eTak jsem to nena\u0161el\u2026\u201c Sm\u011bju se spolu s publikem.<\/p>\n<p>Na p\u00f3dium je zv\u00e1n Jirka \u010cernohorsk\u00fd, dal\u0161\u00ed \u010dlov\u011bk pr\u00e1ce, tesa\u0159 a horkokrevn\u00e1 st\u00e1lice novovlasteneck\u00e9 sc\u00e9ny. \u201eJuro, j\u00e1 t\u011b sleduju u\u017e dlouho, a p\u0159izn\u00e1m se, \u017ee u\u017e jsem t\u011b taky pova\u017eoval za magora.\u201c P\u0159ikyvuji j\u00e1 i \u010cernohorsk\u00fd. \u201eV na\u0161em sdru\u017een\u00ed jsme se shodli, \u017ee spl\u0148uje\u0161 po\u017eadavky na rebela a zaslou\u017e\u00ed\u0161 si certifik\u00e1t, kter\u00fd jsem bohu\u017eel n\u011bkde ztratil.\u201c \u010cernohorsk\u00fd p\u0159eb\u00edr\u00e1 mikrofon a nasazuje v\u00fdznamn\u00e9 br\u00fdle bez obrou\u010dek. Tohle bude v\u00e1\u017en\u011bj\u0161\u00ed p\u0159\u00edsp\u011bvek\u2026<\/p>\n<p>\u201eJan Hus a Jan Amos Komensk\u00fd. Pokud my, lid\u00e9, nebudeme schopni n\u00e1sledovat, by\u0165 jen tro\u0161i\u010dku z jejich vzkazu, tak, p\u0159\u00e1tel\u00e9, kon\u010d\u00edme. Mluvil o tom Jarda Foldyna. Je to na\u0161e identita, jsou to na\u0161e symboly a oni n\u00e1m je berou.\u201c Marn\u011b lov\u00edm v pam\u011bti, kdy n\u011bkdo n\u011bkomu up\u00edral symboly Husa nebo Komensk\u00e9ho. Mysl\u00edm, \u017ee i jindy p\u0159\u00edsn\u00e1 matrik\u00e1\u0159ka by ud\u011blala v\u00fdjimku a povolila by v\u00e1m pojmenovat d\u00edt\u011b \u201eHus Komensk\u00fd\u201c.<\/p>\n<div>\n<img decoding=\"async\" src=\"http:\/\/denikreferendum.cz\/assets\/pictures\/40355\/hp_main\/_ernohorsk__rebelov_.jpg?1579796245\"><\/div>\n<div><i>Hrd\u00fd n\u00e1sledovn\u00edk Jana Husa a Jana Amose Komensk\u00e9ho. Repro DR<\/i><\/p>\n<p>Kraft st\u00e1le telefonuje, Petr Hampl jeho vystoupen\u00ed ru\u0161\u00ed. Prost\u011b se uk\u00e1zal b\u00fdt p\u0159\u00edli\u0161 rebelsk\u00fdm i na rebelskou konferenci.<\/p>\n<p><b>Pravicov\u00e9 pomaten\u00ed pana \u201emichprda\u201c<br \/>\n<\/b>Ladislav Jakl ne\u010dekal, \u017ee dostane slovo, ale jako zku\u0161en\u00fd r\u00e9tor se pustil do st\u0159edn\u011b dlouh\u00e9ho p\u0159\u00edsp\u011bvku i navzdory pokro\u010dil\u00e9mu pivn\u00edmu dojet\u00ed. \u201eDiv\u00edm se, \u017ee Petr Hampl v \u00favodu nep\u0159ipomenul jedno smutn\u00e9 v\u00fdro\u010d\u00ed \u2013 p\u0159ed sto lety byla v Americe zavedena prohibice.\u201c V \u00favodu sv\u00e9ho vystoupen\u00ed Jakl stanovuje dal\u0161\u00ed novotvar ve\u010dera, \u201emichprd\u201c, kter\u00fd explicitn\u011b slibuje vysv\u011btlit, le\u010d sv\u016fj slib nedodr\u017euje. Za trest tak budu \u0159\u00edkat jemu.<\/p>\n<p>Michprd se p\u0159ipojuje k v\u0161eobecn\u00e9 kritice Jamese Deana a jeho \u201erebelstv\u00ed bez p\u0159\u00ed\u010diny\u201c a za defini\u010dn\u00ed znak toho spr\u00e1vn\u00e9ho rebelantsv\u00ed ozna\u010duje ochotu p\u0159in\u00e1\u0161et ob\u011bti. Interpreta\u010dn\u00ed vst\u0159\u00edcnost mi vel\u00ed zkusit odhalit, jak\u00e9 ob\u011bti m\u00e1 na mysli. Nikdo v publiku si v tu chv\u00edli patrn\u011b nevybav\u00ed svou ob\u011b\u0165 na olt\u00e1\u0159 rebelsk\u00e9 politiky prezidenta, pod jeho\u017e k\u0159\u00eddly tr\u00e1vil michprd pohodln\u00fdch patn\u00e1ct let, aby po ne\u00fasp\u011b\u0161n\u00fdch sen\u00e1tn\u00edch volb\u00e1ch z\u00edskal dal\u0161\u00ed tepl\u00e9 m\u00edste\u010dko ve vys\u00edlac\u00ed rad\u011b od nov\u00fdch p\u0159\u00e1tel z ANO a SPD.<\/p>\n<p><img decoding=\"async\" src=\"http:\/\/denikreferendum.cz\/assets\/pictures\/40356\/hp_main\/jakl_rebelov_2.jpg?1579796313\"><\/div>\n<div><i>Michprd. Repro DR<\/i><\/p>\n<p>V typologii pomatenc\u016f novovlasteneck\u00e9 sc\u00e9ny p\u0159edstavuj\u00ed Igor N\u011bmec nebo Ladislav Jakl jednozna\u010dn\u011b pravicov\u00e9 k\u0159\u00eddlo. Zat\u00edmco foldynovci a \u010dernohorci se v\u011bnuj\u00ed hlavn\u011b lidem pr\u00e1ce, b\u00fdval\u00ed od\u00e9es\u00e1\u010dt\u00ed odpadl\u00edci vysok\u00e9 politiky, jejich\u017e posledn\u00ed akvizic\u00ed je Klaus mlad\u0161\u00ed, se sna\u017e\u00ed p\u0159ich\u00fdlit poslucha\u010de k pravicov\u00e9mu odporu v\u016f\u010di st\u00e1tu a regulac\u00edm v\u0161eho druhu \u2013 tedy odporu k tomu st\u00e1tu, kter\u00fd je mnohdy t\u00edm posledn\u00edm, co tyto lidi dr\u017e\u00ed nad hranic\u00ed ponoru, a odporu k t\u011bm regulac\u00edm, kter\u00e9 jedin\u00e9 zaji\u0161\u0165uj\u00ed Foldynov\u00fdm lidem pr\u00e1ce d\u016fstojn\u00e9 pracovn\u00ed podm\u00ednky. Do n\u00e1ru\u010de zmaten\u00fdch obchodn\u00edk\u016f se strachem vehnala v\u0161echny tyto nebo\u017e\u00e1ky svorn\u011b kulturn\u00ed v\u00e1lka, kter\u00e1 zatemnila skute\u010dn\u00e9 materi\u00e1ln\u00ed podm\u00ednky na\u0161ich \u017eivot\u016f.<\/p>\n<p>To, \u017ee nejchud\u0161\u00ed ob\u011bti dek\u00e1d Klausovy politiky dnes tleskaj\u00ed jeho rodinn\u00fdm i politick\u00fdm pokra\u010dovatel\u016fm, p\u0159ipraven\u00fdm p\u0159i prvn\u00ed p\u0159\u00edle\u017eitosti opr\u00e1\u0161it jeho recepty, je samo o sob\u011b odpov\u011bd\u00ed na ot\u00e1zku, zda jim pr\u00e1v\u011b tahle sc\u00e9na kone\u010dn\u011b nastol\u00ed ten sv\u011bt, ve kter\u00e9m kone\u010dn\u011b nebudou muset rebelovat.<\/p><\/div>\n<div>&nbsp;<\/div>\n<div><a href=\"http:\/\/denikreferendum.cz\/clanek\/30674-den-rebelu-v-reporyjich-typologie-pomatencu-pseudovlastenecke-sceny\">Zdroj<\/a><\/div>\n","protected":false},"excerpt":{"rendered":"<p>Autor byl okolnostmi donucen sledovat dal\u0161\u00ed setk\u00e1n\u00ed b\u00edl\u00fdch heterosexu\u00e1ln\u00edch pseudovlastenc\u016f okolo Petra Hampla a v r\u00e1mci sv\u00e9 spole\u010densk\u00e9 \u00falohy ho interpretovat pro ty, kdo na podobn\u00e9 ud\u00e1losti nemaj\u00ed \u010das ani v\u016fli.<\/p>\n","protected":false},"author":1,"featured_media":0,"comment_status":"open","ping_status":"open","sticky":false,"template":"","format":"standard","meta":{"ngg_post_thumbnail":0,"footnotes":""},"categories":[11],"tags":[],"class_list":["post-10844","post","type-post","status-publish","format-standard","hentry","category-ozvena"],"_links":{"self":[{"href":"https:\/\/www.ladislavjakl.cz\/index.php?rest_route=\/wp\/v2\/posts\/10844","targetHints":{"allow":["GET"]}}],"collection":[{"href":"https:\/\/www.ladislavjakl.cz\/index.php?rest_route=\/wp\/v2\/posts"}],"about":[{"href":"https:\/\/www.ladislavjakl.cz\/index.php?rest_route=\/wp\/v2\/types\/post"}],"author":[{"embeddable":true,"href":"https:\/\/www.ladislavjakl.cz\/index.php?rest_route=\/wp\/v2\/users\/1"}],"replies":[{"embeddable":true,"href":"https:\/\/www.ladislavjakl.cz\/index.php?rest_route=%2Fwp%2Fv2%2Fcomments&post=10844"}],"version-history":[{"count":1,"href":"https:\/\/www.ladislavjakl.cz\/index.php?rest_route=\/wp\/v2\/posts\/10844\/revisions"}],"predecessor-version":[{"id":10845,"href":"https:\/\/www.ladislavjakl.cz\/index.php?rest_route=\/wp\/v2\/posts\/10844\/revisions\/10845"}],"wp:attachment":[{"href":"https:\/\/www.ladislavjakl.cz\/index.php?rest_route=%2Fwp%2Fv2%2Fmedia&parent=10844"}],"wp:term":[{"taxonomy":"category","embeddable":true,"href":"https:\/\/www.ladislavjakl.cz\/index.php?rest_route=%2Fwp%2Fv2%2Fcategories&post=10844"},{"taxonomy":"post_tag","embeddable":true,"href":"https:\/\/www.ladislavjakl.cz\/index.php?rest_route=%2Fwp%2Fv2%2Ftags&post=10844"}],"curies":[{"name":"wp","href":"https:\/\/api.w.org\/{rel}","templated":true}]}}