{"id":10846,"date":"2020-02-03T12:48:51","date_gmt":"2020-02-03T11:48:51","guid":{"rendered":"http:\/\/www.ladislavjakl.cz\/?p=10846"},"modified":"2020-02-03T12:48:51","modified_gmt":"2020-02-03T11:48:51","slug":"ladislav-jakl-jsme-ve-valce-s-iranem","status":"publish","type":"post","link":"https:\/\/www.ladislavjakl.cz\/?p=10846","title":{"rendered":"Ladislav Jakl: Jsme ve v\u00e1lce s \u00cdr\u00e1nem?"},"content":{"rendered":"<p>Vypad\u00e1 to, \u017ee do takov\u00e9 v\u00e1lky jsme zatahov\u00e1ni. Dnes jsou v&nbsp;m\u00f3d\u011b sil\u00e1ck\u00e9 v\u00fdroky, \u017ee s&nbsp;\u201elumpy\u201c se nevyjedn\u00e1v\u00e1, s&nbsp;t\u011bmi se pr\u00fd bojuje. Odhl\u00ed\u017e\u00edm od toho, \u017ee se to snadno \u0159\u00edk\u00e1 z&nbsp;tepla domova tis\u00edce kilometr\u016f daleko, dokonce se to snadno \u0159\u00edk\u00e1 i od ovl\u00e1dac\u00edch panel\u016f d\u00e1lkov\u011b nav\u00e1d\u011bn\u00fdch st\u0159el a bezpilotn\u00edch letoun\u016f. P\u0159edev\u0161\u00edm jsou to ale v\u00fdroky hloup\u00e9.<\/p>\n<p><!--more--><\/p>\n<p>M\u00e1me snad n\u011bkde \u017eeb\u0159\u00ed\u010dek st\u00e1t\u016f podle toho, jak utiskuj\u00ed sv\u016fj lid a jak jsou nebezpe\u010dn\u00e9 sv\u00e9mu okol\u00ed, a s&nbsp;t\u011bmi st\u00e1ty, kter\u00e9 jsou v&nbsp;onom \u017eeb\u0159\u00ed\u010dku naho\u0159e, nevedeme diplomacii, neobchodujeme, nesportujeme, nem\u00e1me kulturn\u00ed v\u00fdm\u011bnu, ale pouze se je sna\u017e\u00edme oslabit, poranit, zni\u010dit, zadr\u017eovat, izolovat, rozvr\u00e1tit? Ne, takov\u00fd \u017eeb\u0159\u00ed\u010dek nem\u00e1me. Ani kdybychom ho m\u011bli a postupovali bychom v&nbsp;duchu p\u0159ede\u0161l\u00fdch slov, nebyl by to moudr\u00fd p\u0159\u00edstup. Ani pro n\u00e1s, ani pro \u0161\u00ed\u0159en\u00ed demokracie. Ale byl by to alespo\u0148 p\u0159\u00edstup principi\u00e1ln\u00ed. Nic takov\u00e9ho se v\u0161ak nekon\u00e1. Takov\u00fd \u017eeb\u0159\u00ed\u010dek nen\u00ed a m\u00edra svobod v&nbsp;jednotliv\u00fdch st\u00e1tech \u010di potenci\u00e1ln\u00ed hrozba z&nbsp;jejich strany rozhodn\u011b nen\u00ed krit\u00e9riem, podle kter\u00e9ho by se n\u00e1\u0161 sv\u011bt rozhodoval, s&nbsp;k\u00fdm se bude kamar\u00e1dit a s&nbsp;k\u00fdm vy\u017eene nap\u011bt\u00ed na samu hranici v\u00e1lky s&nbsp;netu\u0161en\u00fdmi zl\u00fdmi efekty. Jen v&nbsp;oblasti Bl\u00edzk\u00e9ho a St\u0159edn\u00edho v\u00fdchodu je mnoho re\u017eim\u016f, kter\u00e9 potla\u010duj\u00ed pr\u00e1va sv\u00fdch obyvatel daleko v\u00edce, ne\u017e \u00cdr\u00e1n, a mnoho re\u017eim\u016f, jejich\u017e prsty jsou v&nbsp;mnoha podvratn\u00fdch, diverzn\u00edch a silov\u00fdch z\u00e1saz\u00edch v&nbsp;oblasti patrny v\u00edce, ne\u017e u \u00cdr\u00e1nu. P\u0159esto s&nbsp;nimi v&nbsp;\u017e\u00e1dn\u00e9 studen\u00e9, ba u\u017e patrn\u011b se oh\u0159\u00edvaj\u00edc\u00ed v\u00e1lce nejsme, naopak \u2013 jsou to na\u0161i strategi\u010dt\u00ed partne\u0159i.<\/p>\n<p>Krit\u00e9ria, podle kter\u00fdch si n\u00e1\u0161 sv\u011bt vyb\u00edr\u00e1 p\u0159\u00e1tele a nep\u0159\u00e1tele, jsou tedy evidentn\u011b jin\u00e1 ne\u017e principi\u00e1ln\u00ed. Tak\u017ee v\u016fbec nejde polemiku stoupenc\u016f nekompromisn\u00edho p\u0159\u00edstupu k \u201elump\u016fm\u201c se stoupenci mnichovansk\u00e9ho oportunismu.<\/p>\n<p>Jak u\u017e bylo \u0159e\u010deno, Ir\u00e1n nen\u00ed st\u00e1tem, jeho\u017e re\u017eim by se n\u00e1m kdov\u00edjak zamlouval. Ale je to kupodivu re\u017eim vyrostl\u00fd z&nbsp;v\u016fle obyvatel daleko v\u00edce, ne\u017e by se mnoh\u00e9mu zd\u00e1lo. Kdy\u017e v&nbsp;zemi vl\u00e1dl absolutistick\u00fd monarcha Rez\u00e1 P\u00e1hlav\u00ed, byl velk\u00fdm kamar\u00e1dem nejen se Z\u00e1padem, ale i s&nbsp;komunistick\u00fdmi zem\u011bmi, co\u017e z&nbsp;persk\u00e9ho pohledu klidn\u011b mohlo civiliza\u010dn\u011b spl\u00fdvat. Kdy\u017e byl svr\u017een a k&nbsp;moci se dostal lid, vybral si lid teokratick\u00fd re\u017eim. A nebylo to naposled, co vnucen\u00ed demokracie n\u011bkter\u00e9 arabsk\u00e9 zemi p\u0159ineslo podobn\u00e9 plody.<\/p>\n<p>\u00cdr\u00e1n je velkou zem\u00ed. Se sv\u00fdmi z\u00e1jmy. Je to region\u00e1ln\u00ed velmoc. A prov\u00e1d\u00ed svou velmi nez\u00e1vislou politiku. Je to jedin\u00e1 muslimsk\u00e1 zem\u011b, kde tvo\u0159\u00ed \u0161\u00edit\u00e9 absolutn\u00ed v\u011bt\u0161inu. Ve v\u0161ech ostatn\u00edch zem\u00edch jsou \u0161\u00edit\u00e9 men\u0161inou, n\u011bkde dokonce nepatrnou (krom\u011b Ir\u00e1ku, kter\u00fd je ale v&nbsp;sou\u010dasnosti sp\u00ed\u0161e protektor\u00e1tem ne\u017e suver\u00e9nn\u00ed zem\u00ed). Tyto men\u0161iny pochopiteln\u011b vzhl\u00ed\u017eej\u00ed k&nbsp;\u00cdr\u00e1nu jako ke sv\u00e9mu jedin\u00e9mu ochr\u00e1nci a \u00cdr\u00e1n t\u011bchto sv\u00fdch p\u00e1t\u00fdch kolon pat\u0159i\u010dn\u011b vyu\u017e\u00edv\u00e1 v\u0161ude tam, kde se mu to hod\u00ed. Li\u0161\u00ed se t\u00edm ale n\u011bjak od arabsk\u00fdch monarchi\u00ed, kter\u00e9 zasahuj\u00ed do d\u011bn\u00ed v&nbsp;jak\u00e9koli muslimsk\u00e9 zemi, kter\u00e1 se jim zamane? Neli\u0161\u00ed.<\/p>\n<p>S&nbsp;\u00cdr\u00e1nem v\u00e1l\u010dit nem\u00e1me. M\u00e1me si v\u016f\u010di n\u011bmu obez\u0159etn\u011b hl\u00eddat sv\u00e9 z\u00e1jmy a naopak vyjedn\u00e1vat s&nbsp;n\u00edm v\u0161ude tam, kde by na\u0161im z\u00e1jm\u016fm mohl eventu\u00e1ln\u011b prosp\u011bt. Prost\u011b prov\u00e1d\u011bt u\u017eite\u010dnou politiku. Ale rozhodn\u011b ne to, co nyn\u00ed vid\u00edme, tedy politiku, kter\u00e1 je v\u00fdsledkem naivn\u00edho a zni\u010duj\u00edc\u00edho intervencionalistick\u00e9ho mesianismu a cynick\u00fdch her koordinovan\u00fdch s&nbsp;despotick\u00fdmi monarchiemi v&nbsp;oblasti.<\/p>\n<p>A kdy\u017e u\u017e takovouto sebepo\u0161kozuj\u00edc\u00ed politiku d\u011bl\u00e1me, aspo\u0148 netvr\u010fme, \u017ee n\u00e1m jde o svobodu, demokracii a bezpe\u010d\u00ed.<\/p>\n<p>&nbsp;<br \/>\n<em>Ladislav Jakl, dne 24. ledna 2020.<\/em><\/p>\n<p><a href=\"https:\/\/www.institutvk.cz\/clanky\/1456.html\">Zdroj<\/a><\/p>\n","protected":false},"excerpt":{"rendered":"<p>Vypad\u00e1 to, \u017ee do takov\u00e9 v\u00e1lky jsme zatahov\u00e1ni. Dnes jsou v&nbsp;m\u00f3d\u011b sil\u00e1ck\u00e9 v\u00fdroky, \u017ee s&nbsp;\u201elumpy\u201c se nevyjedn\u00e1v\u00e1, s&nbsp;t\u011bmi se pr\u00fd bojuje. Odhl\u00ed\u017e\u00edm od toho, \u017ee se to snadno \u0159\u00edk\u00e1 z&nbsp;tepla domova tis\u00edce kilometr\u016f daleko, dokonce se to snadno \u0159\u00edk\u00e1 i od ovl\u00e1dac\u00edch panel\u016f d\u00e1lkov\u011b nav\u00e1d\u011bn\u00fdch st\u0159el a bezpilotn\u00edch letoun\u016f. P\u0159edev\u0161\u00edm jsou to ale v\u00fdroky hloup\u00e9.<\/p>\n","protected":false},"author":1,"featured_media":0,"comment_status":"open","ping_status":"open","sticky":false,"template":"","format":"standard","meta":{"ngg_post_thumbnail":0,"footnotes":""},"categories":[1],"tags":[],"class_list":["post-10846","post","type-post","status-publish","format-standard","hentry","category-publikovane-clanky"],"_links":{"self":[{"href":"https:\/\/www.ladislavjakl.cz\/index.php?rest_route=\/wp\/v2\/posts\/10846","targetHints":{"allow":["GET"]}}],"collection":[{"href":"https:\/\/www.ladislavjakl.cz\/index.php?rest_route=\/wp\/v2\/posts"}],"about":[{"href":"https:\/\/www.ladislavjakl.cz\/index.php?rest_route=\/wp\/v2\/types\/post"}],"author":[{"embeddable":true,"href":"https:\/\/www.ladislavjakl.cz\/index.php?rest_route=\/wp\/v2\/users\/1"}],"replies":[{"embeddable":true,"href":"https:\/\/www.ladislavjakl.cz\/index.php?rest_route=%2Fwp%2Fv2%2Fcomments&post=10846"}],"version-history":[{"count":1,"href":"https:\/\/www.ladislavjakl.cz\/index.php?rest_route=\/wp\/v2\/posts\/10846\/revisions"}],"predecessor-version":[{"id":10847,"href":"https:\/\/www.ladislavjakl.cz\/index.php?rest_route=\/wp\/v2\/posts\/10846\/revisions\/10847"}],"wp:attachment":[{"href":"https:\/\/www.ladislavjakl.cz\/index.php?rest_route=%2Fwp%2Fv2%2Fmedia&parent=10846"}],"wp:term":[{"taxonomy":"category","embeddable":true,"href":"https:\/\/www.ladislavjakl.cz\/index.php?rest_route=%2Fwp%2Fv2%2Fcategories&post=10846"},{"taxonomy":"post_tag","embeddable":true,"href":"https:\/\/www.ladislavjakl.cz\/index.php?rest_route=%2Fwp%2Fv2%2Ftags&post=10846"}],"curies":[{"name":"wp","href":"https:\/\/api.w.org\/{rel}","templated":true}]}}