{"id":10853,"date":"2020-02-06T15:24:11","date_gmt":"2020-02-06T14:24:11","guid":{"rendered":"http:\/\/www.ladislavjakl.cz\/?p=10853"},"modified":"2020-02-06T15:24:11","modified_gmt":"2020-02-06T14:24:11","slug":"ladislav-jakl-busit-na-poplach-je-zcela-namiste","status":"publish","type":"post","link":"https:\/\/www.ladislavjakl.cz\/?p=10853","title":{"rendered":"Ladislav Jakl: Bu\u0161it na poplach je zcela nam\u00edst\u011b"},"content":{"rendered":"<div class=\"zpravy_image_big\">\n<p><b>Miliony lid\u00ed jsou v ohro\u017een\u00ed. V s\u00e1zce jsou jejich \u017eivoty, zdrav\u00ed, ohro\u017eena je i ekonomika a sama na\u0161e spole\u010dnost. Nebezpe\u010d\u00ed se zd\u00e1 daleko, ale kdykoli m\u016f\u017ee ude\u0159it i u n\u00e1s doma, p\u00ed\u0161e na blogu Ladislav Jakl.<\/b><\/p>\n<\/div>\n<p><!--more--><\/p>\n<div id=\"zprava_text\" class=\"\">\n<div align=\"justify\">Jsou lid\u00e9, kte\u0159\u00ed hrozbu zleh\u010duj\u00ed. Pr\u00fd pla\u0161\u00ed ka\u017ed\u00fd, kdo vid\u00ed za ka\u017ed\u00fdm rohem riziko, kter\u00e9 se p\u0159itom u n\u00e1s dosud nijak neprojevilo. Dopady na \u010deskou populaci jsou t\u00e9m\u011b\u0159 nulov\u00e9 a nic nenasv\u011bd\u010duje, \u017ee by se to m\u011blo n\u011bjak dramaticky zm\u011bnit. Tak pro\u010d ten rozruch? Pro\u010d p\u0159ehnan\u00e1 varov\u00e1n\u00ed? Pro\u010d znepokojov\u00e1n\u00ed lid\u00ed, pro\u010d to navozov\u00e1n\u00ed strachu?<\/div>\n<div align=\"justify\">&nbsp;&nbsp;<\/div>\n<div align=\"justify\">Jist\u011b jste, coby pozorn\u00ed \u010dten\u00e1\u0159i, d\u00e1vno pochopili, \u017ee nemluv\u00edm o ch\u0159ipce, ale o masov\u00e9m ileg\u00e1ln\u00edm a um\u011ble podn\u011bcovan\u00e9m p\u0159ist\u011bhovalectv\u00ed. O migra\u010dn\u00ed krizi. A o tom, jak b\u00fdvaj\u00ed zesm\u011b\u0161\u0148ov\u00e1ni ti, kdo p\u0159ed masovou organizovanou migrac\u00ed varuj\u00ed. Zesm\u011b\u0161\u0148ov\u00e1ni slovy, \u017ee p\u0159eci tento probl\u00e9m u n\u00e1s pr\u00fd v\u016fbec nem\u00e1me.<\/div>\n<div align=\"justify\">&nbsp;&nbsp;&nbsp;<\/div>\n<div align=\"justify\"><b>Koronavirus z Vuchanu u n\u00e1s taky nem\u00e1me. P\u0159esto i v den brexitu televize Nova v\u011bnovala prvn\u00edch 23 minut sv\u00fdch Televizn\u00edch novin v\u00fdhradn\u011b jen t\u00e9to epidemii. A podobn\u011b i jin\u00e9 dny a podobn\u011b i jin\u00e9 televize, r\u00e1dia, noviny i internetov\u00e1 zpravodajstv\u00ed.<\/b><\/div>\n<div align=\"justify\">&nbsp;&nbsp;&nbsp;<\/div>\n<div align=\"justify\">A co se d\u011bje? Na druh\u00e9m konci sv\u011bta m\u00e1 dvacet tis\u00edc lid\u00ed ch\u0159ipku, u kter\u00e9 je \u00famrtnost pravd\u011bpodobn\u011b o hodn\u011b vy\u0161\u0161\u00ed, ne\u017e u b\u011b\u017en\u00e9 ch\u0159ipkov\u00e9 n\u00e1kazy. Mimo zemi p\u016fvodu je n\u011bkolik des\u00edtek naka\u017een\u00fdch a jeden mrtv\u00fd. Po\u010dty mohou pochopiteln\u011b nar\u016fst a je spr\u00e1vn\u00e9 v\u011bnovat riziku p\u0159im\u011b\u0159enou pozornost. Je ale p\u0159im\u011b\u0159enou pozornost\u00ed zased\u00e1n\u00ed Bezpe\u010dnostn\u00ed rady st\u00e1tu? Dennodenn\u00ed p\u0159\u00edtomnost ch\u0159ipky na prvn\u00edch str\u00e1nk\u00e1ch novin a na hlavn\u00edch m\u00edstech v\u0161ech m\u00e9di\u00ed? Je p\u0159im\u011b\u0159enou pozornost\u00ed mnoho opat\u0159en\u00ed na \u00farovni zdravotnick\u00fdch za\u0159\u00edzen\u00ed, dopravy a r\u016fzn\u00fdch kontrol? F\u00e9rov\u011b odpov\u00edd\u00e1m, \u017ee nev\u00edm. A \u017ee chci doufat, \u017ee to nen\u00ed pozornost p\u0159est\u0159elen\u00e1.<\/div>\n<div align=\"justify\">&nbsp;&nbsp;&nbsp;<\/div>\n<div align=\"justify\"><b>A co masov\u00e1 migrace? Zased\u00e1 Bezpe\u010dnostn\u00ed rada st\u00e1tu? M\u00e1 masov\u00e1 migrace prvn\u00ed m\u00edsto ve v\u0161ech zpravodajstv\u00edch? Je v\u00e1\u017en\u00fdm t\u00e9matem jedn\u00e1n\u00ed v\u0161ech st\u00e1tn\u00edch instituc\u00ed? Masov\u00e1 migrace m\u00e1 p\u0159itom na sv\u011bdom\u00ed jist\u011b v\u00edce ne\u017e jednu ob\u011b\u0165 mimo zemi sv\u00e9ho p\u016fvodu. Jist\u011b m\u00e1 mnohem v\u011bt\u0161\u00ed dopad na bezpe\u010dnost, spole\u010densk\u00e9 struktury, civiliza\u010dn\u00ed hodnoty i ekonomiku ne\u017e m\u00e1 a\u017e dosud nov\u00fd kmen ch\u0159ipky. A to nemluv\u00edm o tom, \u017ee do Evropy nikdo nepa\u0161uje lidi z oblast\u00ed zasa\u017een\u00fdch epidemi\u00ed, nejsou trp\u011bny masov\u00e9 protipr\u00e1vn\u00ed transporty desetitis\u00edc\u016f \u010d\u00ednsk\u00fdch ileg\u00e1l\u016f a nikdo nevnucuje kv\u00f3ty na jejich p\u0159erozd\u011blov\u00e1n\u00ed.<\/b><\/div>\n<div align=\"justify\">&nbsp;&nbsp;&nbsp;<\/div>\n<div align=\"justify\">Ne, nechci nehum\u00e1nn\u011b p\u0159irovn\u00e1vat miliony lid\u00ed z chud\u00fdch zem\u00ed, kte\u0159\u00ed se vydali za lep\u0161\u00edm \u017eivotem, k n\u011bjak\u00fdm bacilonosi\u010d\u016fm. Nep\u0159irovn\u00e1v\u00e1m migruj\u00edc\u00ed lidi k n\u00e1kaze. To by bylo hnusn\u00e9. Oni jen konaj\u00ed tak, jak jim bylo nab\u00eddnuto. Kdo by si necht\u011bl p\u0159ilep\u0161it, kdy\u017e ta mo\u017enost tady re\u00e1ln\u011b existuje. Ale masov\u00e1 ileg\u00e1ln\u00ed migrace, prob\u00edhaj\u00edc\u00ed za strp\u011bn\u00ed \u010di dokonce za sou\u010dinnosti ofici\u00e1ln\u00edch autorit hrozbou p\u0159ece tak\u00e9 je. I pro zem\u011b, kde se dosud naplno neprojevila. Jestli m\u00e1me pochopen\u00ed pro jedno pla\u0161en\u00ed, nepo\u0161klebujme se tomu druh\u00e9mu.<\/div>\n<div align=\"justify\">&nbsp;&nbsp;&nbsp;<\/div>\n<div align=\"justify\"><b>A\u017e zase uvid\u00edme dvacetiminutov\u00e9 zpravodajstv\u00ed o ch\u0159ipce a nulov\u00e9 o masov\u00e9 migraci, ptejme se po p\u0159im\u011b\u0159enosti. Nejen medi\u00e1ln\u00ed pozornosti, ale i t\u00e9 od povolan\u00fdch st\u00e1tn\u00edch instituc\u00ed,&nbsp;<\/b>kon\u010d\u00ed p\u0159\u00edsp\u011bvek Ladislav Jakl. &nbsp;&nbsp;<\/div>\n<div align=\"justify\">&nbsp;<\/div>\n<div align=\"justify\"><a href=\"https:\/\/www.prvnizpravy.cz\/zpravy\/politika\/ladislav-jakl-busit-na-poplach-je-zcela-namiste\/\">Zdroj<\/a>&nbsp;<\/div>\n<\/div>\n","protected":false},"excerpt":{"rendered":"<p>Miliony lid\u00ed jsou v ohro\u017een\u00ed. V s\u00e1zce jsou jejich \u017eivoty, zdrav\u00ed, ohro\u017eena je i ekonomika a sama na\u0161e spole\u010dnost. Nebezpe\u010d\u00ed se zd\u00e1 daleko, ale kdykoli m\u016f\u017ee ude\u0159it i u n\u00e1s doma, p\u00ed\u0161e na blogu Ladislav Jakl.<\/p>\n","protected":false},"author":1,"featured_media":0,"comment_status":"open","ping_status":"open","sticky":false,"template":"","format":"standard","meta":{"ngg_post_thumbnail":0,"footnotes":""},"categories":[1],"tags":[],"class_list":["post-10853","post","type-post","status-publish","format-standard","hentry","category-publikovane-clanky"],"_links":{"self":[{"href":"https:\/\/www.ladislavjakl.cz\/index.php?rest_route=\/wp\/v2\/posts\/10853","targetHints":{"allow":["GET"]}}],"collection":[{"href":"https:\/\/www.ladislavjakl.cz\/index.php?rest_route=\/wp\/v2\/posts"}],"about":[{"href":"https:\/\/www.ladislavjakl.cz\/index.php?rest_route=\/wp\/v2\/types\/post"}],"author":[{"embeddable":true,"href":"https:\/\/www.ladislavjakl.cz\/index.php?rest_route=\/wp\/v2\/users\/1"}],"replies":[{"embeddable":true,"href":"https:\/\/www.ladislavjakl.cz\/index.php?rest_route=%2Fwp%2Fv2%2Fcomments&post=10853"}],"version-history":[{"count":1,"href":"https:\/\/www.ladislavjakl.cz\/index.php?rest_route=\/wp\/v2\/posts\/10853\/revisions"}],"predecessor-version":[{"id":10854,"href":"https:\/\/www.ladislavjakl.cz\/index.php?rest_route=\/wp\/v2\/posts\/10853\/revisions\/10854"}],"wp:attachment":[{"href":"https:\/\/www.ladislavjakl.cz\/index.php?rest_route=%2Fwp%2Fv2%2Fmedia&parent=10853"}],"wp:term":[{"taxonomy":"category","embeddable":true,"href":"https:\/\/www.ladislavjakl.cz\/index.php?rest_route=%2Fwp%2Fv2%2Fcategories&post=10853"},{"taxonomy":"post_tag","embeddable":true,"href":"https:\/\/www.ladislavjakl.cz\/index.php?rest_route=%2Fwp%2Fv2%2Ftags&post=10853"}],"curies":[{"name":"wp","href":"https:\/\/api.w.org\/{rel}","templated":true}]}}