{"id":10868,"date":"2020-03-03T11:23:57","date_gmt":"2020-03-03T10:23:57","guid":{"rendered":"http:\/\/www.ladislavjakl.cz\/?p=10868"},"modified":"2020-03-03T11:23:57","modified_gmt":"2020-03-03T10:23:57","slug":"u-nekterych-hostu-ma-clovek-pocit-ze-je-tam-maji-prisroubovane-k-zidli-a-jen-je-vozi-pred-kameru-vazny-stret-nazoru-jakla-a-jelinka-nad-objektivnosti-ct","status":"publish","type":"post","link":"https:\/\/www.ladislavjakl.cz\/?p=10868","title":{"rendered":"\u201eU n\u011bkter\u00fdch host\u016f m\u00e1 \u010dlov\u011bk pocit, \u017ee je tam maj\u00ed p\u0159i\u0161roubovan\u00e9 k \u017eidli a jen je voz\u00ed p\u0159ed kameru.\u201c V\u00e1\u017en\u00fd st\u0159et n\u00e1zor\u016f Jakla a Jel\u00ednka nad objektivnost\u00ed \u010cT"},"content":{"rendered":"<p>Nadr\u017euje \u010cesk\u00e1 televize n\u011bkter\u00fdm politick\u00fdm stran\u00e1m? Ovliv\u0148uj\u00ed ji politici? M\u00e1 vyv\u00e1\u017een\u00e9 zpravodajstv\u00ed? Zastupuje v\u0161echny spole\u010densk\u00e9 vrstvy? A jak to v\u0161echno souvis\u00ed s volbou \u010dlen\u016f medi\u00e1ln\u00edch rad? Na takov\u00e9 ot\u00e1zky odpov\u00eddali politolog Luk\u00e1\u0161 Jel\u00ednek a \u010dlen Rady pro rozhlasov\u00e9 a televizn\u00ed vys\u00edl\u00e1n\u00ed a jej\u00ed zakladatel Ladislav Jakl.<\/p>\n<p><!--more--><\/p>\n<p>Politolog Luk\u00e1\u0161 Jel\u00ednek si nemysl\u00ed, \u017ee by \u010cesk\u00e1 televize n\u011bjak\u00e9 politick\u00e9 stran\u011b nadr\u017eovala: \u201eJe to samoz\u0159ejm\u011b nesmysl, kter\u00fd souvis\u00ed s&nbsp;paranoiou politik\u016f, \u017ee zrovna jim je ubli\u017eov\u00e1no, ale to maj\u00ed spole\u010dn\u00e9 tradi\u010dn\u00ed strany s&nbsp;nov\u00fdmi hnut\u00edmi.\u201c S t\u00edm podle Jel\u00ednka souvis\u00ed i chu\u0165 obsadit do Rady sv\u00e9 z\u00e1stupce, ale nedomn\u00edv\u00e1 se, \u017ee by se tomuto trendu n\u011bjak\u00e1 strana v\u00edce \u010di m\u00e9n\u011b vymykala.<\/p>\n<p>P\u0159ipomn\u011bl tak\u00e9, \u017ee \u010cesk\u00e1 televize \u010del\u00ed kritice kv\u016fli neobjektivnosti u\u017e od revoluce. \u201eNejd\u0159\u00edve si st\u011b\u017eoval V\u00e1clav Klaus, \u017ee je na n\u011bj \u00fato\u010deno a byla by vhodn\u00e1 vl\u00e1dn\u00ed vlnka. Pak si st\u011b\u017eovali za Milo\u0161e Zemana soci\u00e1ln\u00ed demokrat\u00e9. Po\u0159\u00e1d si n\u011bkdo st\u011b\u017euje, ned\u00e1 se to n\u011bjak zm\u011b\u0159it a hlavn\u011b si nemysl\u00edm, \u017ee by tento stav zm\u011bnilo zastoupen\u00ed v&nbsp;medi\u00e1ln\u00edch rad\u00e1ch. Pokud m\u00e1 n\u011bkdo pocit, \u017ee \u010cesk\u00e1 televize nevys\u00edl\u00e1 v&nbsp;jeho prosp\u011bch, tak se na ni d\u00edvat nemus\u00ed, nebo se m\u016f\u017ee orientovat na jin\u00e1 m\u00e9dia, n\u011bkter\u00e1 jsou i sledovan\u011bj\u0161\u00ed. Ale nemysl\u00edm si, \u017ee by ve\u0159ejn\u00e1 m\u00e9dia c\u00edlen\u011b ubli\u017eovala jedn\u00e9 stran\u011b \u010di druh\u00e9 skupin\u011b,\u201c \u0159ekl politolog pro Parlamentn\u00edListy.cz.<\/p>\n<h4>Jakl: N\u011bkter\u00e9 n\u00e1zory jsou nadreprezentov\u00e1ny a jin\u00e9 podreprezentov\u00e1ny<\/h4>\n<p>Ladislav Jakl z&nbsp;Rady pro rozhlasov\u00e9 a televizn\u00ed vys\u00edl\u00e1n\u00ed to vid\u00ed jinak: \u201eSkute\u010dn\u011b v&nbsp;\u010cesk\u00e9 televizi je \u00fapln\u011b jasn\u00e9, \u017ee v&nbsp;posledn\u00edch p\u011btadvaceti letech jsou ur\u010dit\u00e9 n\u00e1zorov\u00e9 a ideov\u00e9 proudy nadreprezentov\u00e1ny a jin\u00e9 podreprezentov\u00e1ny. \u010cesk\u00e1 televize v&nbsp;r\u016fzn\u00fdch obdob\u00edch sehr\u00e1la velmi hanebnou roli, nap\u0159\u00edklad p\u0159i vl\u00e1dn\u00edm p\u0159evratu v&nbsp;roce 1997, tak\u017ee se pletla do politiky velmi anga\u017eovan\u011b. A p\u0159eci dob\u0159e v\u00edme, \u017ee u n\u011bkter\u00fdch politik\u016f, koment\u00e1tor\u016f \u010di analytik\u016f m\u00e1 \u010dlov\u011bk pocit, \u017ee jsou tam n\u011bkde p\u0159i\u0161roubovan\u00ed k&nbsp;\u017eidli. Na n\u011bjak\u00fd po\u0159ad je p\u0159ivezou na kole\u010dk\u00e1ch, postav\u00ed p\u0159ed kameru a pak je jen zavezou zp\u00e1tky do vedlej\u0161\u00ed m\u00edstnosti, proto\u017ee je \u0161koda, aby jezdili dom\u016f, kdy\u017e budou za chv\u00edli p\u0159ed obrazovkou. V\u0161ichni jsou tam jako doma a spoluvytv\u00e1\u0159ej\u00ed spolun\u00e1zorov\u00e9 linie, kter\u00e9 televize \u0161\u00ed\u0159\u00ed,\u201c \u0159ekl sv\u016fj pohled Jakl.<\/p>\n<div id=\"carodaOutstream644412Container\" class=\"carodaContainer\">\n<div id=\"carodaTeadsContainer14070985\" class=\"carodaOutstream fs-caroda-container-261730 fs-caroda-container-416273 fs-caroda-container-987505\">\n<div class=\"teads-adCall\">&nbsp;<\/div>\n<\/div>\n<\/div>\n<p>A vyjmenoval, kde v\u0161ude podle n\u011bj ve\u0159ejnopr\u00e1vn\u00ed televize nejedn\u00e1 vyv\u00e1\u017een\u011b: \u201eM\u00e1 jasn\u011b profilovan\u00fd n\u00e1zor na to, co se d\u011bje v&nbsp;Americe, nen\u00ed neutr\u00e1ln\u00ed. Na to, co se d\u011bje v&nbsp;Brit\u00e1nii, nen\u00ed neutr\u00e1ln\u00ed. Co se t\u00fdk\u00e1 migra\u010dn\u00ed krize, nikdy nebyla neutr\u00e1ln\u00ed, co se t\u00fdk\u00e1 Ma\u010farska a Polska, nen\u00ed neutr\u00e1ln\u00ed. Co se t\u00fdk\u00e1 hysterick\u00e9ho zelen\u00e9ho fanatismu a genderu, nen\u00ed neutr\u00e1ln\u00ed.\u201c<\/p>\n<p>\u010clen Rady pro rozhlasov\u00e9 a televizn\u00ed vys\u00edl\u00e1n\u00ed redakci Parlamentn\u00edchList\u016f.cz tak\u00e9 \u0159ekl, \u017ee je tu co do \u010din\u011bn\u00ed s&nbsp;lidmi, kte\u0159\u00ed byli zvykl\u00ed m\u00edt v\u0161echno a k&nbsp;\u010cesk\u00e9 televizi se chovaj\u00ed jako ke sv\u00e9mu majetku. Pro n\u011b je pr\u00fd naprosto nep\u0159ijateln\u00e1 p\u0159edstava, \u017ee by byli poctiv\u011b schopni naslouchat r\u016fzn\u00fdm interpretac\u00edm n\u011bkter\u00fdch d\u011bj\u016f.<\/p>\n<h4>Jel\u00ednek: \u010cesk\u00e1 televize svoje posl\u00e1n\u00ed pln\u00ed<\/h4>\n<p>Politolog Jel\u00ednek v\u0161ak tvrd\u00ed, \u017ee co se t\u00fdk\u00e1 m\u00edry pozornosti v\u011bnovan\u00e9 politick\u00fdm stran\u00e1m a n\u00e1zor\u016fm ve spole\u010dnosti, tak \u010cesk\u00e1 televize svoje posl\u00e1n\u00ed pln\u00ed. V\u00fdhrady v pr\u016fb\u011bhu devades\u00e1t\u00fdch let dle jeho slov veden\u00ed odstranilo editorskou prac\u00ed.<\/p>\n<p>\u201eUr\u010dit\u00fd probl\u00e9m m\u016f\u017ee b\u00fdt, nakolik zam\u011bstnanci ve\u0159ejnopr\u00e1vn\u00edch m\u00e9di\u00ed vn\u00e1\u0161ej\u00ed sv\u00e9 osobn\u00ed n\u00e1zory do ot\u00e1zek, kter\u00e9 kladou host\u016fm, do report\u00e1\u017e\u00ed, kter\u00e9 vys\u00edlaj\u00ed. Ta pr\u00e1ce s&nbsp;t\u011bmi lidmi je nekone\u010dn\u00e1, nen\u00ed to asi nic jednoduch\u00e9ho, ale t\u0159eba je to v\u011bc, ve kter\u00e9 m\u00e1 \u010cesk\u00e1 televize mezery nebo ur\u010dit\u00fd dluh,\u201c vysv\u011btlil Jel\u00ednek s&nbsp;t\u00edm, \u017ee pr\u00e1v\u011b pluralita n\u00e1zor\u016f od roku 1992 se postupn\u011b lep\u0161\u00ed. Na tom, \u017ee z&nbsp;jedn\u00e1n\u00ed redaktor\u016f a koment\u00e1tor\u016f m\u016f\u017ee b\u00fdt zn\u00e1t subjektivn\u00ed n\u00e1zor, se s&nbsp;Ladislavem Jaklem shoduje.<\/p>\n<p>Jakl v\u0161ak byl ve sv\u00e9m vyj\u00e1d\u0159en\u00ed mnohem p\u0159\u00edsn\u011bj\u0161\u00ed. Podle n\u011bj lid\u00e9, kte\u0159\u00ed t\u00edhnou k&nbsp;soci\u00e1ln\u00edmu in\u017een\u00fdrstv\u00ed, maj\u00ed nutk\u00e1n\u00ed vnucovat lidem spr\u00e1vnou podobu a \u010dasto se pohybuj\u00ed kolem \u0161kolstv\u00ed, univerzit, m\u00e9di\u00ed i kultury: \u201eA je jich tam v\u00edce, ne\u017e v&nbsp;b\u011b\u017en\u00e9 populaci. Tak to bude v\u017edy a nikdo s&nbsp;t\u00edm nic neud\u011bl\u00e1. Jde o to, aby s&nbsp;t\u011bmi ohromn\u00fdmi prost\u0159edky \u2013 co\u017e jsou nejen pen\u00edze, ale i ohromn\u00e1 dispozice, kterou toto m\u00e9dium vl\u00e1dne \u2013 bylo zach\u00e1zeno alespo\u0148 o mal\u00fd kousek korektn\u011bji, ne\u017e se to d\u011bje te\u010f,\u201c sd\u011blil Jakl.<\/p>\n<h4>M\u00e1lo se mluv\u00ed o tom, kolik \u010cesk\u00e1 televize naj\u00edm\u00e1 extern\u00edch firem<\/h4>\n<section class=\"section-brown section-inarticle poll\">\n<div class=\"well well-rounded\">\n<div>S&nbsp;t\u00edm podle Jakla souvis\u00ed i v\u00fdm\u011bna \u0161esti \u010dlen\u016f Rady \u010cesk\u00e9 televize, v&nbsp;n\u00ed\u017e by r\u00e1d vid\u011bl n\u011bkoho, kdo rozum\u00ed finan\u010dn\u00edm tok\u016fm a kdo se na n\u011b um\u00ed pod\u00edvat trochu zbl\u00edzka. \u201eRozpo\u010dtem proch\u00e1zej\u00ed obrovsk\u00e9 pen\u00edze a jsou vyv\u00e1d\u011bny z&nbsp;televize ven. M\u00e1lo se mluv\u00ed o tom, \u017ee kdy\u017e \u010dlov\u011bk p\u0159ijde do \u010cesk\u00e9 televize, je uveden do studia, n\u011bkdo sv\u00edt\u00ed, n\u011bkdo dr\u017e\u00ed mikrofon, n\u011bkdo dr\u017e\u00ed kamery \u2013 ale t\u00e9m\u011b\u0159 nikdo z&nbsp;nich nemus\u00ed b\u00fdt zam\u011bstnanec \u010cesk\u00e9 televize. Sice tam maj\u00ed svoji sk\u0159\u00ed\u0148ku, ale ve skute\u010dnosti jsou zam\u011bstnanci extern\u00ed firmy, kter\u00e1 od televize dostane zak\u00e1zku vyr\u00e1b\u011bt po\u0159ad,\u201c vysv\u011btlil Jakl.<\/div>\n<\/div>\n<\/section>\n<p>A upozornil, \u017ee tak nen\u00ed nad vlastn\u00edm hospoda\u0159en\u00edm t\u00e9m\u011b\u0159 \u017e\u00e1dn\u00fd p\u0159ehled \u2013 a jasno v&nbsp;tom m\u016f\u017ee ud\u011blat jen n\u011bkdo, kdo financ\u00edm rozum\u00ed a kdo m\u00e1 odvahu, chu\u0165 a p\u00edli se t\u00edm zab\u00fdvat. Amat\u00e9r to podle n\u011bj nezvl\u00e1dne. Na dotaz odv\u011btil, \u017ee nem\u00e1 na mysli p\u0159\u00edmo ekonomku Hanu Lipovskou, jej\u00ed\u017e kandidatura vyvol\u00e1v\u00e1 diskuse, ale kohokoliv, kdo k&nbsp;tomu m\u00e1 kvalifikaci. V&nbsp;t\u00e9to souvislosti dal za p\u0159\u00edklad dozor\u010d\u00ed org\u00e1ny r\u016fzn\u00fdch instituc\u00ed, kter\u00e9 kontroluj\u00ed ka\u017edou \u0159\u00e1dku \u00fa\u010detnictv\u00ed.<\/p>\n<h4>Politolog: Mo\u017en\u00e1 zm\u011bna je jen jedna \u2013 \u010dleny nebudou volit politici<\/h4>\n<p>Co se t\u00fdk\u00e1 pokus\u016f o politick\u00e9 ovliv\u0148ov\u00e1n\u00ed \u010cesk\u00e9 televize, Luk\u00e1\u0161e Jel\u00ednka pr\u016fb\u011bh a bou\u0159liv\u00e9 diskuse kolem volby \u0161esti \u010dlen\u016f do Rady \u010cesk\u00e9 televize nep\u0159ekvapuj\u00ed: \u201eProbl\u00e9my se kolem medi\u00e1ln\u00edch rad cel\u00e1 t\u0159i desetilet\u00ed jenom hromadily. Po obdob\u00ed, kdy tradi\u010dn\u00ed politick\u00e9 strany m\u011bly tendenci obsazovat medi\u00e1ln\u00ed rady sv\u00fdmi velmi loaj\u00e1ln\u00edmi kandid\u00e1ty, nyn\u00ed vyu\u017e\u00edvaj\u00ed \u0161anci i nov\u00e9 politick\u00e9 subjekty, \u010dasto s&nbsp;neortodoxn\u00edmi n\u00e1zory. Vlastn\u011b se tak navazuje na neblahou tradici t\u011bch t\u0159iceti let,\u201c upozornil politolog. Jedinou mo\u017enost zm\u011bny vid\u00ed ve zp\u016fsobu volby \u010dlen\u016f medi\u00e1ln\u00edch rad \u2013 tedy aby je nevolily politick\u00e9 strany v&nbsp;Poslaneck\u00e9 sn\u011bmovn\u011b. P\u0159\u00edli\u0161 \u0161anc\u00ed j\u00ed ale ned\u00e1v\u00e1. \u201eTo by byla nejvhodn\u011bj\u0161\u00ed zm\u011bna, kter\u00e1 by mohla nastat, ale k&nbsp;t\u00e9 je bohu\u017eel hodn\u011b daleko, proto\u017ee \u017e\u00e1dn\u00fd kapr si sv\u016fj vlastn\u00ed rybn\u00edk nevypust\u00ed,\u201c zd\u016fraznil Jel\u00ednek.<\/p>\n<p>Na dotaz, kdo by m\u011bl zm\u00edn\u011bn\u00e9 \u010dleny volit, vysv\u011btlil, \u017ee by nastavil rovnov\u00e1hu mezi modelem, kter\u00fd by jednak umo\u017e\u0148oval nominovat do medi\u00e1ln\u00edch rad sv\u00e9 z\u00e1stupce organizac\u00edm a spolk\u016fm s&nbsp;ur\u010ditou presti\u017e\u00ed \u2013 univerzit\u00e1m, akademii v\u011bd, c\u00edrkv\u00edm, odbor\u016fm, komor\u00e1m a podobn\u011b. \u201eAle bylo by dobr\u00e9 to kombinovat s&nbsp;n\u011b\u010d\u00edm, jako jsou div\u00e1ck\u00e9 rady v&nbsp;n\u011bkter\u00fdch st\u00e1tech kolem n\u00e1s. Tedy mo\u017enost ob\u010dan\u016f, aby si sami u p\u0159\u00edle\u017eitosti parlamentn\u00edch \u010di jin\u00fdch voleb zvolili sv\u00e9 z\u00e1stupce do div\u00e1ck\u00e9 rady, kter\u00e1 by dohl\u00e9dla na chod m\u00e9di\u00ed ve\u0159ejn\u00e9 slu\u017eby,\u201c vysv\u011btlil Jel\u00ednek pro Parlamentn\u00edListy.cz.<\/p>\n<p>Ladislav Jakl rovn\u011b\u017e prohl\u00e1sil, \u017ee i kdyby byla jednor\u00e1zov\u011b vym\u011bn\u011bna \u00fapln\u011b cel\u00e1 Rada, tak by mo\u017en\u00e1 trvalo n\u011bkolik let, ne\u017e by se zm\u011bna projevila na obrazovce a ne\u017e by to poznal div\u00e1k. \u201eKompetence Rady nejsou takov\u00e9, aby se projevily p\u0159\u00edmo v&nbsp;denn\u00ed pr\u00e1ci t\u00e9 instituce. Mus\u00edme si uv\u011bdomit, \u017ee rada krom\u011b vy\u0159izov\u00e1n\u00ed r\u016fzn\u00fdch st\u00ed\u017enost\u00ed a r\u016fzn\u00fdch dohledov\u00fdch funkc\u00ed v&nbsp;podstat\u011b akor\u00e1t schvaluje rozpo\u010det, stanovy a vol\u00ed \u0159editele. Dokonce i kdyby p\u0159i\u0161el nov\u00fd \u0159editel, tak si nemysl\u00edm, \u017ee by televize byla n\u011bjak z\u00e1sadn\u011b prom\u011bn\u011bna. Chci uklidnit ty, kdo se toho boj\u00ed a trochu zklamat ty, kdo se na to t\u011b\u0161\u00ed,\u201c uvedl Jakl. V&nbsp;p\u0159\u00edpad\u011b v\u00fdm\u011bny t\u0159etiny \u010dlen\u016f Rady, jako nyn\u00ed, je pr\u00fd setrva\u010dnost obrovsk\u00e1.<\/p>\n<h4>Jel\u00ednek: Je d\u016fle\u017eit\u00e9, aby v&nbsp;medi\u00e1ln\u00edm prost\u0159ed\u00ed byl n\u011bkdo, koho si nelze koupit<\/h4>\n<p>Luk\u00e1\u0161 Jel\u00ednek tak\u00e9 p\u0159ipomn\u011bl t\u0159i z\u00e1kladn\u00ed posl\u00e1n\u00ed ve\u0159ejnopr\u00e1vn\u00ed televize.<\/p>\n<p>\u201ePrvn\u00edm je posl\u00e1n\u00ed b\u00fdt k dispozici v&nbsp;p\u0159\u00edpad\u011b mimo\u0159\u00e1dn\u00fdch situac\u00ed, \u017eiveln\u00edch katastrof a podobn\u011b, co\u017e je aspekt nejm\u00e9n\u011b pravd\u011bpodobn\u00fd nebo nejm\u00e9n\u011b pou\u017e\u00edvan\u00fd. Ale v&nbsp;ur\u010dit\u00fdch okam\u017eic\u00edch m\u016f\u017ee b\u00fdt velice cenn\u00fd. Druh\u00fd je p\u0159in\u00e1\u0161et zpravodajstv\u00ed a publicistiku v&nbsp;co nejvyv\u00e1\u017een\u011bj\u0161\u00ed podob\u011b. T\u0159et\u00ed v\u011bc je rozvoj nebo pomoc v&nbsp;rozvoji kultury, n\u00e1rodn\u00edch tradic, o\u017eivov\u00e1n\u00ed n\u00e1rodn\u00edho kulturn\u00edho d\u011bdictv\u00ed, vys\u00edl\u00e1n\u00ed men\u0161inov\u00fdch kulturn\u00edch \u017e\u00e1nr\u016f, orientace na regiony, rovnom\u011brn\u00e1 orientace na regiony v&nbsp;\u010cesk\u00e9 republice a podobn\u011b,\u201c shrnul Jel\u00ednek \u2013 s&nbsp;t\u00edm, \u017ee tato t\u0159i posl\u00e1n\u00ed m\u016f\u017eeme t\u011b\u017eko vy\u017eadovat od soukrom\u00fdch m\u00e9di\u00ed.<\/p>\n<p>\u201eRole ve\u0159ejnopr\u00e1vn\u00edch m\u00e9di\u00ed je d\u016fle\u017eit\u00e1, proto\u017ee v&nbsp;tr\u017en\u00ed ekonomice a syst\u00e9mu si m\u016f\u017eete cokoliv koupit. Je dobr\u00e9, aby v medi\u00e1ln\u00edm prost\u0159ed\u00ed bylo n\u011bco a n\u011bkdo, koho si koupit nelze,\u201c dodal.<\/p>\n<p><a href=\"https:\/\/www.parlamentnilisty.cz\/arena\/monitor\/-U-nekterych-hostu-ma-clovek-pocit-ze-je-tam-maji-prisroubovane-k-zidli-a-jen-je-vozi-pred-kameru-Vazny-stret-nazoru-Jakla-a-Jelinka-nad-objektivnosti-CT-614497\">Zdroj<\/a><\/p>\n","protected":false},"excerpt":{"rendered":"<p>Nadr\u017euje \u010cesk\u00e1 televize n\u011bkter\u00fdm politick\u00fdm stran\u00e1m? Ovliv\u0148uj\u00ed ji politici? M\u00e1 vyv\u00e1\u017een\u00e9 zpravodajstv\u00ed? Zastupuje v\u0161echny spole\u010densk\u00e9 vrstvy? A jak to v\u0161echno souvis\u00ed s volbou \u010dlen\u016f medi\u00e1ln\u00edch rad? Na takov\u00e9 ot\u00e1zky odpov\u00eddali politolog Luk\u00e1\u0161 Jel\u00ednek a \u010dlen Rady pro rozhlasov\u00e9 a televizn\u00ed vys\u00edl\u00e1n\u00ed a jej\u00ed zakladatel Ladislav Jakl.<\/p>\n","protected":false},"author":1,"featured_media":0,"comment_status":"open","ping_status":"open","sticky":false,"template":"","format":"standard","meta":{"ngg_post_thumbnail":0,"footnotes":""},"categories":[11],"tags":[],"class_list":["post-10868","post","type-post","status-publish","format-standard","hentry","category-ozvena"],"_links":{"self":[{"href":"https:\/\/www.ladislavjakl.cz\/index.php?rest_route=\/wp\/v2\/posts\/10868","targetHints":{"allow":["GET"]}}],"collection":[{"href":"https:\/\/www.ladislavjakl.cz\/index.php?rest_route=\/wp\/v2\/posts"}],"about":[{"href":"https:\/\/www.ladislavjakl.cz\/index.php?rest_route=\/wp\/v2\/types\/post"}],"author":[{"embeddable":true,"href":"https:\/\/www.ladislavjakl.cz\/index.php?rest_route=\/wp\/v2\/users\/1"}],"replies":[{"embeddable":true,"href":"https:\/\/www.ladislavjakl.cz\/index.php?rest_route=%2Fwp%2Fv2%2Fcomments&post=10868"}],"version-history":[{"count":1,"href":"https:\/\/www.ladislavjakl.cz\/index.php?rest_route=\/wp\/v2\/posts\/10868\/revisions"}],"predecessor-version":[{"id":10869,"href":"https:\/\/www.ladislavjakl.cz\/index.php?rest_route=\/wp\/v2\/posts\/10868\/revisions\/10869"}],"wp:attachment":[{"href":"https:\/\/www.ladislavjakl.cz\/index.php?rest_route=%2Fwp%2Fv2%2Fmedia&parent=10868"}],"wp:term":[{"taxonomy":"category","embeddable":true,"href":"https:\/\/www.ladislavjakl.cz\/index.php?rest_route=%2Fwp%2Fv2%2Fcategories&post=10868"},{"taxonomy":"post_tag","embeddable":true,"href":"https:\/\/www.ladislavjakl.cz\/index.php?rest_route=%2Fwp%2Fv2%2Ftags&post=10868"}],"curies":[{"name":"wp","href":"https:\/\/api.w.org\/{rel}","templated":true}]}}