{"id":10880,"date":"2020-03-19T11:40:39","date_gmt":"2020-03-19T10:40:39","guid":{"rendered":"http:\/\/www.ladislavjakl.cz\/?p=10880"},"modified":"2020-03-19T11:40:39","modified_gmt":"2020-03-19T10:40:39","slug":"vratte-nam-cinu","status":"publish","type":"post","link":"https:\/\/www.ladislavjakl.cz\/?p=10880","title":{"rendered":"Vra\u0165te n\u00e1m \u010c\u00ednu!"},"content":{"rendered":"<div class=\"opener\">U\u017e jsem si tak zvykl, a najednou konec. Jak kdy\u017e utne. Po dobr\u00e9 dva m\u011bs\u00edce to bylo trvalou sou\u010d\u00e1st\u00ed v\u0161ech televizn\u00edch zpr\u00e1v, \u010dlov\u011bk se na to mohl spolehnout, a najednou z\u016fstal jen pocit pr\u00e1zdna.<\/div>\n<p><!--more--><\/p>\n<div id=\"art-text\" class=\"text\">\n<p>Po \u010dem? Po kr\u00e1sn\u00e9m a vytrval\u00e9m zpravodajstv\u00ed (nejen) \u010cesk\u00e9 televize z epidemie viru covid 19 v \u010c\u00edn\u011b. Denn\u011b jsme byli z\u00e1sobov\u00e1ni informacemi, jak tahle orient\u00e1ln\u00ed despocie absolutn\u011b nezvl\u00e1d\u00e1 \u0161\u00ed\u0159en\u00ed nov\u00e9 nemoci, jak \u00fa\u0159ady brut\u00e1ln\u011b izoluj\u00ed zasa\u017een\u00e9 provincie od okoln\u00edho sv\u011bta, jak tam chyb\u011bj\u00ed rou\u0161ky i dezinfekce, jak se ru\u0161\u00ed ve\u0161ker\u00fd spole\u010densk\u00fd \u017eivot, jak\u00fd \u00fatlum zaznamen\u00e1v\u00e1 tamn\u00ed ekonomika, jak nemocn\u00e9 nen\u00ed kam umis\u0165ovat, tak\u017ee tam museli postavit za dva t\u00fddny novou nemocnici, jak jsou v\u0161ude sam\u00e9 kontroly, kdekomu sv\u00e9voln\u011b m\u011b\u0159\u00ed teplotu, kolik stovek naka\u017een\u00fdch a des\u00edtek mrtv\u00fdch tam p\u0159ib\u00fdv\u00e1 v prvn\u00edch t\u00fddnech n\u00e1kazy.<\/p>\n<p>State\u010dn\u00e1 report\u00e9rka s respir\u00e1torem, dramaticky popisuj\u00edc\u00ed d\u011bje, od kter\u00fdch byla daleko asi jako je Praha od Neapole (a\u017e jsem se t\u011b\u0161il, \u017ee stejnou masku asi dostanou v\u0161ichni televizn\u00ed report\u00e9\u0159i a moder\u00e1to\u0159i) n\u00e1m ka\u017ed\u00fd den vykreslovala tot\u00e1ln\u00ed neschopnost tamn\u00ed st\u00e1tn\u00ed moci kontrolovat dal\u0161\u00ed a dal\u0161\u00ed n\u00e1r\u016fst po\u010dtu posti\u017een\u00fdch. \u010clov\u011bk si tak mohl ka\u017ed\u00fd ve\u010der u zpr\u00e1v vychutnat spokojen\u00fd pocit, \u017ee tu \u017eijeme v t\u00e9 spr\u00e1vn\u00e9 opravdov\u00e9 LIBER\u00c1LN\u00cd demokracii. Co s tou agiln\u00ed report\u00e9rkou dnes je? Kde je ta odv\u00e1\u017en\u00e1 investigativka? Kam ji p\u0159est\u011bhovali?<\/p>\n<p>Najednou prost\u011b nic. Jako kdyby se v \u010c\u00edn\u011b u\u017e nic zaj\u00edmav\u00e9ho ned\u011blo. \u010c\u00edna vy\u0161la z m\u00f3dy. Nev\u00edte n\u011bkdo, \u010d\u00edm to m\u016f\u017ee b\u00fdt? Pro\u010d n\u00e1s televize tak \u0161id\u00ed? Fakt by se v cel\u00e9 t\u00e9 velk\u00e9 \u010c\u00edn\u011b nena\u0161la aspo\u0148 jedna \u0161patn\u011b zaparkovan\u00e1 sanitka, l\u016f\u017eko um\u00edst\u011bn\u00e9 halabala na nemocni\u010dn\u00ed chodb\u011b, n\u011bjak\u00e1 ta zbyte\u010dn\u011b zav\u0159en\u00e1 \u010d\u00ednsk\u00e1 \u0161kola? Na co se te\u010f \u010dlov\u011bk m\u00e1 v t\u00e9 televizi koukat?<\/p>\n<\/div>\n<p><a href=\"https:\/\/jakl.blog.idnes.cz\/blog.aspx?c=747007\">Zdroj<\/a><\/p>\n","protected":false},"excerpt":{"rendered":"<p>U\u017e jsem si tak zvykl, a najednou konec. Jak kdy\u017e utne. Po dobr\u00e9 dva m\u011bs\u00edce to bylo trvalou sou\u010d\u00e1st\u00ed v\u0161ech televizn\u00edch zpr\u00e1v, \u010dlov\u011bk se na to mohl spolehnout, a najednou z\u016fstal jen pocit pr\u00e1zdna.<\/p>\n","protected":false},"author":1,"featured_media":0,"comment_status":"open","ping_status":"open","sticky":false,"template":"","format":"standard","meta":{"ngg_post_thumbnail":0,"footnotes":""},"categories":[1],"tags":[],"class_list":["post-10880","post","type-post","status-publish","format-standard","hentry","category-publikovane-clanky"],"_links":{"self":[{"href":"https:\/\/www.ladislavjakl.cz\/index.php?rest_route=\/wp\/v2\/posts\/10880","targetHints":{"allow":["GET"]}}],"collection":[{"href":"https:\/\/www.ladislavjakl.cz\/index.php?rest_route=\/wp\/v2\/posts"}],"about":[{"href":"https:\/\/www.ladislavjakl.cz\/index.php?rest_route=\/wp\/v2\/types\/post"}],"author":[{"embeddable":true,"href":"https:\/\/www.ladislavjakl.cz\/index.php?rest_route=\/wp\/v2\/users\/1"}],"replies":[{"embeddable":true,"href":"https:\/\/www.ladislavjakl.cz\/index.php?rest_route=%2Fwp%2Fv2%2Fcomments&post=10880"}],"version-history":[{"count":1,"href":"https:\/\/www.ladislavjakl.cz\/index.php?rest_route=\/wp\/v2\/posts\/10880\/revisions"}],"predecessor-version":[{"id":10881,"href":"https:\/\/www.ladislavjakl.cz\/index.php?rest_route=\/wp\/v2\/posts\/10880\/revisions\/10881"}],"wp:attachment":[{"href":"https:\/\/www.ladislavjakl.cz\/index.php?rest_route=%2Fwp%2Fv2%2Fmedia&parent=10880"}],"wp:term":[{"taxonomy":"category","embeddable":true,"href":"https:\/\/www.ladislavjakl.cz\/index.php?rest_route=%2Fwp%2Fv2%2Fcategories&post=10880"},{"taxonomy":"post_tag","embeddable":true,"href":"https:\/\/www.ladislavjakl.cz\/index.php?rest_route=%2Fwp%2Fv2%2Ftags&post=10880"}],"curies":[{"name":"wp","href":"https:\/\/api.w.org\/{rel}","templated":true}]}}