{"id":10884,"date":"2020-03-23T15:11:55","date_gmt":"2020-03-23T14:11:55","guid":{"rendered":"http:\/\/www.ladislavjakl.cz\/?p=10884"},"modified":"2020-03-23T15:11:55","modified_gmt":"2020-03-23T14:11:55","slug":"vice-evropy-vice-vi","status":"publish","type":"post","link":"https:\/\/www.ladislavjakl.cz\/?p=10884","title":{"rendered":"V\u00edce Evropy v\u00edce v\u00ed?"},"content":{"rendered":"<div class=\"opener\">Zn\u00e1me to z ned\u00e1vn\u00fdch minulost\u00ed dob\u0159e. Objev\u00ed se vskutku z\u00e1sadn\u00ed probl\u00e9m (t\u0159eba zak\u0159ivenost ban\u00e1n\u016f importovan\u00fdch z Ekv\u00e1doru), a ihned se konaly summity.<\/div>\n<p><!--more--><\/p>\n<div id=\"art-text\" class=\"text\">\n<p>Konaly se Evropsk\u00e9 rady, mimo\u0159\u00e1dn\u00e9 jedn\u00e1n\u00ed Evropsk\u00e9 komise, no\u010dn\u00ed tiskovky, a \u0159e\u0161ilo se a \u0159e\u0161ilo. A na ka\u017ed\u00fd probl\u00e9m existovala stejn\u00e1 odpov\u011b\u010f: je nutno p\u0159ijmout evropsk\u00e9 \u0159e\u0161en\u00ed (my\u0161leno unijn\u00ed, pochopiteln\u011b). Je t\u0159eba v\u00edce Evropy, mudrovali bruselohuje\u0159i. Je nezbytn\u00e9 postupovat spole\u010dn\u011b. Probl\u00e9m vy\u017eaduje celoevropsk\u00fd koordinovan\u00fd p\u0159\u00edstup.<\/p>\n<p>Jen\u017ee pak p\u0159ijde covid ostrovid, a co ostrovid\u00ed? Kde je te\u010f ta Evropsk\u00e1 unie? Kde jsou ony summity? Pro\u010d se nejedn\u00e1 do r\u00e1na? Kde je to pracn\u00e9 a usilovn\u00e9 hled\u00e1n\u00ed konsenzu? Kdy u\u017e bude to jednotn\u00e9 komunik\u00e9? I kdy\u017e norm\u00e1ln\u011b se u piva bav\u00edme o \u017eensk\u00fdch, muzice, bolen\u00ed v z\u00e1dech, va\u0159en\u00ed a chlastu, posteskl jsem si v\u010dera u stolu: kde je najednou ta slavn\u00e1 Unie? Kde jsou ty summity? Kde je to vyjedn\u00e1v\u00e1n\u00ed o spole\u010dn\u00fdch strategi\u00edch? Pro\u010d nic takov\u00e9ho nevid\u00edme? Pro\u010d o nich nen\u00ed sly\u0161et? Z druh\u00e9 strany stolu dostalo se mi odpov\u011bdi: proto\u017ee tohle je fakt skute\u010dnej probl\u00e9m. H\u0159eb\u00edk to dostal rovnou na hlavu.<\/p>\n<p>P\u0159esn\u011b tak. O blbostech se jim to vyjedn\u00e1v\u00e1 a p\u0159edv\u00e1d\u00ed d\u016fle\u017eitost, nat\u0159\u00e1s\u00e1 se unijn\u00ed pe\u0159\u00ed, mark\u00fdruje se hore\u010dn\u00e1 \u010dinnost. Ale kdy\u017e jde do tuh\u00e9ho, najednou objev\u00edme jedinou v\u011bc, kter\u00e1 fakt funguje: n\u00e1rodn\u00ed st\u00e1t. Vl\u00e1dy. Dom\u00e1c\u00ed instituce. Tam sed\u00ed lid\u00e9 chyt\u0159\u00ed i hloup\u00ed, schopn\u00ed i neschopn\u00ed, pracovit\u00ed i l\u00edn\u00ed, jako v\u0161ude jinde. Ale maj\u00ed jasnou odpov\u011bdnost a jasn\u00e9 kompetence. A jednaj\u00ed a rozhoduj\u00ed, jak um\u011bj\u00ed. Najednou objevuj\u00ed kouzlo t\u00e9 zatracovan\u00e9 \u010d\u00e1ry v krajin\u011b, kter\u00e9 \u0159\u00edk\u00e1me hranice. Najednou se p\u0159ij\u00edmaj\u00ed opat\u0159en\u00ed v \u0159\u00e1du hodin a ne t\u00fddn\u016f a \u010di m\u011bs\u00edc\u016f. Najednou v\u00edme, kdo konkr\u00e9tn\u011b je za kter\u00fd konkr\u00e9tn\u00ed krok odpov\u011bdn\u00fd.<\/p>\n<p>V krizi b\u00fdvaj\u00ed obvykle do\u010dasn\u011b suspendovan\u00e9 n\u011bkter\u00e9 svobody. Asi je to tak nutn\u00e9. Doufejme, \u017ee jednotkou t\u00e9to do\u010dasnosti nebude op\u011bt jeden furt. A \u017ee n\u00e1m po krizi na\u0161e svobody vr\u00e1t\u00ed. Ale jedna jedin\u00e1 v\u011bc by mohla z\u016fstat i po covidov\u00e9 krizi: v\u011bdom\u00ed, \u017ee demokratick\u00fd st\u00e1t je jedinou instituc\u00ed, schopnou a z\u00e1rove\u0148 opr\u00e1vn\u011bnou \u0159e\u0161it ve\u0159ejn\u00e9 probl\u00e9my. Ostatn\u00ed instituce jsou k ni\u010demu. Pry\u010d s nimi.<\/p>\n<\/div>\n<p><a href=\"https:\/\/jakl.blog.idnes.cz\/blog.aspx?c=747141\">Zdroj<\/a><\/p>\n","protected":false},"excerpt":{"rendered":"<p>Zn\u00e1me to z ned\u00e1vn\u00fdch minulost\u00ed dob\u0159e. Objev\u00ed se vskutku z\u00e1sadn\u00ed probl\u00e9m (t\u0159eba zak\u0159ivenost ban\u00e1n\u016f importovan\u00fdch z Ekv\u00e1doru), a ihned se konaly summity.<\/p>\n","protected":false},"author":1,"featured_media":0,"comment_status":"open","ping_status":"open","sticky":false,"template":"","format":"standard","meta":{"ngg_post_thumbnail":0,"footnotes":""},"categories":[1],"tags":[],"class_list":["post-10884","post","type-post","status-publish","format-standard","hentry","category-publikovane-clanky"],"_links":{"self":[{"href":"https:\/\/www.ladislavjakl.cz\/index.php?rest_route=\/wp\/v2\/posts\/10884","targetHints":{"allow":["GET"]}}],"collection":[{"href":"https:\/\/www.ladislavjakl.cz\/index.php?rest_route=\/wp\/v2\/posts"}],"about":[{"href":"https:\/\/www.ladislavjakl.cz\/index.php?rest_route=\/wp\/v2\/types\/post"}],"author":[{"embeddable":true,"href":"https:\/\/www.ladislavjakl.cz\/index.php?rest_route=\/wp\/v2\/users\/1"}],"replies":[{"embeddable":true,"href":"https:\/\/www.ladislavjakl.cz\/index.php?rest_route=%2Fwp%2Fv2%2Fcomments&post=10884"}],"version-history":[{"count":1,"href":"https:\/\/www.ladislavjakl.cz\/index.php?rest_route=\/wp\/v2\/posts\/10884\/revisions"}],"predecessor-version":[{"id":10885,"href":"https:\/\/www.ladislavjakl.cz\/index.php?rest_route=\/wp\/v2\/posts\/10884\/revisions\/10885"}],"wp:attachment":[{"href":"https:\/\/www.ladislavjakl.cz\/index.php?rest_route=%2Fwp%2Fv2%2Fmedia&parent=10884"}],"wp:term":[{"taxonomy":"category","embeddable":true,"href":"https:\/\/www.ladislavjakl.cz\/index.php?rest_route=%2Fwp%2Fv2%2Fcategories&post=10884"},{"taxonomy":"post_tag","embeddable":true,"href":"https:\/\/www.ladislavjakl.cz\/index.php?rest_route=%2Fwp%2Fv2%2Ftags&post=10884"}],"curies":[{"name":"wp","href":"https:\/\/api.w.org\/{rel}","templated":true}]}}