{"id":10891,"date":"2020-04-03T13:12:04","date_gmt":"2020-04-03T11:12:04","guid":{"rendered":"http:\/\/www.ladislavjakl.cz\/?p=10891"},"modified":"2020-04-03T13:12:04","modified_gmt":"2020-04-03T11:12:04","slug":"nas-svet-v-covidovem-svetle","status":"publish","type":"post","link":"https:\/\/www.ladislavjakl.cz\/?p=10891","title":{"rendered":"N\u00e1\u0161 sv\u011bt v covidov\u00e9m sv\u011btle"},"content":{"rendered":"<p>\u0158\u00edk\u00e1 n\u00e1m covidov\u00e1 epidemie n\u011bco nov\u00e9ho o na\u0161em sv\u011bt\u011b? Je n\u00e1\u0161 modern\u00ed sv\u011bt tak \u00fapln\u011b jin\u00fd? Nebo je vlastn\u011b po\u0159\u00e1d skoro stejn\u00fd?<\/p>\n<p><!--more--><\/p>\n<p>Kdybych cht\u011bl b\u00fdt \u0161kodolib\u011b malichern\u00fdm, pak \u0159eknu, jak se nyn\u00ed ukazuje, \u017ee pro na\u0161e zdrav\u00ed je nejlep\u0161\u00ed individu\u00e1ln\u00ed automobilov\u00e1 p\u0159eprava a ne ta masov\u00e1, jak bezvadn\u00e9 jsou jednor\u00e1zov\u00e9 plastov\u00e9 n\u00e1doby, p\u0159\u00edbory a obaly a jak hloup\u00e9 a p\u0159ekonan\u00e9 se nyn\u00ed ukazuj\u00ed boje proti skv\u011bl\u00fdm, u\u017eite\u010dn\u00fdm, efektivn\u00edm a racion\u00e1ln\u00edm vymo\u017eenostem na\u0161\u00ed doby ve jm\u00e9nu zelen\u00e9 extremistick\u00e9 ideologie.<\/p>\n<p>Ale \u0161kodolib\u011b malichern\u00fdm b\u00fdt nechci, tak\u017ee o tom, jak se nyn\u00ed ukazuje, \u017ee pro lidsk\u00e9 zdrav\u00ed je nejlep\u0161\u00ed individu\u00e1ln\u00ed automobilov\u00e1 p\u0159eprava a ne hromadn\u00e1, jak bezvadn\u00e9 jsou jednor\u00e1zov\u00e9 plastov\u00e9 n\u00e1doby, p\u0159\u00edbory a obaly a jak p\u0159ekonan\u00e9 se nyn\u00ed ukazuj\u00ed boje proti u\u017eite\u010dn\u00fdm, efektivn\u00edm a racion\u00e1ln\u00edm vymo\u017eenostem ve jm\u00e9nu zelen\u00e9 extremistick\u00e9 ideologie, ps\u00e1t tedy nebudu.<\/p>\n<p>Tyto vypjat\u00e9 dny a t\u00fddny spole\u010dn\u011b (znovu)objevujeme cosi podstatn\u011bj\u0161\u00edho: sami sebe. A vztahy mezi sebou navz\u00e1jem. Advok\u00e1ti hl\u00e1s\u00ed, \u017ee klienti hromadn\u011b ru\u0161\u00ed sch\u016fzky ve v\u011bcech rozvod\u016f a dal\u0161\u00edch spor\u016f, proto\u017ee se lidem najednou ukazuje, jakou hodnotou na\u0161e vztahy jsou. Hodnotou, s n\u00ed\u017e se nehazarduje pro v\u011bci nepodstatn\u00e9.<\/p>\n<p>Covid 19 zab\u00edj\u00ed. Ano, to jist\u011b. Ale mo\u017en\u00e1 daleko v\u00edc zab\u00edj\u00ed osam\u011blost, lhostejnost, nedostatek komunikace, uzav\u0159enost do sebe, opu\u0161t\u011bnost, odlou\u010den\u00ed, absence nejen praktick\u00e9 pomoci, ale snad je\u0161t\u011b v\u00edc prost\u00fdch spole\u010dn\u011b sd\u00edlen\u00fdch lidsk\u00fdch a mezilidsk\u00fdch emoc\u00ed. Nikomu dnes nen\u00ed t\u0159eba radit, aby povzbudil sv\u00e9 p\u0159\u00e1tele a bl\u00edzk\u00e9, aby jim dodal nad\u011bji, aby uk\u00e1zal, \u017ee \u017eivot b\u011b\u017e\u00ed d\u00e1l, proto\u017ee to, o co jsme p\u0159i\u0161li karant\u00e9nn\u00edmi restrikcemi, p\u0159ece nen\u00ed cel\u00fdm na\u0161\u00edm \u017eivotem, by\u0165 se n\u00e1m to je\u0161t\u011b ned\u00e1vno ve dnech pro\u017e\u00edvan\u00fdch v jednom kole tak zd\u00e1lo.<\/p>\n<p>Kalend\u00e1\u0159e se hrout\u00ed, pl\u00e1ny padaj\u00ed, akce se ru\u0161\u00ed. Ale pr\u00e1zdno po nich nez\u016fstane, pokud je rychle zapln\u011bno t\u00edm, na co jsme a\u017e dosud \u201enem\u011bli \u010das\u201c. Uv\u011bdom\u011bn\u00edm si sebe sama a hlavn\u011b kontextu, ve kter\u00e9m \u017eijeme. Je \u010das p\u0159ehodnocov\u00e1n\u00ed priorit. A na horn\u00ed p\u0159\u00ed\u010dky se dost\u00e1vaj\u00ed ty v \u010dasech bezstarostnosti opom\u00edjen\u00e9. Vyjmenoval bych je, ale napsan\u00e9 vypadaj\u00ed p\u0159\u00edli\u0161 pateticky a exaltovan\u011b. Tak si ka\u017ed\u00fd dosa\u010fme, co je n\u00e1m libo, co jsme si ka\u017ed\u00fd za sebe p\u0159ipomenuli jako sv\u00e9 priority, pro kter\u00e9 \u017eijeme.<\/p>\n<p><i>Ps\u00e1no pro Newsletter IVK<\/i><\/p>\n","protected":false},"excerpt":{"rendered":"<p>\u0158\u00edk\u00e1 n\u00e1m covidov\u00e1 epidemie n\u011bco nov\u00e9ho o na\u0161em sv\u011bt\u011b? Je n\u00e1\u0161 modern\u00ed sv\u011bt tak \u00fapln\u011b jin\u00fd? Nebo je vlastn\u011b po\u0159\u00e1d skoro stejn\u00fd?<\/p>\n","protected":false},"author":1,"featured_media":0,"comment_status":"open","ping_status":"open","sticky":false,"template":"","format":"standard","meta":{"ngg_post_thumbnail":0,"footnotes":""},"categories":[1],"tags":[],"class_list":["post-10891","post","type-post","status-publish","format-standard","hentry","category-publikovane-clanky"],"_links":{"self":[{"href":"https:\/\/www.ladislavjakl.cz\/index.php?rest_route=\/wp\/v2\/posts\/10891","targetHints":{"allow":["GET"]}}],"collection":[{"href":"https:\/\/www.ladislavjakl.cz\/index.php?rest_route=\/wp\/v2\/posts"}],"about":[{"href":"https:\/\/www.ladislavjakl.cz\/index.php?rest_route=\/wp\/v2\/types\/post"}],"author":[{"embeddable":true,"href":"https:\/\/www.ladislavjakl.cz\/index.php?rest_route=\/wp\/v2\/users\/1"}],"replies":[{"embeddable":true,"href":"https:\/\/www.ladislavjakl.cz\/index.php?rest_route=%2Fwp%2Fv2%2Fcomments&post=10891"}],"version-history":[{"count":1,"href":"https:\/\/www.ladislavjakl.cz\/index.php?rest_route=\/wp\/v2\/posts\/10891\/revisions"}],"predecessor-version":[{"id":10892,"href":"https:\/\/www.ladislavjakl.cz\/index.php?rest_route=\/wp\/v2\/posts\/10891\/revisions\/10892"}],"wp:attachment":[{"href":"https:\/\/www.ladislavjakl.cz\/index.php?rest_route=%2Fwp%2Fv2%2Fmedia&parent=10891"}],"wp:term":[{"taxonomy":"category","embeddable":true,"href":"https:\/\/www.ladislavjakl.cz\/index.php?rest_route=%2Fwp%2Fv2%2Fcategories&post=10891"},{"taxonomy":"post_tag","embeddable":true,"href":"https:\/\/www.ladislavjakl.cz\/index.php?rest_route=%2Fwp%2Fv2%2Ftags&post=10891"}],"curies":[{"name":"wp","href":"https:\/\/api.w.org\/{rel}","templated":true}]}}