{"id":1090,"date":"2011-06-23T10:55:08","date_gmt":"2011-06-23T09:55:08","guid":{"rendered":"http:\/\/www.ladislavjakl.cz\/?p=1090"},"modified":"2011-06-23T10:55:08","modified_gmt":"2011-06-23T09:55:08","slug":"jakl-je-skandalni-ze-se-mf-dnes-dostava-do-policejnich-spisu","status":"publish","type":"post","link":"https:\/\/www.ladislavjakl.cz\/?p=1090","title":{"rendered":"Jakl: Je skand\u00e1ln\u00ed, \u017ee se MF Dnes dost\u00e1v\u00e1 do policejn\u00edch spis\u016f"},"content":{"rendered":"<p>Tajemn\u00edk prezidenta republiky Ladislav Jakl se pro Parlamentn\u00edListy.cz vyj\u00e1d\u0159il k tomu, \u017ee byl jeho telefon patrn\u011b protipr\u00e1vn\u011b sledov\u00e1n polici\u00ed. Za je\u0161t\u011b skand\u00e1ln\u011bj\u0161\u00ed pova\u017euje, \u017ee tajn\u00e9 a citliv\u00e9 materi\u00e1ly p\u0159ed\u00e1v\u00e1 n\u011bkdo z ministerstva vnitra redaktorovi Jaroslavu Kmentovi z MF Dnes, kter\u00e1 na p\u0159\u00edpad jako prvn\u00ed upozornila.<\/p>\n<p><!--more-->Mezi lidi, jejich\u017e telefony byly sledov\u00e1ny, pat\u0159\u00ed i dva \u010dlenov\u00e9  \u201eprezidentova triumvir\u00e1tu&#8220; Ladislav Jakl a Ji\u0159\u00ed Weigl. V\u00fdpisy hovor\u016f  z\u00edskal detektiv cizineck\u00e9 policie Marian Hudec, zjistila inspekce  ministra vnitra p\u0159i hloubkov\u00e9 prov\u011brce.\u00a0 MF DNES z\u00edskala informace o  v\u00fdsledku kontroly. U\u017e minul\u00fd t\u00fdden den\u00edk zjistil, \u017ee detektiv sledoval  telefon p\u0159edsedy \u00dastavn\u00edho soudu Pavla Rychetsk\u00e9ho.<\/p>\n<p><strong>Funebr\u00e1ck\u00e9 rukavice<\/strong><\/p>\n<p>\u201eSkand\u00e1ln\u00ed nen\u00ed pouze selh\u00e1n\u00ed doty\u010dn\u00e9ho policisty a soudce. Skand\u00e1ln\u00ed je  p\u0159edev\u0161\u00edm to, \u017ee kdosi z\u00a0Inspekce Ministerstva vnitra, m\u00edsto aby v\u011bc  vy\u0161et\u0159oval a informoval mne jako po\u0161kozen\u00e9ho, nejsp\u00ed\u0161e nejd\u0159\u00edv prodal  informace Mlad\u00e9 front\u011b a j\u00e1 se tak o sv\u00e9m \u0161piclov\u00e1n\u00ed a jeho vy\u0161et\u0159ov\u00e1n\u00ed  nedozv\u00edd\u00e1m od policie, ale z\u00a0novin,&#8220; \u0159ekl Parlamentn\u00edmList\u016fm.cz Ladislav  Jakl.<\/p>\n<p><strong>K\u00e1rn\u00e1 \u017ealoba<\/strong><\/p>\n<p>Z v\u00fdpis\u016f lze zjistit, komu a jak \u010dasto spolupracovn\u00edci V\u00e1clava Klause  volali,\u00a0 ale i m\u00edsta, kde se v ur\u010ditou dobu pohybovali. Weigl a Jakl  nejsou jedin\u00ed, jejich\u017e telefony byly sledov\u00e1ny. Na seznamu je podle MF  Dnes a\u017e 30 jmen. Mezi nimi i lobbistka \u010cSSD Jana Mrencov\u00e1, t\u0159i novin\u00e1\u0159i  MF DNES nebo mana\u017ee\u0159i z veden\u00ed bezpe\u010dnostn\u00ed agentury SSI. \u00a0Zat\u00edm nen\u00ed  jasn\u00e9, kdo si u detektiva cizineck\u00e9 policie Mariana Hudce sledov\u00e1n\u00ed  objednal.<\/p>\n<p>Ministr spravedlnosti Ji\u0159\u00ed Posp\u00ed\u0161il nyn\u00ed zva\u017euje pod\u00e1n\u00ed k\u00e1rn\u00e9 \u017ealoby na  soudce, kter\u00fd povolil Hudcovi z\u00edskat telefonn\u00ed v\u00fdpisy p\u0159edsedy \u00dastavn\u00edho  soudu Pavla Rychetsk\u00e9ho \u010di Ladislava Jakla a Ji\u0159\u00edho Weigla. Policistovu  \u017e\u00e1dost si m\u011bl podle jeho n\u00e1zoru l\u00e9pe prov\u011b\u0159it.<\/p>\n<p>Rovn\u011b\u017e prezident je \u0161okov\u00e1n.\u00a0\u00a0&#8222;Je to skand\u00e1ln\u00ed, je to neuv\u011b\u0159iteln\u00e9,&#8220;  reagoval Klaus a dodal: &#8222;\u010cekal jsem, \u017ee se do\u017eiji v\u0161eho, jenom ne  odposlouch\u00e1vac\u00ed a nahr\u00e1vac\u00ed spole\u010dnosti. J\u00e1 v\u011b\u0159il, \u017ee budeme m\u00edt  spole\u010dnost svobodnou a v mnoha ohledech zdravou a toto je d\u016fkaz  nezdrav\u00e9, ne\u0161\u0165astn\u00e9 spole\u010dnosti.&#8220;<\/p>\n<p><a href=\"http:\/\/www.parlamentnilisty.cz\/parlament\/200640.aspx\" target=\"_blank\">Zdroj<\/a><\/p>\n","protected":false},"excerpt":{"rendered":"<p>Tajemn\u00edk prezidenta republiky Ladislav Jakl se pro Parlamentn\u00edListy.cz vyj\u00e1d\u0159il k tomu, \u017ee byl jeho telefon patrn\u011b protipr\u00e1vn\u011b sledov\u00e1n polici\u00ed. Za je\u0161t\u011b skand\u00e1ln\u011bj\u0161\u00ed pova\u017euje, \u017ee tajn\u00e9 a citliv\u00e9 materi\u00e1ly p\u0159ed\u00e1v\u00e1 n\u011bkdo z ministerstva vnitra redaktorovi Jaroslavu Kmentovi z MF Dnes, kter\u00e1 na p\u0159\u00edpad jako prvn\u00ed upozornila.<\/p>\n","protected":false},"author":1,"featured_media":0,"comment_status":"open","ping_status":"open","sticky":false,"template":"","format":"standard","meta":{"ngg_post_thumbnail":0,"footnotes":""},"categories":[11],"tags":[],"class_list":["post-1090","post","type-post","status-publish","format-standard","hentry","category-ozvena"],"_links":{"self":[{"href":"https:\/\/www.ladislavjakl.cz\/index.php?rest_route=\/wp\/v2\/posts\/1090","targetHints":{"allow":["GET"]}}],"collection":[{"href":"https:\/\/www.ladislavjakl.cz\/index.php?rest_route=\/wp\/v2\/posts"}],"about":[{"href":"https:\/\/www.ladislavjakl.cz\/index.php?rest_route=\/wp\/v2\/types\/post"}],"author":[{"embeddable":true,"href":"https:\/\/www.ladislavjakl.cz\/index.php?rest_route=\/wp\/v2\/users\/1"}],"replies":[{"embeddable":true,"href":"https:\/\/www.ladislavjakl.cz\/index.php?rest_route=%2Fwp%2Fv2%2Fcomments&post=1090"}],"version-history":[{"count":1,"href":"https:\/\/www.ladislavjakl.cz\/index.php?rest_route=\/wp\/v2\/posts\/1090\/revisions"}],"predecessor-version":[{"id":1091,"href":"https:\/\/www.ladislavjakl.cz\/index.php?rest_route=\/wp\/v2\/posts\/1090\/revisions\/1091"}],"wp:attachment":[{"href":"https:\/\/www.ladislavjakl.cz\/index.php?rest_route=%2Fwp%2Fv2%2Fmedia&parent=1090"}],"wp:term":[{"taxonomy":"category","embeddable":true,"href":"https:\/\/www.ladislavjakl.cz\/index.php?rest_route=%2Fwp%2Fv2%2Fcategories&post=1090"},{"taxonomy":"post_tag","embeddable":true,"href":"https:\/\/www.ladislavjakl.cz\/index.php?rest_route=%2Fwp%2Fv2%2Ftags&post=1090"}],"curies":[{"name":"wp","href":"https:\/\/api.w.org\/{rel}","templated":true}]}}