{"id":10900,"date":"2020-05-13T14:34:12","date_gmt":"2020-05-13T12:34:12","guid":{"rendered":"http:\/\/www.ladislavjakl.cz\/?p=10900"},"modified":"2020-05-13T14:34:12","modified_gmt":"2020-05-13T12:34:12","slug":"jak-bude-podle-vas-zmenen-svet-po-pandemii-a-jak-je-mozne-tomu-celit","status":"publish","type":"post","link":"https:\/\/www.ladislavjakl.cz\/?p=10900","title":{"rendered":"Jak bude podle V\u00e1s zm\u011bn\u011bn sv\u011bt po pandemii? A jak je mo\u017en\u00e9 tomu \u010delit?"},"content":{"rendered":"<p>Div\u00edm se, \u017ee se politick\u00fd \u017eivot smrskl na debatu o aktu\u00e1ln\u00edch karant\u00e9nn\u00edch opat\u0159en\u00edch (kter\u00e9 m\u011b \u0161tvou jako ka\u017ed\u00e9ho jin\u00e9ho) a o snaze vl\u00e1dy za pen\u00edze v\u0161ech pom\u00e1hat vybran\u00fdm. Mus\u00edm \u0159\u00edci, \u017ee jednotliv\u00e1 antiepidemick\u00e1 opat\u0159en\u00ed vl\u00e1dy m\u011b t\u00e9m\u011b\u0159 nezaj\u00edmaj\u00ed.<\/p>\n<p><!--more--><\/p>\n<p>A to v\u010detn\u011b re\u017eimu odbour\u00e1v\u00e1n\u00ed restrikc\u00ed. Ano, n\u011bkter\u00e1 opat\u0159en\u00ed bych d\u011blal jinak, to ale asi kdekdo. Soud\u00edm v\u0161ak, \u017ee \u201etam\u201c nesed\u00ed lidi ani chyt\u0159ej\u0161\u00ed, ani blb\u011bj\u0161\u00ed, ne\u017e jsou r\u016fzn\u00ed vn\u011bj\u0161\u00ed kritici nebo jak\u00fdkoli jin\u00fd kolektiv. Maj\u00ed ale zodpov\u011bdnost a mus\u00ed n\u011bjak v b\u011bhu v\u011bc\u00ed rozhodovat. V\u016fbec se t\u00edm nevy\u010derp\u00e1vejme. My p\u0159ece vid\u00edme d\u00e1l, za aktu\u00e1ln\u00ed exekutivn\u00ed \u017eivot. My vid\u00edme d\u00e1l, proto\u017ee v\u011bc nahl\u00ed\u017e\u00edme ideov\u011b. A v pok\u0159iku po kroc\u00edch vl\u00e1dy, kter\u00e1 rozhoduje zhruba stejn\u011b dob\u0159e \u010di stejn\u011b \u0161patn\u011b jako ka\u017ed\u00e1 jin\u00e1, n\u00e1m nezanik\u00e1 to podstatn\u00e9: \u017ee za\u017e\u00edv\u00e1me p\u0159\u00edpravu k nejv\u011bt\u0161\u00ed zm\u011bn\u011b uspo\u0159\u00e1d\u00e1n\u00ed sv\u011bta, vl\u00e1dnut\u00ed, vztahu soukrom\u00e9ho a ve\u0159ejn\u00e9ho, osobnostn\u00edch a ob\u010dansk\u00fdch pr\u00e1v za cel\u00e9 na\u0161e \u017eivoty, a to na dlouh\u00e9 generace a skoro po cel\u00e9m sv\u011bt\u011b. V t\u00e9to chv\u00edli se tr\u00e9novat na jednotlivostech na\u0161\u00ed oby\u010dejn\u00e9 (ani hor\u0161\u00ed, ani lep\u0161\u00ed) vl\u00e1dy je malichern\u00e9 a pod \u00farovn\u00ed velk\u00fdch mu\u017e\u016f.<\/p>\n<p><em>Odpov\u011b\u010f&nbsp; L. J. na anketn\u00ed ot\u00e1zku dubnov\u00e9ho Newsletteru IVK<\/em><\/p>\n","protected":false},"excerpt":{"rendered":"<p>Div\u00edm se, \u017ee se politick\u00fd \u017eivot smrskl na debatu o aktu\u00e1ln\u00edch karant\u00e9nn\u00edch opat\u0159en\u00edch (kter\u00e9 m\u011b \u0161tvou jako ka\u017ed\u00e9ho jin\u00e9ho) a o snaze vl\u00e1dy za pen\u00edze v\u0161ech pom\u00e1hat vybran\u00fdm. Mus\u00edm \u0159\u00edci, \u017ee jednotliv\u00e1 antiepidemick\u00e1 opat\u0159en\u00ed vl\u00e1dy m\u011b t\u00e9m\u011b\u0159 nezaj\u00edmaj\u00ed.<\/p>\n","protected":false},"author":1,"featured_media":0,"comment_status":"open","ping_status":"open","sticky":false,"template":"","format":"standard","meta":{"ngg_post_thumbnail":0,"footnotes":""},"categories":[1],"tags":[],"class_list":["post-10900","post","type-post","status-publish","format-standard","hentry","category-publikovane-clanky"],"_links":{"self":[{"href":"https:\/\/www.ladislavjakl.cz\/index.php?rest_route=\/wp\/v2\/posts\/10900","targetHints":{"allow":["GET"]}}],"collection":[{"href":"https:\/\/www.ladislavjakl.cz\/index.php?rest_route=\/wp\/v2\/posts"}],"about":[{"href":"https:\/\/www.ladislavjakl.cz\/index.php?rest_route=\/wp\/v2\/types\/post"}],"author":[{"embeddable":true,"href":"https:\/\/www.ladislavjakl.cz\/index.php?rest_route=\/wp\/v2\/users\/1"}],"replies":[{"embeddable":true,"href":"https:\/\/www.ladislavjakl.cz\/index.php?rest_route=%2Fwp%2Fv2%2Fcomments&post=10900"}],"version-history":[{"count":1,"href":"https:\/\/www.ladislavjakl.cz\/index.php?rest_route=\/wp\/v2\/posts\/10900\/revisions"}],"predecessor-version":[{"id":10901,"href":"https:\/\/www.ladislavjakl.cz\/index.php?rest_route=\/wp\/v2\/posts\/10900\/revisions\/10901"}],"wp:attachment":[{"href":"https:\/\/www.ladislavjakl.cz\/index.php?rest_route=%2Fwp%2Fv2%2Fmedia&parent=10900"}],"wp:term":[{"taxonomy":"category","embeddable":true,"href":"https:\/\/www.ladislavjakl.cz\/index.php?rest_route=%2Fwp%2Fv2%2Fcategories&post=10900"},{"taxonomy":"post_tag","embeddable":true,"href":"https:\/\/www.ladislavjakl.cz\/index.php?rest_route=%2Fwp%2Fv2%2Ftags&post=10900"}],"curies":[{"name":"wp","href":"https:\/\/api.w.org\/{rel}","templated":true}]}}