{"id":10908,"date":"2020-05-20T10:37:37","date_gmt":"2020-05-20T08:37:37","guid":{"rendered":"http:\/\/www.ladislavjakl.cz\/?p=10908"},"modified":"2020-05-20T10:37:37","modified_gmt":"2020-05-20T08:37:37","slug":"hodnym-famam-se-rika-svoboda-slova-osklivym-dezinformace-ct-dva-mesice-nevysilala-zadne-akce-at-ty-usetrene-penize-vrati-poplatnikum-navrhuje-radni-jakl","status":"publish","type":"post","link":"https:\/\/www.ladislavjakl.cz\/?p=10908","title":{"rendered":"Hodn\u00fdm f\u00e1m\u00e1m se \u0159\u00edk\u00e1 \u201esvoboda slova\u201c, o\u0161kliv\u00fdm \u201edezinformace\u201c. \u010cT dva m\u011bs\u00edce nevys\u00edlala \u017e\u00e1dn\u00e9 akce, a\u0165 ty u\u0161et\u0159en\u00e9 pen\u00edze vr\u00e1t\u00ed poplatn\u00edk\u016fm, navrhuje radn\u00ed Jakl"},"content":{"rendered":"<p>\u201eSvobody rychle a nen\u00e1vratn\u011b ub\u00fdv\u00e1. A re\u00e1ln\u011b hroz\u00ed, \u017ee svoboda, jak ji zn\u00e1me, chystan\u00fd masivn\u00ed \u00fatok na sv\u00e9 z\u00e1klady nep\u0159e\u017eije. Neh\u00e1zejme flintu do \u017eita, nedejme svou k\u016f\u017ei lacino, ale moc nad\u011bj\u00ed si ned\u011bl\u00e1m,\u201c \u0159\u00edk\u00e1 muzikant, spisovatel a \u010dlen Rady pro rozhlasov\u00e9 a televizn\u00ed vys\u00edl\u00e1n\u00ed Ladislav Jakl. V rozhovoru varoval p\u0159ed rozd\u00e1v\u00e1n\u00edm financ\u00ed a mezi kritikou o pomoci mu pr\u00fd chyb\u011bj\u00ed hlasy, a\u0165 st\u00e1t rad\u011bji nikomu nebere. Podle n\u011bj je \u010dist\u011b na vl\u00e1dn\u00ed libov\u016fli, kdo o pen\u00edze p\u0159ijde a kdo je dostane. \u00dasp\u011b\u0161n\u00ed jsou pak podle Jakla ti, kte\u0159\u00ed si dovedou nejhlasit\u011bji a nejorganizovan\u011bji o finance \u0159\u00edci.<\/p>\n<p><!--more--><\/p>\n<p><strong>\u201ePo letech p\u0159est\u00e1vala svoboda b\u00fdt t\u00edm, po \u010dem lid\u00e9 nejv\u00edc tou\u017e\u00ed. Za\u010dali tou\u017eit po v\u00fdhod\u00e1ch, po p\u0159erozd\u011blov\u00e1n\u00ed, po jistot\u00e1ch, po omezov\u00e1n\u00ed t\u011bch druh\u00fdch. A mezi politiky se v\u017edy najdou takov\u00ed, kdo takov\u00e9 vol\u00e1n\u00ed s radost\u00ed vysly\u0161\u00ed,\u201c \u0159ekl jste mi na sklonku minul\u00e9ho roku. Jak tuto svoji v\u011btu vn\u00edm\u00e1te v souvislosti s pandemi\u00ed nov\u00fdm koronavirem?<\/strong><\/p>\n<p>No, to jste m\u011b skoro p\u0159ekvapila. Ani m\u011b nenapadlo, jak brzo se n\u011bkter\u00e9 \u0161patn\u00e9 p\u0159edpov\u011bdi vypl\u0148uj\u00ed. \u0160um, kter\u00fd panuje kolem covidov\u00e9 krize, je zjevn\u011b velice vhodnou z\u00e1st\u011brkou pro z\u00e1sadn\u00ed politick\u00e9, ekonomick\u00e9, spole\u010densk\u00e9 a dal\u0161\u00ed z\u00e1sahy do \u017eivota, kter\u00e9 budou platit roky nebo mo\u017en\u00e1 i des\u00edtky let pot\u00e9, co aktu\u00e1ln\u00ed rozruch opadne. N\u00e1pady u\u017e ra\u0161\u00ed. Ve vl\u00e1d\u011b, u ministryn\u011b Mal\u00e1\u010dov\u00e9 (Jana, ministryn\u011b pr\u00e1ce a soci\u00e1ln\u00edch v\u011bc\u00ed, pozn. red.) v \u00fa\u0159adu, v Parlamentu, v politick\u00fdch stran\u00e1ch, ale i v n\u00e1tlakov\u00fdch skupin\u00e1ch a ideologick\u00fdch seskupen\u00edch.<\/p>\n<p>Typick\u00fdm p\u0159\u00edkladem je extremistick\u00fd dokument skupiny radik\u00e1ln\u00edch levi\u010d\u00e1k\u016f kolem Vladim\u00edra \u0160pidly, kter\u00fd vlastn\u011b vyz\u00fdv\u00e1 ke svr\u017een\u00ed polistopadov\u00e9ho re\u017eimu. U\u017e te\u010f \u017eijeme v dob\u011b st\u00e1le se urychluj\u00edc\u00edho posunu sm\u011brem ke krajn\u00edmu pokrok\u00e1\u0159stv\u00ed, omezov\u00e1n\u00ed individu\u00e1ln\u00edch svobod a regulaci trhu. Lidem kolem \u0160pidly je tento v\u00fdvoj k n\u00e1siln\u00e9mu kolektivismu m\u00e1lo. Zd\u00e1 se jim p\u0159\u00edli\u0161 pomal\u00fd, m\u00e1lo radik\u00e1ln\u00ed a p\u0159\u00edli\u0161 evolu\u010dn\u00ed. Jejich v\u00fdzva vol\u00e1 po skute\u010dn\u00e9 revoluci. Obsahuje \u00fatoky na vlastnictv\u00ed, na demokratick\u00fd politick\u00fd syst\u00e9m. Po\u017eadavky, kter\u00e9 obsahuje, nejsou splniteln\u00e9 bez kontroly majetku, bez faktick\u00e9ho zest\u00e1tn\u011bn\u00ed soukrom\u00fdch aktivit, bez \u00fapln\u00e9ho mocensk\u00e9ho p\u0159evratu. Bez nastolen\u00ed diktatury. A takov\u00fdch iniciativ bude p\u0159ib\u00fdvat.<\/p>\n<section class=\"section-brown section-inarticle poll\">\n<div class=\"well well-rounded\">\n<div><strong>Kde tedy podle v\u00e1s hroz\u00ed nejv\u011bt\u0161\u00ed nebezpe\u010d\u00ed omezov\u00e1n\u00ed svobody?<\/strong><\/div>\n<\/div>\n<\/section>\n<p>Nebudu mluvit o t\u011bch aktu\u00e1ln\u00edch, spojen\u00fdch s protiepidemick\u00fdmi opat\u0159en\u00edmi. Mnoh\u00e9 z nich budou m\u00edt dlouhotrvaj\u00edc\u00ed n\u00e1sledky \u2013 hlavn\u011b ekonomick\u00e9 \u2013, ale v \u0159\u00e1du t\u00fddn\u016f \u010di m\u011bs\u00edc\u016f jejich \u00fa\u010dinnost skon\u010d\u00ed. Roj\u00ed se ale n\u00e1vrhy nevratn\u00fdch a trval\u00fdch zm\u011bn do pr\u00e1vn\u00edho \u0159\u00e1du. N\u011bkter\u00e9 pros\u00e1kly u\u017e do aktu\u00e1ln\u00edch legislativn\u00edch pl\u00e1n\u016f, jin\u00e9, mnohem radik\u00e1ln\u011bj\u0161\u00ed, vedou zat\u00edm jen medi\u00e1ln\u00ed d\u011blost\u0159eleckou p\u0159\u00edpravu. Sly\u0161\u00edme z\u00e1sadn\u00ed n\u00e1vrhy na zm\u011bny dan\u00ed, na kontrolu majetku, na faktick\u00e9 zest\u00e1t\u0148ov\u00e1n\u00ed, na nov\u00e9 mechanismy ohromn\u00e9ho p\u0159erozd\u011blov\u00e1n\u00ed. Vl\u00e1d\u00e1m mnoha zem\u00ed se nyn\u00ed otev\u00edraj\u00ed fantastick\u00e9 mo\u017enosti, o jak\u00fdch se jim nesnilo. Vezm\u011bte si jako p\u0159\u00edklad rozpo\u010det. Je to hlavn\u00ed z\u00e1kon zem\u011b. Ka\u017ed\u00e9 zem\u011b. Odehr\u00e1v\u00e1 se kolem n\u011bj podstatn\u00e1 \u010d\u00e1st politick\u00e9ho boje. A o co se ten boj obvykle vede? Ve skute\u010dnosti jen o jednotky procent z celkov\u00e9 \u010d\u00e1stky rozpo\u010dtu. Celkov\u00e1 v\u00fd\u0161e st\u00e1tn\u00edho rozpo\u010dtu \u010din\u00ed necel\u00e9 dva biliony korun, ka\u017edoro\u010dn\u011b se ale bojuje jen o n\u011bkolik procent z toho: zda p\u016fjde n\u011bjak\u00e1 miliarda \u010di dvacet miliard sem nebo tam. V\u0161e ostatn\u00ed je pevn\u011b v\u00e1z\u00e1no, jsou to takzvan\u00e9 mandatorn\u00ed v\u00fddaje, ur\u010den\u00e9 z\u00e1konem, a tedy povinn\u00e9, pak je hodn\u011b kvazimandatorn\u00edch, vlastn\u011b n\u00e1rokov\u00fdch, kter\u00e9 jsou tak\u00e9 v\u00edcem\u00e9n\u011b pevn\u00e9. Na politiku toho moc nezb\u00fdv\u00e1.<\/p>\n<p>Nyn\u00ed ale vl\u00e1dy dostaly novou hra\u010dku, jakou dost\u00e1vaj\u00ed leda v dob\u00e1ch v\u00e1lky: mohou si hr\u00e1t ne s procenty, ale s mnoha des\u00edtkami procent rozpo\u010dtu, ne s miliardami \u010di des\u00edtkami miliard, ale se stovkami miliard, nebo dokonce s cel\u00fdm bilionem. To v\u0161e pod z\u00e1minkou boje s n\u00e1sledky covidov\u00e9 epidemie. Tak ohromn\u00e9 z\u00e1sahy do pen\u011b\u017eenek lid\u00ed nikdo nepamatuje. Ale podobn\u011b je to v jin\u00fdch oborech, nejen u rozpo\u010dtu. Nehroz\u00ed n\u00e1m jen drobn\u00e9 z\u00e1sahy do \u017eivota, ale ob\u0159\u00ed a dlouhodob\u00e9 zm\u011bny. Spole\u010dnost se tak m\u016f\u017ee prom\u011bnit k hor\u0161\u00edmu trvale, a ne pouze v parametrech, ale kvalitativn\u011b, \u00fapln\u011b od z\u00e1kladu. Soci\u00e1ln\u00ed in\u017een\u00fd\u0159i o takov\u00e9 chv\u00edli snili. A vyr\u00e1\u017eej\u00ed do \u00fatoku. \u010c\u00e1st ve\u0159ejnosti, kter\u00e1 je nespokojena tu s t\u00edm, tu s on\u00edm, podpo\u0159\u00ed najednou i mamut\u00ed zm\u011bny, proto\u017ee uv\u011b\u0159\u00ed, \u017ee ka\u017ed\u00e1 zm\u011bna je dobr\u00e1. Nikoli, ka\u017ed\u00e1 revolu\u010dn\u00ed zm\u011bna bude jen k hor\u0161\u00edmu.&nbsp;&nbsp;&nbsp;<\/p>\n<div id=\"carodaOutstream4475Container\" class=\"carodaContainer\">\n<div id=\"carodaTeadsContainer148183069\" class=\"carodaOutstream fs-caroda-container-595971 fs-caroda-container-828157 fs-caroda-container-887893\">\n<div class=\"teads-adCall\"><strong>Spolupracoval jste s V\u00e1clavem Klausem a dal\u0161\u00edmi autory na vyd\u00e1n\u00ed knihy s n\u00e1zvem Karant\u00e9na: P\u0159e\u017eije na\u0161e svoboda \u00e9ru pandemie? P\u0159e\u017eije ji tedy? A jak\u00e1 je nejlep\u0161\u00ed cesta podle v\u00e1s?<\/strong><\/div>\n<\/div>\n<\/div>\n<p>V\u00edte, j\u00e1 jsem skeptik a byl jsem v tomto ohledu u\u017e p\u0159ed covidovou kriz\u00ed. Mysl\u00edm, \u017ee svobody rychle a nen\u00e1vratn\u011b ub\u00fdv\u00e1. A re\u00e1ln\u011b hroz\u00ed, \u017ee svoboda, jak ji zn\u00e1me, chystan\u00fd masivn\u00ed \u00fatok na sv\u00e9 z\u00e1klady nep\u0159e\u017eije. Neh\u00e1zejme flintu do \u017eita, nedejme svou k\u016f\u017ei lacino, ale moc nad\u011bj\u00ed si ned\u011bl\u00e1m. Jestli\u017ee jsem skeptick\u00fd, co se t\u00fd\u010de svobody v r\u00e1mci spole\u010dnosti, o to v\u00edce vid\u00edm d\u016fle\u017eitost toho, abychom se starali o p\u0159e\u017eit\u00ed svobodn\u00e9ho my\u0161len\u00ed i chov\u00e1n\u00ed kolem sebe, ve sv\u00e9 bezprost\u0159edn\u00ed bl\u00edzkosti.<\/p>\n<p><strong>Siln\u00e9 kritice \u010del\u00ed Ma\u010farsko. Tamn\u00ed premi\u00e9r ut\u00e1hl \u0161rouby, co se t\u00fdk\u00e1 svobody novin\u00e1\u0159\u016f i dal\u0161\u00edch v\u011bc\u00ed. Co si o tom mysl\u00edte?<\/strong><\/p>\n<p>Co si o tom mysl\u00edm? \u017de kdo chce Orb\u00e1na b\u00edt, h\u016fl si v\u017edy najde.<\/p>\n<p><strong>K aktu\u00e1ln\u00edm t\u00e9mat\u016fm. Pom\u00e1h\u00e1 vl\u00e1da \u010desk\u00fdm podnikatel\u016fm a \u017eivnostn\u00edk\u016fm dostate\u010dn\u011b zvl\u00e1dnout sou\u010dasnou krizi?<\/strong><\/p>\n<p>To jste od civiliza\u010dn\u00edho probl\u00e9mu sko\u010dila rovnou do problematiky t\u011bchto dn\u00ed, ale v po\u0159\u00e1dku. Mus\u00edme \u017e\u00edt i probl\u00e9my dne\u0161ka, ne pouze z\u00edt\u0159ka, to m\u00e1te pravdu. Trochu se mi d\u011blaj\u00ed osypky z obratu \u201evl\u00e1da pom\u00e1h\u00e1\u201c. J\u00e1 nechci, aby vl\u00e1da komukoli pom\u00e1hala. Vl\u00e1da mu\u017ee maxim\u00e1ln\u011b nep\u0159ek\u00e1\u017eet. Odstranit omezen\u00ed, regulace, p\u0159ek\u00e1\u017eky v podnik\u00e1n\u00ed. To ov\u0161em neud\u011bl\u00e1. Co tedy d\u011bl\u00e1? Rozd\u00e1v\u00e1 pen\u00edze. Vl\u00e1da \u017e\u00e1dn\u00e9 sv\u00e9 pen\u00edze ale nem\u00e1. M\u016f\u017ee je jedin\u011b jedn\u011bm karant\u00e9nou a restrikcemi posti\u017een\u00fdm sebrat, a d\u00e1t pak jin\u00fdm posti\u017een\u00fdm. Komu pen\u00edze potichu sebere a komu je hlasit\u011b d\u00e1, je \u010dist\u011b na jej\u00ed libov\u016fli. \u00dasp\u011bch tak slav\u00ed ti, kte\u0159\u00ed si dovedou nejhlasit\u011bji a nejorganizovan\u011bji o ciz\u00ed pen\u00edze \u0159\u00edct. A holeni jsou ti, ji\u017e se neum\u011bj\u00ed ozvat, \u010dili v\u011bt\u0161ina lid\u00ed, kte\u0159\u00ed plat\u00ed dan\u011b.<\/p>\n<p>Ni\u010d\u00ed m\u011b, jak je vl\u00e1da kritizov\u00e1na, \u017ee m\u011bla pomoci v\u00edce t\u011bm nebo tamt\u011bm. Chyb\u011bj\u00ed mi hlasy, a\u0165 rad\u011bji nikomu nebere. Takov\u00e9 nesly\u0161\u00edm. N\u011bkdy p\u0159ed dvaceti lety jsem napsal \u010dl\u00e1nek St\u00e1te ned\u00e1vej, abys nemusel br\u00e1t. Nenapadlo m\u011b, \u017ee po dvaceti letech bude je\u0161t\u011b aktu\u00e1ln\u011bj\u0161\u00ed. Vl\u00e1da sv\u00fdmi p\u0159esuny pen\u011bz u\u0161kod\u00ed nejen poplatn\u00edk\u016fm, st\u0159adatel\u016fm a t\u011bm, kdo se nevejdou do \u017e\u00e1dn\u00e9 \u0161katulky s n\u00e1roky, ale u\u0161kod\u00ed i cel\u00e9mu procesu pokrizov\u00e9ho o\u017eiven\u00ed, proto\u017ee t\u00edm pok\u0159ivuje logick\u00fd a p\u0159irozen\u00fd pohyb prost\u0159edk\u016f mezi lidmi tam, kde je nejv\u011bt\u0161\u00ed pot\u0159eba formulovan\u00e1 skute\u010dnou popt\u00e1vkou. St\u00e1t vytv\u00e1\u0159en\u00edm sv\u00e9 popt\u00e1vky um\u011ble odeb\u00edr\u00e1 pen\u00edze z m\u00edst, kde by byly efektivn\u011bji zhodnoceny, do m\u00edst, kde n\u011bkdo pouze efektivn\u011b lobboval.<\/p>\n<p><strong>Za co byste vl\u00e1du pochv\u00e1lil, a za co naopak pok\u00e1ral?<\/strong><\/p>\n<p>Nechci hodnotit jednotliv\u00e9 kroky vl\u00e1dy, jen \u0159eknu, \u017ee pochvalu zaslou\u017e\u00ed v\u0161ude tam, kde tlaku z\u00e1jmov\u00fdch skupin odol\u00e1, a pok\u00e1rat tam, kde se sna\u017e\u00ed bl\u00fdsknout se rozhazov\u00e1n\u00edm pen\u011bz vyta\u017een\u00fdch z kapes ostatn\u00edm. Jestli\u017ee vl\u00e1da n\u011bkoho chr\u00e1n\u00ed, jin\u00e9mu t\u00edm v\u017edy \u0161kod\u00ed. Pom\u016f\u017ee n\u00e1jemn\u00edk\u016fm, u\u0161kod\u00ed t\u00edm majitel\u016fm. Pom\u016f\u017ee dlu\u017en\u00edk\u016fm, je to na \u00fakor st\u0159adatel\u016f a v\u011b\u0159itel\u016f. Chvalme vl\u00e1du ne za to, komu pom\u016f\u017ee, ale za to, kdy\u017e v t\u00e9to t\u011b\u017ek\u00e9 dob\u011b ob\u010dany neobere a nezadlu\u017e\u00ed je.<\/p>\n<p><strong>Lid\u00e9 i odborn\u00edci se, d\u00e1 se \u0159\u00edci, rozd\u011blili na dva t\u00e1bory. Jedni v\u00edtaj\u00ed rychlej\u0161\u00ed uvol\u0148ov\u00e1n\u00ed opat\u0159en\u00ed, aby ekonomika mohla zase za\u010d\u00edt fungovat. Druz\u00ed naopak trvaj\u00ed na opatrnosti, proto\u017ee se ob\u00e1vaj\u00ed druh\u00e9 vlny n\u00e1kazy. Kter\u00e1 z cest je v\u00e1m bli\u017e\u0161\u00ed a pro\u010d?<\/strong><\/p>\n<p>\u010c\u00edsla m\u00e1me takov\u00e1, \u017ee si ur\u010dit\u011b m\u016f\u017eeme dovolit mnohem rychlej\u0161\u00ed uvol\u0148ov\u00e1n\u00ed restrikc\u00ed. Nebudu se pl\u00e9st do opat\u0159en\u00ed v resortu zdravotnictv\u00ed, tam asi omezen\u00ed musej\u00ed platit d\u00e9le. T\u011b\u017ek\u00e9 je to tak\u00e9 ve \u0161kolstv\u00ed, kde by asi nepro\u0161lo zah\u00e1jit \u0161koln\u00ed rok prvn\u00edho srpna a trochu dohnat zme\u0161kan\u00e9 hodiny. V\u0161ude jinde ale restrikce odbour\u00e1vejme, klidn\u011b za bedliv\u00e9ho sledov\u00e1n\u00ed \u010d\u00edsel o epidemii. Jedin\u00fdm m\u00edstem, kde bych byl s odbour\u00e1v\u00e1n\u00edm opatrn\u00fd, jsou hranice. \u010c\u00edsla v mnoha zem\u00edch jsou proti n\u00e1m \u0159\u00e1dov\u011b hor\u0161\u00ed, nen\u00ed t\u0159eba si takov\u00e1 dov\u00e1\u017eet k n\u00e1m.&nbsp;<\/p>\n<p><strong>Aktu\u00e1ln\u011b se v \u010cech\u00e1ch \u0159e\u0161\u00ed tak\u00e9 policejn\u00ed ochrana t\u0159\u00ed pra\u017esk\u00fdch politik\u016f kv\u016fli jejich politick\u00fdm krok\u016fm t\u00fdkaj\u00edc\u00edm se Ruska. Respekt nav\u00edc vydal \u010dl\u00e1nek o rusk\u00e9m agentovi s ricinem, co\u017e by \u2013 pokud by se informace potvrdila \u2013 ukazovalo na d\u00edru ve zpravodajsk\u00fdch slu\u017eb\u00e1ch \u010desk\u00fdch, ale i rusk\u00fdch. Hroz\u00ed podle v\u00e1s \u010desk\u00fdm politik\u016fm (H\u0159ib, Kol\u00e1\u0159 a Novotn\u00fd) skute\u010dn\u00e9 nebezpe\u010d\u00ed?<\/strong><\/p>\n<p>Ano, hroz\u00ed. Hroz\u00ed jim ztr\u00e1ta posledn\u00edch zbytk\u016f rozumu a soudnosti.<\/p>\n<p><strong>O pravosti informac\u00ed kolem Rusa s ricinem se velmi pochybuje. Za jak re\u00e1lnou ji pova\u017eujete?<\/strong><\/p>\n<p>Jedin\u00fdm zdrojem je \u010dasopis, kter\u00e9mu nev\u011b\u0159\u00edm ani n\u00e1zev.<\/p>\n<p><strong>Provokuj\u00ed zm\u00edn\u011bn\u00ed politici Rusko? Nebo je v\u0161e v\u011bc\u00ed suver\u00e9nn\u00edho st\u00e1tu, do kter\u00e9 nem\u00e1 Rusk\u00e1 federace co mluvit?<\/strong><\/p>\n<p>Mysl\u00edm, \u017ee existuje zad\u00e1n\u00ed jednostrann\u011b vyhecovat na\u0161e nep\u0159\u00e1telstv\u00ed s n\u011bkter\u00fdmi zem\u011bmi. My na tom nem\u00e1me \u017e\u00e1dn\u00fd sv\u016fj z\u00e1jem. Jsou to n\u011bjak\u00e9 ciz\u00ed hry.<\/p>\n<p><strong>\u201eZar\u00e1\u017e\u00ed m\u011b, \u017ee se p\u0159\u00edli\u0161 nezab\u00fdv\u00e1me t\u00edm, kolik nen\u00e1visti to vzbudilo u na\u0161ich ob\u010dan\u016f. Otev\u0159en\u00e9 vol\u00e1n\u00ed \u0159ady lid\u00ed po smrti za odstran\u011bn\u00ed Kon\u011bva je d\u011bsiv\u00fdm obrazem \u010d\u00e1sti \u010desk\u00e9 spole\u010dnosti,\u201c uvedl tak\u00e9 gener\u00e1l \u0160\u00e1ndor v rozhovoru pro Parlamentn\u00edListy.cz. Je v na\u0161\u00ed spole\u010dnosti skute\u010dn\u011b n\u011bco \u0161patn\u011b?<\/strong><\/p>\n<p>M\u00e1m dojem, \u017ee pan gener\u00e1l kousek od Kon\u011bva bydl\u00ed, tak v\u011bc asi vn\u00edm\u00e1 osobn\u011b, j\u00e1 jsem si ale \u017e\u00e1dn\u00fdch takov\u00fdch projev\u016f nev\u0161iml. Asi \u010dtu jen m\u00edrumilovn\u00e9 zdroje. Ale i v nich lze naj\u00edt vol\u00e1n\u00ed po tom, aby d\u016fchodci ode\u0161li na v\u011b\u010dn\u00fd odpo\u010dinek nebo aby um\u0159el n\u00e1\u0161 prezident.<\/p>\n<p><strong>Jak se k cel\u00e9 kauze \u201ericin\u201c stav\u011bt v dob\u011b, kdy se u n\u00e1s klade zvl\u00e1\u0161tn\u00ed d\u016fraz na rozpozn\u00e1v\u00e1n\u00ed fake news a na ov\u011b\u0159ov\u00e1n\u00ed informac\u00ed z d\u016fv\u011bryhodn\u00fdch zdroj\u016f?<\/strong><\/p>\n<p>Jsou f\u00e1my dvoj\u00edho druhu. Jednak ty hodn\u00e9, a jednak ty o\u0161kliv\u00e9. T\u011bm o\u0161kliv\u00fdm se \u0159\u00edk\u00e1 dezinformace, t\u011bm hodn\u00fdm svoboda slova.<\/p>\n<p><strong>\u010cesk\u00e1 televize pod\u00e1vala prakticky nep\u0159etr\u017eit\u00e9 zpravodajstv\u00ed kolem koronaviru, spustila nov\u00e9 programy pro d\u011bti i seniory a tak d\u00e1le. Uk\u00e1zala ve\u0159ejnopr\u00e1vn\u00ed televize svoji u\u017eite\u010dnost?<\/strong><\/p>\n<p>Tyto programy m\u016f\u017ee vys\u00edlat kdekter\u00e1 soukrom\u00e1 televize za stokr\u00e1t men\u0161\u00ed \u010d\u00e1stku, ne\u017e kolik stoj\u00ed ro\u010dn\u00ed provoz \u010cesk\u00e9 televize. Sta\u010d\u00ed zadat ve\u0159ejnou zak\u00e1zku.<\/p>\n<p><strong>\u0158editel \u010cesk\u00e9 televize Petr Dvo\u0159\u00e1k se zm\u00ednil, \u017ee by zv\u00fd\u0161il koncesion\u00e1\u0159sk\u00e9 poplatky. Je to pot\u0159eba a pro\u010d?<\/strong><\/p>\n<p>Mysl\u00edm, \u017ee \u010cesk\u00e1 televize by m\u011bla naopak p\u00e1r miliard poplatn\u00edk\u016fm vr\u00e1tit. Musela toho hodn\u011b u\u0161et\u0159it za neodvys\u00edlan\u00e9 sportovn\u00ed programy \u010di report\u00e1\u017ee o akc\u00edch, kter\u00e9 se neuskute\u010dnily.<\/p>\n<p><a href=\"https:\/\/www.parlamentnilisty.cz\/arena\/rozhovory\/Hodnym-famam-se-rika-svoboda-slova-osklivym-dezinformace-CT-dva-mesice-nevysilala-zadne-akce-at-ty-usetrene-penize-vrati-poplatnikum-navrhuje-radni-Jakl-624198\">Zdroj<\/a><\/p>\n","protected":false},"excerpt":{"rendered":"<p>\u201eSvobody rychle a nen\u00e1vratn\u011b ub\u00fdv\u00e1. A re\u00e1ln\u011b hroz\u00ed, \u017ee svoboda, jak ji zn\u00e1me, chystan\u00fd masivn\u00ed \u00fatok na sv\u00e9 z\u00e1klady nep\u0159e\u017eije. Neh\u00e1zejme flintu do \u017eita, nedejme svou k\u016f\u017ei lacino, ale moc nad\u011bj\u00ed si ned\u011bl\u00e1m,\u201c \u0159\u00edk\u00e1 muzikant, spisovatel a \u010dlen Rady pro rozhlasov\u00e9 a televizn\u00ed vys\u00edl\u00e1n\u00ed Ladislav Jakl. V rozhovoru varoval p\u0159ed rozd\u00e1v\u00e1n\u00edm financ\u00ed a mezi kritikou [&hellip;]<\/p>\n","protected":false},"author":1,"featured_media":0,"comment_status":"open","ping_status":"open","sticky":false,"template":"","format":"standard","meta":{"ngg_post_thumbnail":0,"footnotes":""},"categories":[13],"tags":[],"class_list":["post-10908","post","type-post","status-publish","format-standard","hentry","category-rozhovory"],"_links":{"self":[{"href":"https:\/\/www.ladislavjakl.cz\/index.php?rest_route=\/wp\/v2\/posts\/10908","targetHints":{"allow":["GET"]}}],"collection":[{"href":"https:\/\/www.ladislavjakl.cz\/index.php?rest_route=\/wp\/v2\/posts"}],"about":[{"href":"https:\/\/www.ladislavjakl.cz\/index.php?rest_route=\/wp\/v2\/types\/post"}],"author":[{"embeddable":true,"href":"https:\/\/www.ladislavjakl.cz\/index.php?rest_route=\/wp\/v2\/users\/1"}],"replies":[{"embeddable":true,"href":"https:\/\/www.ladislavjakl.cz\/index.php?rest_route=%2Fwp%2Fv2%2Fcomments&post=10908"}],"version-history":[{"count":1,"href":"https:\/\/www.ladislavjakl.cz\/index.php?rest_route=\/wp\/v2\/posts\/10908\/revisions"}],"predecessor-version":[{"id":10909,"href":"https:\/\/www.ladislavjakl.cz\/index.php?rest_route=\/wp\/v2\/posts\/10908\/revisions\/10909"}],"wp:attachment":[{"href":"https:\/\/www.ladislavjakl.cz\/index.php?rest_route=%2Fwp%2Fv2%2Fmedia&parent=10908"}],"wp:term":[{"taxonomy":"category","embeddable":true,"href":"https:\/\/www.ladislavjakl.cz\/index.php?rest_route=%2Fwp%2Fv2%2Fcategories&post=10908"},{"taxonomy":"post_tag","embeddable":true,"href":"https:\/\/www.ladislavjakl.cz\/index.php?rest_route=%2Fwp%2Fv2%2Ftags&post=10908"}],"curies":[{"name":"wp","href":"https:\/\/api.w.org\/{rel}","templated":true}]}}