{"id":1092,"date":"2011-06-23T10:55:56","date_gmt":"2011-06-23T09:55:56","guid":{"rendered":"http:\/\/www.ladislavjakl.cz\/?p=1092"},"modified":"2011-06-23T10:55:56","modified_gmt":"2011-06-23T09:55:56","slug":"jak-pracuje-denik-mlada-fronta","status":"publish","type":"post","link":"https:\/\/www.ladislavjakl.cz\/?p=1092","title":{"rendered":"Jak pracuje den\u00edk Mlad\u00e1 fronta"},"content":{"rendered":"<p>N\u011bjak\u00fd asi podplacen\u00fd policista si podvodn\u00fdm zp\u016fsobem obstaral v\u00fdpisy z\u00a0m\u00e9ho telefonu a patrn\u011b jimi obchodoval. Proto ho vy\u0161et\u0159uje Inspekce Ministerstva vnitra. Jen\u017ee Inspekce m\u011b jako po\u0161kozen\u00e9ho neinformovala, d\u0159\u00edve byla o vy\u0161et\u0159ov\u00e1n\u00ed informov\u00e1na Mlad\u00e1 fronta.<\/p>\n<p><!--more-->A ta o tom referovala tak, aby u \u010dten\u00e1\u0159\u016f vzbudila dojem, \u017ee nejsem po\u0161kozen\u00fd, ale b\u016fhv\u00edz\u010deho podez\u0159el\u00fd. A dokonce m\u011b dala do souvislosti se zavra\u017ed\u011bn\u00fdm podnikatelem Mr\u00e1zkem. \u017de pr\u00fd jsem \u201e\u017eehlil\u201c n\u011bjak\u00e9 milosti, co\u017e je \u010distokrevn\u00e1 le\u017e. Mus\u00edm \u0159\u00edci, \u017ee se m\u011b to docela dotklo. A tak jsem n\u011bkter\u00fdm novin\u00e1\u0159\u016fm Mlad\u00e9 fronty poslal tuto SMS:<\/p>\n<p><em>\u201eK\u00a0dne\u0161n\u00edmu hlavn\u00edmu textu Mlad\u00e9 fronty: Skand\u00e1ln\u00ed nen\u00ed pouze selh\u00e1n\u00ed doty\u010dn\u00e9ho policisty a soudce. Skand\u00e1ln\u00ed je p\u0159edev\u0161\u00edm to, \u017ee kdosi z\u00a0Inspekce Ministerstva vnitra, m\u00edsto aby v\u011bc vy\u0161et\u0159oval a informoval mne jako po\u0161kozen\u00e9ho, nejsp\u00ed\u0161e nejd\u0159\u00edv prodal informace Mlad\u00e9 front\u011b a j\u00e1 se tak o sv\u00e9m \u0161piclov\u00e1n\u00ed\u00a0 a jeho vy\u0161et\u0159ov\u00e1n\u00ed nedozv\u00edd\u00e1m od policie ale z\u00a0novin. A u\u017e v\u016fbec nechutn\u00e9 je, s\u00a0jakou \u00fapornost\u00ed se sna\u017e\u00ed Mlad\u00e1 fronta na tomto m\u00e9m po\u0161kozen\u00ed je\u0161t\u011b parazitovat, d\u00e1l m\u011b o\u010der\u0148ovat a podsouvat \u010dten\u00e1\u0159\u016fm souvislost m\u00e9 osoby s\u00a0Mr\u00e1zkem a t\u00edm s\u00a0organizovan\u00fdm zlo\u010dinem. Tyhle \u010dl\u00e1nky u\u017e lze br\u00e1t do ruky snad jen ve funebr\u00e1ck\u00fdch rukavic\u00edch.\u201c <\/em><\/p>\n<p>Zaj\u00edmav\u011b mi na tuto SMS odpov\u011bd\u011bla novin\u00e1\u0159ka, kter\u00e1 by m\u011bla m\u00edt na starost korektnost zpravodajstv\u00ed Mlad\u00e9 fronty:<\/p>\n<p><em>V\u00e1\u017een\u00fd pane tajemn\u00edku, omlouv\u00e1m se, ale Va\u0161\u00ed reakci nerozum\u00edm. Situace je mimo\u0159\u00e1dn\u011b v\u00e1\u017en\u00e1. Na\u0161\u00ed povinnost\u00ed je o tom ps\u00e1t, zvl\u00e1\u0161\u0165 v\u00a0p\u0159\u00edpad\u011b, \u017ee hlavn\u00ed podez\u0159el\u00fd dosadil sv\u00e9 lidi a\u017e do vl\u00e1dy. M\u011bjte se hezky. Jana Bla\u017ekov\u00e1, vedouc\u00ed dom\u00e1c\u00edho zpravodajstv\u00ed mf dnes<\/em><\/p>\n<p>Vida. Tak se dov\u00edd\u00e1m, \u017ee hlavn\u00ed podez\u0159el\u00fd z\u00a0m\u00e9ho \u0161piclov\u00e1n\u00ed dosadil sv\u00e9 lidi a\u017e do vl\u00e1dy. Jan\u011b Bla\u017ekov\u00e9 jsem odpov\u011bd\u011bl:<\/p>\n<p><em>Dobr\u00fd den. U\u017e jsem o tom necht\u011bl komunikovat, ale kdy\u017e p\u00ed\u0161ete, \u017ee nerozum\u00edte, zkus\u00edm to je\u0161t\u011b up\u0159esnit. Nest\u011b\u017euji si, \u017dE o tom p\u00ed\u0161ete. Vad\u00ed mi dv\u011b jin\u00e9 v\u011bci<\/em><\/p>\n<p><em>1)\u00a0\u00a0\u00a0\u00a0\u00a0 \u017de IMV d\u0159\u00edve informovala novin\u00e1\u0159e ne\u017e mne. <\/em><\/p>\n<p><em>2)\u00a0\u00a0\u00a0\u00a0\u00a0 \u017de kdy\u017e u\u017e o tom p\u00ed\u0161ete, bezd\u016fvodn\u011b a zlomysln\u011b m\u011b d\u00e1te do souvislosti se zavra\u017ed\u011bn\u00fdm mafi\u00e1nem. C\u00edlem mohlo b\u00fdt jedin\u00e9: ubl\u00ed\u017eit mi. A to je hnusn\u00e9. Nem\u00e1m nejmen\u0161\u00ed pot\u0159ebu komunikovat s\u00a0t\u00edm, kdo mi \u00famysln\u011b ubli\u017euje. L.J.<\/em><\/p>\n<p>Ale Jan\u011b Bla\u017ekov\u00e9 nep\u0159ipad\u00e1 nic \u0161patn\u00e9ho na tom, \u017ee jej\u00ed noviny vytv\u00e1\u0159ej\u00ed u \u010dten\u00e1\u0159\u016fm dojem n\u011bjak\u00e9 souvislosti m\u00e9 osoby s\u00a0Mr\u00e1zkem:<\/p>\n<p><em>My p\u0159ece nem\u016f\u017eeme za to, komu a kdy pan prezident ud\u011bluje milost. V\u00a0t\u00e9 dob\u011b se o V\u00e1s psalo v\u00a0t\u00e9to souvislosti, to\u0165 v\u0161e. \u017d\u00e1dn\u00fd nekal\u00fd z\u00e1m\u011br v\u00a0tom nen\u00ed, sna\u017e\u00edme se pouze zjistit, pro\u010d si V\u00e1s B\u00e1rta prov\u011b\u0159oval.<\/em><\/p>\n<p>Na to u\u017e bylo mo\u017en\u00e9 reagovat jen:<\/p>\n<p><em>\u00da\u017easn\u00e1 reakce. D\u011bkuji.<\/em><\/p>\n<p>Mohu dodat jen toto. Souvislost m\u00e9ho jm\u00e9na s\u00a0Mr\u00e1zkem \u010di n\u011bjakou milost\u00ed neexistuje, nic se o mn\u011b v\u00a0t\u00e9to souvislosti ps\u00e1t nemohlo, leda n\u011bco zcela vylhan\u00e9ho. Nev\u00edm, jak snaha n\u011bco zjistit m\u016f\u017ee souviset s\u00a0publikov\u00e1n\u00edm hnusn\u00e9 spekulace. T\u00edm se n\u011bco zjist\u00ed? A ona v\u00ed, \u017ee si m\u011b B\u00e1rta prov\u011b\u0159oval? Pokud ano, a\u0165 to zve\u0159ejn\u00ed a dolo\u017e\u00ed, pokud ne, a\u0165 mi to nep\u00ed\u0161e jako hotovou v\u011bc. Je to \u010dlov\u011bk na sv\u00e9m m\u00edst\u011b? V\u00ed, jak neuv\u00e1\u017een\u00e1 nebo zlomysln\u00e1 v\u011bta m\u016f\u017ee ubl\u00ed\u017eit? Nev\u00ed, proto\u017ee o n\u00ed je\u0161t\u011b takhle nikdo nepsal.<\/p>\n<p>L. J.<\/p>\n","protected":false},"excerpt":{"rendered":"<p>N\u011bjak\u00fd asi podplacen\u00fd policista si podvodn\u00fdm zp\u016fsobem obstaral v\u00fdpisy z\u00a0m\u00e9ho telefonu a patrn\u011b jimi obchodoval. Proto ho vy\u0161et\u0159uje Inspekce Ministerstva vnitra. Jen\u017ee Inspekce m\u011b jako po\u0161kozen\u00e9ho neinformovala, d\u0159\u00edve byla o vy\u0161et\u0159ov\u00e1n\u00ed informov\u00e1na Mlad\u00e1 fronta.<\/p>\n","protected":false},"author":1,"featured_media":0,"comment_status":"open","ping_status":"open","sticky":false,"template":"","format":"standard","meta":{"ngg_post_thumbnail":0,"footnotes":""},"categories":[6],"tags":[],"class_list":["post-1092","post","type-post","status-publish","format-standard","hentry","category-co-jsem-nerekl"],"_links":{"self":[{"href":"https:\/\/www.ladislavjakl.cz\/index.php?rest_route=\/wp\/v2\/posts\/1092","targetHints":{"allow":["GET"]}}],"collection":[{"href":"https:\/\/www.ladislavjakl.cz\/index.php?rest_route=\/wp\/v2\/posts"}],"about":[{"href":"https:\/\/www.ladislavjakl.cz\/index.php?rest_route=\/wp\/v2\/types\/post"}],"author":[{"embeddable":true,"href":"https:\/\/www.ladislavjakl.cz\/index.php?rest_route=\/wp\/v2\/users\/1"}],"replies":[{"embeddable":true,"href":"https:\/\/www.ladislavjakl.cz\/index.php?rest_route=%2Fwp%2Fv2%2Fcomments&post=1092"}],"version-history":[{"count":1,"href":"https:\/\/www.ladislavjakl.cz\/index.php?rest_route=\/wp\/v2\/posts\/1092\/revisions"}],"predecessor-version":[{"id":1093,"href":"https:\/\/www.ladislavjakl.cz\/index.php?rest_route=\/wp\/v2\/posts\/1092\/revisions\/1093"}],"wp:attachment":[{"href":"https:\/\/www.ladislavjakl.cz\/index.php?rest_route=%2Fwp%2Fv2%2Fmedia&parent=1092"}],"wp:term":[{"taxonomy":"category","embeddable":true,"href":"https:\/\/www.ladislavjakl.cz\/index.php?rest_route=%2Fwp%2Fv2%2Fcategories&post=1092"},{"taxonomy":"post_tag","embeddable":true,"href":"https:\/\/www.ladislavjakl.cz\/index.php?rest_route=%2Fwp%2Fv2%2Ftags&post=1092"}],"curies":[{"name":"wp","href":"https:\/\/api.w.org\/{rel}","templated":true}]}}