{"id":1096,"date":"2011-06-23T12:09:40","date_gmt":"2011-06-23T11:09:40","guid":{"rendered":"http:\/\/www.ladislavjakl.cz\/?p=1096"},"modified":"2011-06-23T12:09:40","modified_gmt":"2011-06-23T11:09:40","slug":"nemecky-denik-pohanel-oslavence-klause-jakl-si-to-nenechal-libit","status":"publish","type":"post","link":"https:\/\/www.ladislavjakl.cz\/?p=1096","title":{"rendered":"N\u011bmeck\u00fd den\u00edk pohan\u011bl oslavence Klause. Jakl si to nenechal l\u00edbit."},"content":{"rendered":"<p>Pom\u011brn\u011b ostr\u00fdch vyj\u00e1d\u0159en\u00ed prezidenta V\u00e1clava Klause na adresu sudetsk\u00fdch N\u011bmc\u016f i z\u00e1m\u011bru N\u011bmecka skon\u010dit s j\u00e1drem si v\u0161iml u\u017e i tam\u011bj\u0161\u00ed tisk. P\u00e1na Hradu ozna\u010dil za &#8222;\u0161\u00edlen\u00e9ho slovn\u00edho st\u0159elce&#8220;. Politolog Jan Bure\u0161 soud\u00ed, \u017ee nikoliv neopr\u00e1vn\u011bn\u011b. Prezident\u016fv tajemn\u00edk Ladislav Jakl ale ost\u0159e kontruje.<\/p>\n<p><!--more--><\/p>\n<p align=\"justify\">Den\u00edk Die Welt v p\u00e1tek ve zve\u0159ejn\u011bn\u00e9m \u010dl\u00e1nku \u010deskou hlavu st\u00e1tu ozna\u010dil  za &#8222;slovn\u00edho \u0161\u00edlen\u00e9ho st\u0159elce&#8220;, kter\u00fd\u00a0 p\u0159edst\u00edr\u00e1, \u017ee je\u00a0&#8222;expert na  v\u0161echno&#8220;.\u00a0Sv\u00fdmi ostr\u00fdmi v\u00fdroky na adresu N\u011bmecka a jeho problematiky si  tak pr\u00fd posiluje svou upadaj\u00edc\u00ed popularitu.<\/p>\n<p align=\"justify\"><strong>DieWelt uhodil h\u0159eb\u00ed\u010dek na hlavi\u010dku<\/strong><\/p>\n<p align=\"justify\">Podle politologa Jana Bure\u0161e\u00a0stoj\u00ed post\u0159eh n\u011bmeck\u00e9ho den\u00edku, kter\u00fd se  \u0159ad\u00ed k t\u011bm seri\u00f3zn\u00edm, za pozornost.\u00a0&#8222;Je zaj\u00edmav\u00e9 se nad t\u00edm zamyslet,  nen\u00ed to \u017e\u00e1dn\u00fd bulv\u00e1r, to, co p\u00ed\u0161e, je z\u00e1va\u017en\u00e9,&#8220; uvedl pro  Parlamentn\u00edListy.cz. &#8222;Ukazuje se, \u017ee Klaus se chov\u00e1 n\u00e1zorov\u011b velmi  krajn\u011b a tvrd\u011b,&#8220; dodal.<\/p>\n<p align=\"justify\">Siln\u00e9 v\u00fdroky hlavy st\u00e1tu mohou podle politologa rozdm\u00fdchat u\u017e tak siln\u00e9  negativn\u00ed n\u00e1lady v \u010desk\u00e9 spole\u010dnosti.\u00a0&#8222;Je to iracion\u00e1ln\u00ed, zost\u0159uje to  konflikty ve spole\u010dnosti,&#8220; \u0159ekl s t\u00edm, \u017ee slovn\u00ed spojen\u00ed &#8222;\u0161\u00edlen\u00fd slovn\u00ed  st\u0159elec&#8220; pova\u017euje za trefn\u00e9.<\/p>\n<p align=\"justify\">U Klause se podle Bure\u0161e sice projevuje jak\u00e1si &#8222;intelektu\u00e1lsk\u00e1  arogance&#8220;, nad \u0159adou jeho extr\u00e9mn\u00edch v\u00fdrok\u016f pr\u00fd ale z\u016fst\u00e1v\u00e1 rozum st\u00e1t.  Zejm\u00e9na v souvislosti s t\u00edm, \u017ee se prezident po odchodu z prezidentsk\u00e9ho  k\u0159esla z\u0159ejm\u011b nevzd\u00e1 dal\u0161\u00edho politick\u00e9ho p\u016fsoben\u00ed.<\/p>\n<p align=\"justify\"><strong>Ve\u0159ejn\u00e9 m\u00edn\u011bn\u00ed je mu jedno<\/strong><\/p>\n<p align=\"justify\">&#8222;Jsou to tak extr\u00e9mn\u00ed v\u00fdroky, a\u017e si\u00a0\u010dlov\u011bk \u0159\u00edk\u00e1, \u017ee mu snad je ve\u0159ejn\u00e9 m\u00edn\u011bn\u00ed ukraden\u00e9,&#8220; krout\u00ed hlavou Bure\u0161.<\/p>\n<p align=\"justify\">Klaus\u016fv tajemn\u00edk Ladislav Jakl ale s ostr\u00fdmi hodnocen\u00edmi n\u011bmeck\u00e9ho tisku  nesouhlas\u00ed. &#8222;Nev\u011b\u0159\u00edm, \u017ee Die Welt reaguje na skute\u010dn\u00e9 v\u00fdroky V\u00e1clava  Klause. Asi si z nich n\u011bkdo vyst\u0159elil,&#8220; zhodnotil lapid\u00e1rn\u011b \u00fatoky na  r\u00e9torick\u00e9 schopnosti hlavy st\u00e1tu.<\/p>\n<p align=\"justify\"><strong>Drang nach Osten 21. stolet\u00ed<\/strong><\/p>\n<p align=\"justify\">Tak\u00e9 podle politologa Zde\u0148ka Zbo\u0159ila jsou\u00a0 z\u00e1v\u011bry n\u011bmeck\u00e9ho listu  p\u0159ehnan\u00e9. &#8222;Neztoto\u017e\u0148uji se s Die Welt a jeho opakovan\u00fdmi \u00fatoky na  ve\u0159ejn\u00e9 m\u00edn\u011bn\u00ed. A\u010dkoli jsem v\u016f\u010di Klausovi kritick\u00fd, zd\u00e1 se i \u017ee to nov\u00e9  Drang nach Osten je u\u017e za hranic\u00ed dobr\u00e9ho vkusu,&#8220; zhodnotil pro  Parlamentn\u00edListy.cz kritiku p\u0159\u00edm\u011brem pou\u017e\u00edvan\u00fdm pro n\u011bmeckou expanzi v  19. stolet\u00ed.<\/p>\n<p align=\"justify\"><strong>Klaus nen\u00ed snadn\u00fd ter\u010d<\/strong><\/p>\n<p align=\"justify\">&#8222;Nemaj\u00ed \u010dist\u00e9 sv\u011bdom\u00ed a domn\u00edvaj\u00ed se, \u017ee V\u00e1clav Klaus je snadn\u00fd ter\u010d.  Proto ty neust\u00e1l\u00e9 pomluvy. Pro\u010d by V\u00e1clav Klaus pot\u0159eboval n\u011bjakou  popularitu? A\u0165 se staraj\u00ed o sv\u00e9ho ministra, kter\u00fd opisoval, a sv\u00e9  zelen\u00e9, uvnit\u0159 \u010derven\u00e9,&#8220; p\u0159ih\u0159\u00e1l si pomyslnou pol\u00edv\u010di\u010dku Zbo\u0159il.<\/p>\n<p align=\"justify\">Politologa Josefa Mlejnka reakce na Klausovy v\u00fdroky na adresu sudetsk\u00fdch  N\u011bmc\u016f i z\u00e1m\u011bru skoncovat s j\u00e1drem nep\u0159ekvapily. Pr\u00fd byly  &#8222;o\u010dek\u00e1vateln\u00e9.&#8220;<\/p>\n<p align=\"justify\">Klaus se do hled\u00e1\u010dku m\u00e9di\u00ed v posledn\u00ed dob\u011b dostal nejen kv\u016fli kritice  N\u011bmecka a oslav\u00e1m sv\u00fdch sedmdes\u00e1t\u00fdch\u00a0narozenin\u00e1m, ale tak\u00e9\u00a0kv\u016fli ostr\u00fdm  v\u00fdrok\u016fm\u00a0na adresu \u010desk\u00e9 st\u00e1vky v doprav\u011b. Tu odsoudil je\u0161t\u011b\u00a0razantn\u011bji  ne\u017e vl\u00e1da.<\/p>\n<p align=\"justify\"><a href=\"http:\/\/www.parlamentnilisty.cz\/parlament\/200384.aspx\" target=\"_blank\">Zdroj<\/a><\/p>\n","protected":false},"excerpt":{"rendered":"<p>Pom\u011brn\u011b ostr\u00fdch vyj\u00e1d\u0159en\u00ed prezidenta V\u00e1clava Klause na adresu sudetsk\u00fdch N\u011bmc\u016f i z\u00e1m\u011bru N\u011bmecka skon\u010dit s j\u00e1drem si v\u0161iml u\u017e i tam\u011bj\u0161\u00ed tisk. P\u00e1na Hradu ozna\u010dil za &#8222;\u0161\u00edlen\u00e9ho slovn\u00edho st\u0159elce&#8220;. Politolog Jan Bure\u0161 soud\u00ed, \u017ee nikoliv neopr\u00e1vn\u011bn\u011b. Prezident\u016fv tajemn\u00edk Ladislav Jakl ale ost\u0159e kontruje.<\/p>\n","protected":false},"author":1,"featured_media":0,"comment_status":"open","ping_status":"open","sticky":false,"template":"","format":"standard","meta":{"ngg_post_thumbnail":0,"footnotes":""},"categories":[11],"tags":[],"class_list":["post-1096","post","type-post","status-publish","format-standard","hentry","category-ozvena"],"_links":{"self":[{"href":"https:\/\/www.ladislavjakl.cz\/index.php?rest_route=\/wp\/v2\/posts\/1096","targetHints":{"allow":["GET"]}}],"collection":[{"href":"https:\/\/www.ladislavjakl.cz\/index.php?rest_route=\/wp\/v2\/posts"}],"about":[{"href":"https:\/\/www.ladislavjakl.cz\/index.php?rest_route=\/wp\/v2\/types\/post"}],"author":[{"embeddable":true,"href":"https:\/\/www.ladislavjakl.cz\/index.php?rest_route=\/wp\/v2\/users\/1"}],"replies":[{"embeddable":true,"href":"https:\/\/www.ladislavjakl.cz\/index.php?rest_route=%2Fwp%2Fv2%2Fcomments&post=1096"}],"version-history":[{"count":1,"href":"https:\/\/www.ladislavjakl.cz\/index.php?rest_route=\/wp\/v2\/posts\/1096\/revisions"}],"predecessor-version":[{"id":1097,"href":"https:\/\/www.ladislavjakl.cz\/index.php?rest_route=\/wp\/v2\/posts\/1096\/revisions\/1097"}],"wp:attachment":[{"href":"https:\/\/www.ladislavjakl.cz\/index.php?rest_route=%2Fwp%2Fv2%2Fmedia&parent=1096"}],"wp:term":[{"taxonomy":"category","embeddable":true,"href":"https:\/\/www.ladislavjakl.cz\/index.php?rest_route=%2Fwp%2Fv2%2Fcategories&post=1096"},{"taxonomy":"post_tag","embeddable":true,"href":"https:\/\/www.ladislavjakl.cz\/index.php?rest_route=%2Fwp%2Fv2%2Ftags&post=1096"}],"curies":[{"name":"wp","href":"https:\/\/api.w.org\/{rel}","templated":true}]}}