{"id":10966,"date":"2020-06-04T11:08:35","date_gmt":"2020-06-04T09:08:35","guid":{"rendered":"http:\/\/www.ladislavjakl.cz\/?p=10966"},"modified":"2020-06-04T11:08:35","modified_gmt":"2020-06-04T09:08:35","slug":"urvana-decka-kolecka-v-havlisticke-masine-zlostne-dupou-zvykli-si-ze-jim-patri-vse-radni-jakl-je-usvedcuje-ze-lzi","status":"publish","type":"post","link":"https:\/\/www.ladislavjakl.cz\/?p=10966","title":{"rendered":"U\u0159van\u00e1 d\u011bcka, kole\u010dka v havlistick\u00e9 ma\u0161in\u011b. Zlostn\u011b dupou, zvykli si, \u017ee jim pat\u0159\u00ed v\u0161e. Radn\u00ed Jakl je usv\u011bd\u010duje ze l\u017e\u00ed"},"content":{"rendered":"<p>ROZHOVOR \u201eZlostn\u011b dupaj\u00edc\u00ed d\u011bcka na na\u0161\u00ed politick\u00e9 a medi\u00e1ln\u00ed sc\u00e9n\u011b d\u00e1vaj\u00ed najevo svou nesoudnost a nedosp\u011blost. Jak nen\u00ed v\u0161e po jejich, maj\u00ed pocit, \u017ee je konec sv\u011bta. Jsou zvykl\u00ed, \u017ee jim pat\u0159\u00ed v\u0161e. A tak se hrout\u00ed p\u0159i jak\u00e9koli skulin\u011b ve sv\u00e9m monopolu,\u201c \u0159\u00edk\u00e1 r\u00e1zn\u011b muzikant a spisovatel Ladislav Jakl k reakc\u00edm na nov\u011b zvolen\u00e9 \u010dleny Rady \u010cesk\u00e9 televize. S\u00e1m po revoluci zakl\u00e1dal Radu pro rozhlasov\u00e9 a televizn\u00ed vys\u00edl\u00e1n\u00ed, podle n\u011bj m\u011bla ve\u0159ejnopr\u00e1vn\u00ed m\u00e9dia existovat jen do\u010dasn\u011b. Jakl tvrd\u00ed, \u017ee \u201eu\u0159v\u00e1nci\u201c p\u0159i \u0159evu zapom\u00ednaj\u00ed na sv\u00e9 v\u00fdk\u0159iky o nutnosti pestrosti a n\u00e1zor\u016f, proto\u017ee s nov\u00fdmi \u010dleny do rady nep\u0159icv\u00e1lali ni\u010d\u00ed kon\u011b, jen lid\u00e9 s vlastn\u00edm n\u00e1zorem. Lid\u00e9, kte\u0159\u00ed by si ohl\u00e1vku nasadit nenechali.<\/p>\n<p><!--more--><\/p>\n<p><strong>Bou\u0159liv\u00e9 debaty a v\u00fdroky vyvolalo zvolen\u00ed t\u0159\u00ed nov\u00fdch \u010dlen\u016f do Rady \u010cesk\u00e9 televize, kter\u00fdmi jsou ekonomka Hana Lipovsk\u00e1, moder\u00e1tor Lubom\u00edr Vesel\u00fd a publicista Pavel Matocha. Jak\u00e1 je va\u0161e reakce?<\/strong><\/p>\n<p>Moje reakce na ony bou\u0159liv\u00e9 reakce? U\u017e to \u0159eklo mnoho bystr\u00fdch lid\u00ed p\u0159ede mnou, ne\u0159eknu nic objevn\u00e9ho. Zlostn\u011b dupaj\u00edc\u00ed d\u011bcka na na\u0161\u00ed politick\u00e9 a medi\u00e1ln\u00ed sc\u00e9n\u011b d\u00e1vaj\u00ed najevo svou nesoudnost a nedosp\u011blost. Jak nen\u00ed v\u0161e po jejich, maj\u00ed pocit, \u017ee je konec sv\u011bta. Jsou zvykl\u00ed, \u017ee jim pat\u0159\u00ed v\u0161e. A tak se hrout\u00ed p\u0159i jak\u00e9koli skulin\u011b ve sv\u00e9m monopolu. My, co m\u00e1me z t\u00e9 volby radost, jsme nem\u00edvali hysterick\u00e9 z\u00e1chvaty, kdy\u017e byli zvoleni lid\u00e9 zcela opa\u010dn\u00fdch n\u00e1zor\u016f. Jsme na to zvykl\u00ed. Kolik stovek lid\u00ed u\u017e pro\u0161lo v\u0161emi medi\u00e1ln\u00edmi radami a nikdo si toho nev\u0161\u00edmal, ani ty lidi nikdo neznal. Pokud pat\u0159ili k hlavn\u00edmu medi\u00e1ln\u00edmu proudu, kdo by si toho tak\u00e9 v\u0161iml, v\u0161e bylo p\u0159ece v po\u0159\u00e1dku \u2013 tedy v o\u010d\u00edch majitel\u016f pravd.<\/p>\n<p>V na\u0161ich o\u010d\u00edch to pak byl celkem norm\u00e1ln\u00ed stav, jsme zvykl\u00ed, \u017ee \u201eoni\u201c maj\u00ed naprostou p\u0159evahu v\u017edy, a tak\u00e9 jsme demokrati, holt jsme prohr\u00e1vali a respektovali jsme to. Opa\u010dn\u011b to neplat\u00ed. Jakmile to vypad\u00e1, \u017ee by se \u010dlenem medi\u00e1ln\u00ed rady mohl st\u00e1t \u010dlov\u011bk, kter\u00fd nen\u00ed jen kole\u010dkem v havlistick\u00e9 ma\u0161in\u011b, nastane zd\u011b\u0161en\u00ed, pok\u0159ik. A co se stalo? Jeden z n\u00e1zor\u016f na fungov\u00e1n\u00ed \u010cesk\u00e9 televize, kter\u00fd je ve spole\u010dnosti re\u00e1ln\u011b zastoupen, m\u00e1 najednou malink\u00e9 zastoupen\u00ed i v jej\u00ed rad\u011b. Pro\u010d si ti u\u0159v\u00e1nci nevzpomenou na sv\u00e9 v\u00fdk\u0159iky o pot\u0159eb\u011b r\u016fznobarevnosti a pestrosti? Oni ale o r\u016fznobarevnosti jen lhali, cht\u011bj\u00ed jednobarevnost.&nbsp;&nbsp;&nbsp;&nbsp;<\/p>\n<p><strong>P\u0159ekvapil v\u00e1s v\u00fdsledek volby nov\u00fdch radn\u00edch?<\/strong><\/p>\n<p>P\u0159izn\u00e1v\u00e1m se, \u017ee ano. Pot\u00e9, co nebyl zvolen Michal Sem\u00edn \u010dlenem Rady \u010cesk\u00e9 tiskov\u00e9 agentury, to vypadalo, \u017ee d\u016fv\u011bra v Poslaneck\u00e9 sn\u011bmovn\u011b je zni\u010dena a nebude u\u017e zvolen snad nikdo nikam. N\u011bkte\u0159\u00ed lid\u00e9 maj\u00ed osypky ze slova dohoda. Jako kdyby to bylo n\u011bco sprost\u00e9ho. Bez dohod by nemohly prob\u011bhnout skoro \u017e\u00e1dn\u00e9 volby v Poslaneck\u00e9 sn\u011bmovn\u011b. Anebo by v\u0161e brali jen ti nejsiln\u011bj\u0161\u00ed. Pokud respektujeme pom\u011brn\u00e9 zastoupen\u00ed, je nutn\u00e9 d\u00e1t jist\u00fd prostor i men\u0161\u00edm n\u00e1zorov\u00fdm proud\u016fm v Parlamentu. A to je bez dohod nemysliteln\u00e9.<\/p>\n<div id=\"carodaOutstream767597Container\" class=\"carodaContainer\">\n<div id=\"carodaTeadsContainer580786\" class=\"carodaOutstream fs-caroda-container-919966 fs-caroda-container-960465\">Mysl\u00edm, \u017ee dne\u0161n\u00ed u\u0159v\u00e1nci, co plivou na slovo dohody, by prvn\u00ed k\u0159i\u010deli, kdyby kv\u016fli nefungov\u00e1n\u00ed podobn\u00fdch dohod byli zcela odstaveni ti, kter\u00fdm u\u0159v\u00e1nci fand\u00ed. Oni prvn\u00ed by si st\u011b\u017eovali, \u017ee maj\u00ed patn\u00e1ct procent ve Sn\u011bmovn\u011b, a ve veden\u00ed v\u00fdbor\u016f \u010di komis\u00ed p\u0159itom nemaj\u00ed nikoho. A \u017ee to je n\u011bco jin\u00e9ho ne\u017e medi\u00e1ln\u00ed rady? Nen\u00ed. I tam nem\u00e1 nikdo s\u00edlu s\u00e1m prosadit toho, komu fand\u00ed. Pot\u0159ebuje spojence. A z\u00edsk\u00e1 ho pouze tehdy, kdy\u017e se zav\u00e1\u017ee p\u0159\u00ed\u0161t\u011b podpo\u0159it zase n\u011bkoho jin\u00e9ho. To, \u017ee byla obsazena v\u0161echna t\u0159i posledn\u00ed m\u00edsta v Rad\u011b \u010cesk\u00e9 televize, ukazuje, \u017ee snad v\u0161echna d\u016fv\u011bra ve Sn\u011bmovn\u011b je\u0161t\u011b poztr\u00e1cena nebyla.<\/div>\n<\/div>\n<p><strong>O \u010dem podle v\u00e1s tato jm\u00e9na v rad\u011b sv\u011bd\u010d\u00ed? Tedy \u017ee byli zvoleni lid\u00e9, kte\u0159\u00ed se netaj\u00ed svoj\u00ed kriti\u010dnost\u00ed k \u010cesk\u00e9 televizi?<\/strong><\/p>\n<p>Sv\u011bd\u010d\u00ed o tom, \u017ee \u017e\u00e1dn\u00fd strom neroste do nebe. \u010cesk\u00e1 televize za pen\u00edze poplatn\u00edk\u016f bu\u010f vys\u00edl\u00e1 \u00fapln\u011b stejn\u00e9 po\u0159ady jako jak\u00e1koli soukrom\u00e1 televize, kterou povinn\u011b neplat\u00edme, nebo dokonce vede soustavnou vyhrocenou agitku proti z\u00e1jm\u016fm poplatn\u00edk\u016f. Lid\u00e9 v \u010cesk\u00e9 televizi si zvykli, \u017ee si mohou dovolit v\u0161e. A to u\u017e za\u010dalo l\u00e9zt na nervy i t\u011bm, co dosud do jej\u00edho fungov\u00e1n\u00ed necht\u011bli r\u00fdpat. Tak te\u010f u\u017e cht\u011bj\u00ed.<\/p>\n<p><strong>\u201e\u010cesk\u00e1 televize i \u010cesk\u00fd rozhlas jsou instituce st\u00e1tn\u00ed. \u0158e\u010di\u010dky o jak\u00e9si ve\u0159ejnopr\u00e1vnosti to maj\u00ed jen zakr\u00fdt. Z\u0159\u00eddil je st\u00e1t z\u00e1konem, st\u00e1t jim p\u0159id\u011blil majetek, st\u00e1t jim v\u011bnoval kmito\u010dty, st\u00e1t jim p\u0159id\u011bluje v\u00fdnosy z povinn\u011b vyb\u00edran\u00fdch poplatk\u016f a st\u00e1t jim p\u0159id\u011blil \u00fakoly. Jen\u017ee zam\u011bstnanci t\u011bchto instituc\u00ed se chovaj\u00ed, jako kdyby je vlastnili. Z\u0159\u00edzen\u00ed \u010cesk\u00e9 televize a \u010cesk\u00e9ho rozhlasu zhruba v dne\u0161n\u00ed podob\u011b jsem p\u0159ed t\u011bmi 29 lety ch\u00e1pal jako p\u0159echodn\u00e9 \u0159e\u0161en\u00ed, prost\u011b co d\u011blat se zd\u011bd\u011bn\u00fdmi socialistick\u00fdmi kolosy, ne\u017e vnikne nez\u00e1visl\u00fd trh. T\u00edm jejich role skon\u010d\u00ed a nebudou n\u00e1m chyb\u011bt,\u201c \u0159ekl jste mi jednou v rozhovoru. Do\u010dasnost se v\u0161ak zm\u011bnila v trvalost. Zm\u00ednil jste tak\u00e9, \u017ee v\u00e1\u0161 probl\u00e9m se \u201est\u00e1tn\u00ed\u201c televiz\u00ed je syst\u00e9mov\u00fd bez ohledu na obsah. M\u011bla by se tedy ve\u0159ejnopr\u00e1vn\u00ed m\u00e9dia zru\u0161it podle v\u00e1s \u00fapln\u011b? P\u0159\u00edpadn\u011b je z\u00e1sadn\u011b reformovat?<\/strong><\/p>\n<p>Reforma se nepoda\u0159\u00ed. Vy\u017eadovala by d\u016fslednou kontrolu toho, jak \u010cesk\u00e1 televize pln\u00ed \u00fakoly zadan\u00e9 j\u00ed z\u00e1konem. Vy\u017eadovalo by to zru\u0161en\u00ed reklamy a sponzoringu, konec s vys\u00edl\u00e1n\u00edm b\u011b\u017en\u00fdch komer\u010dn\u00edch program\u016f, sn\u00ed\u017een\u00ed po\u010dtu kan\u00e1l\u016f, skoncov\u00e1n\u00ed s dotov\u00e1n\u00edm filmov\u00fdch projekt\u016f r\u016fzn\u00fdch kamar\u00e1d\u016f, konec s masov\u00fdm vyv\u00e1d\u011bn\u00edm pen\u011bz do r\u016fzn\u00fdch satelitn\u00edch outsourcov\u00fdch firem, sn\u00ed\u017een\u00ed rozpo\u010dtu a konec politick\u00e9 manipulace. Nemysl\u00edm, \u017ee toto v\u0161e je re\u00e1ln\u00e9. Ale je t\u0159eba o to alespo\u0148 usilovat.<\/p>\n<p>Jedin\u00fdm \u010dist\u00fdm \u0159e\u0161en\u00edm je zru\u0161en\u00ed st\u00e1tn\u00ed televize a st\u00e1tn\u00edho rozhlasu. Nepot\u0159ebujeme je. J\u00e1 je nepot\u0159ebuji ovl\u00e1dat, jak je lidem m\u00fdch n\u00e1zor\u016f denn\u011b podsouv\u00e1no. Nem\u00e1 je ovl\u00e1dat nikdo. V\u0161e, co \u010cesk\u00e1 televize \u010din\u00ed, m\u016f\u017ee vys\u00edlat zdarma jak\u00e1koli priv\u00e1tn\u00ed televize. A pokud m\u00e1 st\u00e1t n\u011bjak\u00fd eminentn\u00ed z\u00e1jem \u2013 vys\u00edl\u00e1n\u00ed pro \u0161koly, varov\u00e1n\u00ed obyvatel p\u0159ed pohromou, referov\u00e1n\u00ed o rozhodnut\u00edch st\u00e1tu \u2013 to v\u0161e si lze zadat u soukrom\u00fdch televiz\u00ed formou ve\u0159ejn\u00fdch zak\u00e1zek. A p\u0159ijde to stokr\u00e1t levn\u011bji, ne\u017e to m\u011bsto na Kav\u010d\u00edch hor\u00e1ch.<\/p>\n<p><strong>Je podle v\u00e1s prom\u011bna st\u00e1tn\u00edch m\u00e9di\u00ed v m\u00e9dia soukrom\u00e1 z\u00e1rukou vyv\u00e1\u017eenosti?<\/strong><\/p>\n<p>J\u00e1 ne\u017eiju ve sv\u011bt\u011b z\u00e1ruk. Nic nen\u00ed zaru\u010deno. Ani to, \u017ee se do\u017eijeme z\u00edt\u0159ka. V ka\u017ed\u00e9m p\u0159\u00edpad\u011b je nejlep\u0161\u00edm n\u00e1strojem vyv\u00e1\u017eenosti konkurence. Jako ve v\u0161ech oborech. Priv\u00e1tn\u00ed televize musej\u00ed sv\u00e9 div\u00e1ky respektovat, nemohou si d\u011blat, co cht\u011bj\u00ed, nemohou vys\u00edlat proti jejich z\u00e1jm\u016fm. Pokud by to d\u011blaly, p\u0159ijde je to na velik\u00e9 pen\u00edze. To si m\u016f\u017ee dovolit jen televize, kterou div\u00e1k mus\u00ed platit povinn\u011b, i kdy\u017e se mu jej\u00ed vys\u00edl\u00e1n\u00ed nel\u00edb\u00ed.<\/p>\n<section class=\"related-articles-wrap\">\n<div class=\"related-articles-box with-commercial\">\n<div class=\"related-article\"><strong>Ekonomka Hana Lipovsk\u00e1 se chce pod\u00edvat na zoubek hospoda\u0159en\u00ed \u010cesk\u00e9 televize. Domn\u00edv\u00e1te se, \u017ee pr\u00e1v\u011b ona je z\u00e1rukou, \u017ee se ukon\u010d\u00ed neust\u00e1l\u00e9 diskuse o spr\u00e1vn\u00e9m vyu\u017e\u00edv\u00e1n\u00ed financ\u00ed, transparentnosti a tak d\u00e1le?<\/strong><\/div>\n<\/div>\n<\/section>\n<p>Zase ta z\u00e1ruka. Nikdo nen\u00ed z\u00e1rukou ni\u010deho. M\u016f\u017ee se leda o n\u011bco sna\u017eit. A ona se jist\u011b sna\u017eit bude. Nebude to m\u00edt lehk\u00e9. Veden\u00ed \u010cesk\u00e9 televize si v\u017edy sv\u00e9 rady ocho\u010dilo. A tak m\u00edsto aby radn\u00ed televizi kontrolovali, h\u00e1jili ji p\u0159ed opr\u00e1vn\u011bnou kritikou. Mysl\u00edm, \u017ee Han\u011b Lipovsk\u00e9 se to nestane.<\/p>\n<p><strong>Co m\u016f\u017ee do rady p\u0159in\u00e9st moder\u00e1tor Lubom\u00edr Xaver Vesel\u00fd? Celkov\u011b o v\u0161ech kandid\u00e1tech odp\u016frci tvrd\u00ed, \u017ee nemaj\u00ed pot\u0159ebn\u00e9 zku\u0161enosti jako jin\u00ed, kte\u0159\u00ed zvoleni nebyli\u2026<\/strong><\/p>\n<p>To, \u010demu oni \u0159\u00edkaj\u00ed zku\u0161enosti, tomu j\u00e1 \u0159\u00edk\u00e1m konflikt z\u00e1jm\u016f. Vr\u00e1na vr\u00e1n\u011b o\u010di nevyklove. Rada nesm\u00ed sv\u00fdm slo\u017een\u00edm vych\u00e1zet z okruhu televizn\u00edch a filmov\u00fdch profesion\u00e1l\u016f. Kap\u0159i si nevypust\u00ed sv\u016fj rybn\u00edk. Lubom\u00edr Vesel\u00fd je poctiv\u00fd novin\u00e1\u0159 s poctiv\u00fdm pohledem na sv\u011bt. Nesmi\u0159iteln\u00e9ho kritika \u010cesk\u00e9 televize z n\u011bj vyrobila pr\u00e1v\u011b sama \u010cesk\u00e1 televize. On najednou zjistil to, co mnoz\u00ed d\u00e1vno zn\u00e1me: jak um\u00ed \u010cesk\u00e1 televize \u0161pinit sv\u00e9 neobl\u00edbence. A zradikalizoval se. Nyn\u00ed by m\u011bl ale na sv\u00e9 k\u0159ivdy zapomenout a m\u00edsto po person\u00e1li\u00edch j\u00edt po syst\u00e9mov\u00fdch probl\u00e9mech. Mysl\u00edm, \u017ee m\u00e1 \u0161anci b\u00fdt v tom u\u017eite\u010dn\u00fd.<\/p>\n<p><strong>\u201eM\u00e9dia, to je zv\u00e1\u0161n\u00ed sv\u011bt. P\u0159itahuje lidi, kte\u0159\u00ed jsou p\u0159esv\u011bd\u010deni, \u017ee jsou povol\u00e1ni vychov\u00e1vat n\u00e1rod. A tak jsme v\u0161ichni vychov\u00e1v\u00e1ni. Vychov\u00e1v\u00e1ni p\u0159edev\u0161\u00edm v duchu pokrok\u00e1\u0159stv\u00ed, levicov\u00e9ho liberalismu, multikulturalismu, bruselsk\u00e9ho centralismu, extremistick\u00e9ho zelen\u00e9ho fanatismu, genderismu a j\u00e1 nev\u00edm, jak se v\u0161echna dal\u0161\u00ed zv\u00ed\u0159\u00e1tka t\u00e9hle zoo jmenuj\u00ed,\u201c sd\u011blil jste mi rovn\u011b\u017e p\u0159ed \u010dasem. Domn\u00edv\u00e1te se, \u017ee objektivita a pluralita m\u00e9di\u00ed se ztr\u00e1c\u00ed v boji za \u201eur\u010ditou pravdu\u201c? Ztr\u00e1cej\u00ed novin\u00e1\u0159i smysl pro tyto z\u00e1klady \u017eurnalistiky? A jak z toho ven?<\/strong><\/p>\n<p>Nemysl\u00edm, \u017ee jednotliv\u00e1 m\u00e9dia \u010di jednotliv\u00ed novin\u00e1\u0159i \u2013 krom\u011b \u010cesk\u00e9 televize, ta to m\u00e1 v popisu pr\u00e1ce \u2013 mus\u00ed b\u00fdt objektivn\u00ed. Mnohem d\u016fle\u017eit\u011bj\u0161\u00ed je to va\u0161e slovo pluralita. Pluralita mnoha subjektivn\u00edch pohled\u016f na v\u011bc vytv\u00e1\u0159\u00ed objektivitu a\u017e ve sv\u00e9m celku, jako jednotliv\u00e1 skl\u00ed\u010dka vytv\u00e1\u0159ej\u00ed obraz cel\u00e9 mozaiky. Novin\u00e1\u0159i m\u00edvaj\u00ed pocit, \u017ee jsou povol\u00e1ni k tomu, aby sv\u00e9 \u010dten\u00e1\u0159e a div\u00e1ky vychov\u00e1vali. Sami p\u0159itom toho o sv\u011bt\u011b v\u011bd\u00ed zoufale m\u00e1lo. V priv\u00e1tn\u00edm m\u00e9diu takov\u00ed nad\u011blaj\u00ed hodn\u011b \u0161kod, a to si vlastn\u00edk nem\u016f\u017ee dovolit. Tak\u017ee je nutn\u011b mus\u00ed korigovat. V \u010cesk\u00e9 televizi nekontroluje nikdo nikoho. A tak tamn\u00ed novin\u00e1\u0159i mohu \u0161kodit bez rizika. A d\u011blaj\u00ed to.<\/p>\n<p><strong>Celkov\u011b se d\u00e1 \u0159\u00edci, \u017ee kritici volby do Rady \u010cesk\u00e9 televize maj\u00ed obavy, \u017ee se sou\u010dasn\u00e1 vl\u00e1da pod taktovkou hnut\u00ed ANO sna\u017e\u00ed ovl\u00e1dnout \u010ceskou televizi a ohrozit ji. B\u00fdval\u00fd poradce premi\u00e9ra Zden\u011bk \u0160arapatka uvedl: \u201eTak jo. Bude v\u00e1lka o \u010cT. Sice p\u0159esilovka, ale s kolegy, kte\u0159\u00ed neuhnou, zabojujeme se ct\u00ed. Up\u0159\u00edmn\u011b: na posily Babi\u0161e, kter\u00e9 \u010cT velkohub\u011b kritizuj\u00ed, se t\u011b\u0161\u00edm. \u017dvanit v m\u00e9di\u00edch a rozdat si to tv\u00e1\u0159\u00ed v tv\u00e1\u0159 je rozd\u00edl. A kdy\u017e um\u0159\u00edt, tak ve stoje, pokud m\u011b nezalehne X. Vesel\u00fd. Na zte\u010d!\u201c Zd\u00e1 se tak, \u017ee by nov\u00ed radn\u00ed m\u011bli b\u00fdt sou\u010d\u00e1st\u00ed politick\u00fdch boj\u016f premi\u00e9ra Andreje Babi\u0161e, kter\u00fd \u010ceskou televizi vzhledem ke kritice jeho osoby rozhodn\u011b r\u00e1d nem\u00e1. A nijak se t\u00edm netaj\u00ed. Co si o tom mysl\u00edte?<\/strong><\/p>\n<p>K popletovi a lh\u00e1\u0159i \u0160arapatkovi m\u011b nenu\u0165te se vyjad\u0159ovat. Ale v\u0161\u00edmejte si, \u017ee rozv\u00edjet konspira\u010dn\u00ed teorie a nepodlo\u017een\u00e1 obvin\u011bn\u00ed m\u016f\u017eete tehdy, kdy\u017e m\u00e1te spr\u00e1vn\u00fd ter\u010d. To v\u00e1m pak projde ka\u017ed\u00fd bl\u00e1bol. A je\u0161t\u011b jedna v\u011bc. P\u0159e\u010detl jsem si u\u017e n\u011bkolik hr\u016fzostra\u0161n\u00fdch sc\u00e9n\u00e1\u0159\u016f toho, jak pr\u00fd te\u010f bude \u010cesk\u00e1 televize fungovat, jak se stane slep\u011b poslu\u0161n\u00fdm n\u00e1strojem toho \u010di jin\u00e9ho politika. A v\u00edte, kdo takov\u00e9 konspira\u010dn\u00ed teorie \u0161\u00ed\u0159\u00ed? Ten, komu je takov\u00e9 my\u0161len\u00ed vlastn\u00ed. Ten, co s\u00e1m poslu\u0161n\u011b slou\u017e\u00ed ciz\u00edm politick\u00fdm sil\u00e1m, ten, kdo se nechal a\u017e dodne\u0161ka \u0159\u00eddit, kdo politicky manipuluje vys\u00edl\u00e1n\u00ed. A tak si mysl\u00ed, \u017ee ti druz\u00ed jsou stejn\u00ed a budou d\u011blat tot\u00e9\u017e, jen s opa\u010dn\u00fdm znam\u00e9nkem. V duchu hesla podle sebe soud\u00edm tebe. To oni jsou ti kon\u011b z\u00e1jmov\u00fdch sil. S nov\u00fdmi \u010dleny ale do Rady \u010cesk\u00e9 televize nep\u0159icv\u00e1lali ni\u010d\u00ed kon\u011b, jen lid\u00e9 s vlastn\u00edm n\u00e1zorem, lid\u00e9, kte\u0159\u00ed by si ohl\u00e1vku nasadit nenechali.<\/p>\n<p><a href=\"https:\/\/www.parlamentnilisty.cz\/arena\/rozhovory\/Urvana-decka-kolecka-v-havlisticke-masine-Zlostne-dupou-zvykli-si-ze-jim-patri-vse-Radni-Jakl-je-usvedcuje-ze-lzi-625919\">Zdroj<\/a><\/p>\n","protected":false},"excerpt":{"rendered":"<p>ROZHOVOR \u201eZlostn\u011b dupaj\u00edc\u00ed d\u011bcka na na\u0161\u00ed politick\u00e9 a medi\u00e1ln\u00ed sc\u00e9n\u011b d\u00e1vaj\u00ed najevo svou nesoudnost a nedosp\u011blost. Jak nen\u00ed v\u0161e po jejich, maj\u00ed pocit, \u017ee je konec sv\u011bta. Jsou zvykl\u00ed, \u017ee jim pat\u0159\u00ed v\u0161e. A tak se hrout\u00ed p\u0159i jak\u00e9koli skulin\u011b ve sv\u00e9m monopolu,\u201c \u0159\u00edk\u00e1 r\u00e1zn\u011b muzikant a spisovatel Ladislav Jakl k reakc\u00edm na nov\u011b zvolen\u00e9 [&hellip;]<\/p>\n","protected":false},"author":1,"featured_media":0,"comment_status":"open","ping_status":"open","sticky":false,"template":"","format":"standard","meta":{"ngg_post_thumbnail":0,"footnotes":""},"categories":[13],"tags":[],"class_list":["post-10966","post","type-post","status-publish","format-standard","hentry","category-rozhovory"],"_links":{"self":[{"href":"https:\/\/www.ladislavjakl.cz\/index.php?rest_route=\/wp\/v2\/posts\/10966","targetHints":{"allow":["GET"]}}],"collection":[{"href":"https:\/\/www.ladislavjakl.cz\/index.php?rest_route=\/wp\/v2\/posts"}],"about":[{"href":"https:\/\/www.ladislavjakl.cz\/index.php?rest_route=\/wp\/v2\/types\/post"}],"author":[{"embeddable":true,"href":"https:\/\/www.ladislavjakl.cz\/index.php?rest_route=\/wp\/v2\/users\/1"}],"replies":[{"embeddable":true,"href":"https:\/\/www.ladislavjakl.cz\/index.php?rest_route=%2Fwp%2Fv2%2Fcomments&post=10966"}],"version-history":[{"count":1,"href":"https:\/\/www.ladislavjakl.cz\/index.php?rest_route=\/wp\/v2\/posts\/10966\/revisions"}],"predecessor-version":[{"id":10967,"href":"https:\/\/www.ladislavjakl.cz\/index.php?rest_route=\/wp\/v2\/posts\/10966\/revisions\/10967"}],"wp:attachment":[{"href":"https:\/\/www.ladislavjakl.cz\/index.php?rest_route=%2Fwp%2Fv2%2Fmedia&parent=10966"}],"wp:term":[{"taxonomy":"category","embeddable":true,"href":"https:\/\/www.ladislavjakl.cz\/index.php?rest_route=%2Fwp%2Fv2%2Fcategories&post=10966"},{"taxonomy":"post_tag","embeddable":true,"href":"https:\/\/www.ladislavjakl.cz\/index.php?rest_route=%2Fwp%2Fv2%2Ftags&post=10966"}],"curies":[{"name":"wp","href":"https:\/\/api.w.org\/{rel}","templated":true}]}}