{"id":10972,"date":"2020-06-04T14:27:09","date_gmt":"2020-06-04T12:27:09","guid":{"rendered":"http:\/\/www.ladislavjakl.cz\/?p=10972"},"modified":"2020-06-04T14:27:09","modified_gmt":"2020-06-04T12:27:09","slug":"state-nedavej-abys-nemusel-brat","status":"publish","type":"post","link":"https:\/\/www.ladislavjakl.cz\/?p=10972","title":{"rendered":"St\u00e1te, ned\u00e1vej \u2014 abys nemusel br\u00e1t"},"content":{"rendered":"<div class=\"opener\">Sn\u00ed\u017eit dan\u011b! To je nej\u010dast\u011bj\u0161\u00ed po\u017eadavek na ka\u017edou vl\u00e1du kdekoli na sv\u011bt\u011b v kter\u00e9koli dob\u011b. Nen\u00ed divu. Vezm\u011bme si t\u0159eba situaci u n\u00e1s. V pen\u011b\u017eence z\u016fstane \u010desk\u00fdm ob\u010dan\u016fm jen m\u00e1lo v\u00edc ne\u017e polovina pen\u011bz, kter\u00e9 svou prac\u00ed vyd\u011blaj\u00ed, zat\u00edmco t\u00e9m\u011b\u0159 celou druhou polovinu odevzdaj\u00ed er\u00e1ru, kter\u00fd ji pak rozd\u011bl\u00ed tam, kam on s\u00e1m uzn\u00e1 za vhodn\u00e9.<\/div>\n<p><!--more--><\/p>\n<div id=\"art-text\" class=\"text\">\n<p>Zji\u0161t\u011bn\u00ed je to skute\u010dn\u011b nep\u011bkn\u00e9. P\u0159edstavme si, \u017ee bychom mohli jen 12 a p\u016fl hodiny denn\u011b rozhodovat o tom, kam p\u016fjdeme, kde budeme tr\u00e1vit chv\u00edle volna i pr\u00e1ce, zat\u00edmco na zbyl\u00fdch 11 a p\u016fl hodiny by n\u00e1s er\u00e1r prost\u011b p\u0159id\u011blil tam, kam by se mu zacht\u011blo. Omezen\u00ed svobody by to bylo \u00fapln\u011b stejn\u011b siln\u00e9 jako dne\u0161n\u00edm zdan\u011bn\u00edm.<\/p>\n<p>Jak je mo\u017en\u00e9, \u017ee si to nech\u00e1me l\u00edbit? Na prvn\u00ed pohled nepochopitelnou v\u011bc lze vysv\u011btlit docela snadno. Nejen\u017ee si to nech\u00e1me l\u00edbit. My si o to dokonce \u0159\u00edk\u00e1me. Ka\u017ed\u00fd pr\u016fzkum v\u00e1m potvrd\u00ed, \u017ee toho od er\u00e1ru po\u017eadujeme stra\u0161n\u011b moc. Chceme po n\u011bm zdarma zdravotnictv\u00ed a \u0161kolstv\u00ed, d\u016fchody, soci\u00e1ln\u00ed zabezpe\u010den\u00ed, nemocenskou, infrastrukturu, dotovanou kulturu, ve\u0159ejnopr\u00e1vn\u00ed rozhlas a televizi, levn\u00e9 bydlen\u00ed, ochranu vklad\u016f, lacinou ve\u0159ejnou dopravu, podporu sportu, aktivn\u00ed boj proti nezam\u011bstnanosti, podporu investic, region\u00e1ln\u00ed projekty&#8230;<\/p>\n<p>No a er\u00e1r v\u017edy r\u00e1d vyhov\u00ed. M\u00e1 to v povaze. Nav\u00edc mu n\u011bco z na\u0161ich pen\u011bz z\u016fstane za nehty. A za zbytek n\u00e1m pak nab\u00eddne slu\u017eby v takov\u00e9 kvalit\u011b, objemu a struktu\u0159e, jak si s\u00e1m rozhodne.<\/p>\n<p>Co s t\u00edm? Tvrd\u00edm, \u017ee obvykl\u00e9 vol\u00e1n\u00ed po sn\u00ed\u017een\u00ed dan\u00ed nesta\u010d\u00ed. Zde j\u00e1dro probl\u00e9mu nele\u017e\u00ed. M\u016f\u017eeme stokr\u00e1t \u0159\u00edkat, \u017ee sn\u00ed\u017een\u00edm dan\u00ed podpo\u0159\u00edme r\u016fst a t\u00edm paradoxn\u011b dokonce zv\u00fd\u0161\u00edme da\u0148ov\u00e9 v\u00fdnosy. M\u016f\u017eeme stokr\u00e1t \u0159\u00edkat, \u017ee er\u00e1r je n\u00e1kladn\u00fd a nehospod\u00e1rn\u00fd a jeho slu\u017eby nekvalitn\u00ed a draze po\u0159\u00edzen\u00e9. M\u016f\u017eeme stokr\u00e1t \u0159\u00edkat, \u017ee po sn\u00ed\u017een\u00ed dan\u00ed p\u0159inut\u00edme er\u00e1r chovat se hospod\u00e1rn\u011bji.<\/p>\n<p>V\u00fdsledek bude jedin\u00fd (pokud se n\u00e1m poda\u0159\u00ed dan\u011b razantn\u011b sn\u00ed\u017eit): er\u00e1r se zadlu\u017e\u00ed a jeho p\u00e9\u010de o sv\u011b\u0159en\u00e9 v\u011bci bude nekvalitn\u011bj\u0161\u00ed. Nakonec to vyvol\u00e1 nutnost dluhy zaplatit a o\u0161izen\u00e9 v\u011bci zal\u00edt dal\u0161\u00edmi pen\u011bzi, co\u017e nakonec vyvol\u00e1 nutnost dan\u011b zase zp\u00e1tky zv\u00fd\u0161it.<\/p>\n<p>Tak\u017ee znovu: co tedy s t\u00edm?<strong>&nbsp;Prioritou nen\u00ed sn\u00ed\u017een\u00ed dan\u00ed, ale omezen\u00ed objemu ve\u0159ejn\u011b poskytovan\u00fdch statk\u016f.&nbsp;<\/strong>Nejd\u0159\u00edve je t\u0159eba nekompromisn\u011b a razantn\u011b zmen\u0161it sf\u00e9ru vlivu er\u00e1ru, sn\u00ed\u017eit po\u010det v\u011bc\u00ed, o kter\u00e9 se er\u00e1r star\u00e1 (za na\u0161e pen\u00edze). Jedin\u011b zm\u011bna na\u0161\u00ed p\u0159edstavy o tom, k \u010demu vlastn\u011b er\u00e1r pot\u0159ebujeme, kam ho v\u016fbec pust\u00edme, jak\u00e9 mu sv\u011b\u0159\u00edme \u00fakoly, a odkud ho naopak vy\u017eeneme, jedin\u011b to m\u016f\u017ee v\u00e9st k omezen\u00ed popt\u00e1vky er\u00e1ru po na\u0161ich pen\u011bz\u00edch, po v\u00fdnosech z na\u0161ich dan\u00ed.<\/p>\n<p>To ov\u0161em vy\u017eaduje v\u00edce odvahy, ne\u017e kolik vy\u017eaduje pouh\u00e9 vol\u00e1n\u00ed po sn\u00ed\u017een\u00ed dan\u00ed. To chce \u0159\u00edznout do na\u0161ich n\u00e1vyk\u016f, to chce st\u00e1hnout na\u0161i otev\u0159enou dla\u0148. A\u017e si jednou v\u0161ichni uv\u011bdom\u00edme, \u017ee do t\u00e9 na\u0161\u00ed nata\u017een\u00e9 dlan\u011b n\u00e1m er\u00e1r sype jen to (a je\u0161t\u011b ne v\u0161echno), co n\u00e1m p\u0159ed t\u00edm vyt\u00e1hl z kapes, pak teprve m\u00e1me \u0161anci n\u00e1\u0161 er\u00e1r uskrovnit.<\/p>\n<p>Nen\u00ed logick\u00e9 ani \u00fa\u010dinn\u00e9 \u0159\u00edkat st\u00e1tu \u201eneber mi.\u201c Lep\u0161\u00ed je nejd\u0159\u00edve st\u00e1tu \u0159\u00edci \u201ened\u00e1vej mi.\u201c<\/p>\n<p><em>Tenhle \u010dl\u00e1nek jsem napsal p\u0159ed dvaceti lety. P\u0159esn\u011bji 1. listopadu roku 2000. Psal jsem ho pro revui Nechte n\u00e1s b\u00fdt. P\u0159ed p\u00e1r dny ho nev\u00edmkdo a nev\u00edmjak vy\u0161\u0165oural a vyv\u011bsil na net, tak jsem na n\u011bj po dvaceti letech narazil i j\u00e1.<\/em><\/p>\n<p><em>Pro\u010d tady otravuju s textem star\u00fdm dvacet let? Pro\u010d jsem na n\u011bm nezm\u011bnil ani p\u00edsmenko? Proto\u017ee se st\u00e1t a jeho praxe tak\u00e9 nezm\u011bnily ani o p\u00edsmenko.<\/em><\/p>\n<p><em>Nemysl\u00edm, \u017ee tady budu stra\u0161it za dal\u0161\u00edch dvacet let. Tak\u017ee ten apel mus\u00edm adresovat t\u011bm mlad\u0161\u00edm z v\u00e1s: Moc bych si p\u0159\u00e1l, abyste tenhle \u010dl\u00e1nek nemuseli za dvacet let bez zm\u011bny p\u00edsmenka publikovat znovu. Ale p\u0159\u00e1n\u00ed nesta\u010d\u00ed..<\/em><\/p>\n<\/div>\n<p><a href=\"https:\/\/jakl.blog.idnes.cz\/blog.aspx?c=752538\">Zdroj<\/a><\/p>\n","protected":false},"excerpt":{"rendered":"<p>Sn\u00ed\u017eit dan\u011b! To je nej\u010dast\u011bj\u0161\u00ed po\u017eadavek na ka\u017edou vl\u00e1du kdekoli na sv\u011bt\u011b v kter\u00e9koli dob\u011b. Nen\u00ed divu. Vezm\u011bme si t\u0159eba situaci u n\u00e1s. V pen\u011b\u017eence z\u016fstane \u010desk\u00fdm ob\u010dan\u016fm jen m\u00e1lo v\u00edc ne\u017e polovina pen\u011bz, kter\u00e9 svou prac\u00ed vyd\u011blaj\u00ed, zat\u00edmco t\u00e9m\u011b\u0159 celou druhou polovinu odevzdaj\u00ed er\u00e1ru, kter\u00fd ji pak rozd\u011bl\u00ed tam, kam on s\u00e1m uzn\u00e1 za [&hellip;]<\/p>\n","protected":false},"author":1,"featured_media":0,"comment_status":"open","ping_status":"open","sticky":false,"template":"","format":"standard","meta":{"ngg_post_thumbnail":0,"footnotes":""},"categories":[1],"tags":[],"class_list":["post-10972","post","type-post","status-publish","format-standard","hentry","category-publikovane-clanky"],"_links":{"self":[{"href":"https:\/\/www.ladislavjakl.cz\/index.php?rest_route=\/wp\/v2\/posts\/10972","targetHints":{"allow":["GET"]}}],"collection":[{"href":"https:\/\/www.ladislavjakl.cz\/index.php?rest_route=\/wp\/v2\/posts"}],"about":[{"href":"https:\/\/www.ladislavjakl.cz\/index.php?rest_route=\/wp\/v2\/types\/post"}],"author":[{"embeddable":true,"href":"https:\/\/www.ladislavjakl.cz\/index.php?rest_route=\/wp\/v2\/users\/1"}],"replies":[{"embeddable":true,"href":"https:\/\/www.ladislavjakl.cz\/index.php?rest_route=%2Fwp%2Fv2%2Fcomments&post=10972"}],"version-history":[{"count":1,"href":"https:\/\/www.ladislavjakl.cz\/index.php?rest_route=\/wp\/v2\/posts\/10972\/revisions"}],"predecessor-version":[{"id":10973,"href":"https:\/\/www.ladislavjakl.cz\/index.php?rest_route=\/wp\/v2\/posts\/10972\/revisions\/10973"}],"wp:attachment":[{"href":"https:\/\/www.ladislavjakl.cz\/index.php?rest_route=%2Fwp%2Fv2%2Fmedia&parent=10972"}],"wp:term":[{"taxonomy":"category","embeddable":true,"href":"https:\/\/www.ladislavjakl.cz\/index.php?rest_route=%2Fwp%2Fv2%2Fcategories&post=10972"},{"taxonomy":"post_tag","embeddable":true,"href":"https:\/\/www.ladislavjakl.cz\/index.php?rest_route=%2Fwp%2Fv2%2Ftags&post=10972"}],"curies":[{"name":"wp","href":"https:\/\/api.w.org\/{rel}","templated":true}]}}