{"id":10982,"date":"2020-06-17T15:06:39","date_gmt":"2020-06-17T13:06:39","guid":{"rendered":"http:\/\/www.ladislavjakl.cz\/?p=10982"},"modified":"2020-06-17T15:08:20","modified_gmt":"2020-06-17T13:08:20","slug":"smutecni-proslov-l-j-pri-rozlouceni-s-martinem-kosickem-12-6-2020-velka-obradni-sin-olsanske-hrbitovy","status":"publish","type":"post","link":"https:\/\/www.ladislavjakl.cz\/?p=10982","title":{"rendered":"Smute\u010dn\u00ed proslov L. J. p\u0159i rozlou\u010den\u00ed s Martinem Ko\u0161\u00ed\u010dkem, 12. 6. 2020, Velk\u00e1 ob\u0159adn\u00ed s\u00ed\u0148, Ol\u0161ansk\u00e9 h\u0159bitovy"},"content":{"rendered":"<p>\u017divot nen\u00ed samoz\u0159ejmost.<br \/>\nMil\u00e1 Heleno, mil\u00e1 Heleno, mil\u00e1 Mark\u00e9to, mil\u00ed v\u0161ichni.<br \/>\nMartine, kamar\u00e1de.<\/p>\n<p><!--more--><br \/>\nMartin by m\u011bl radost, kdyby vid\u011bl, jak jsme se tu v\u0161ichni hezky se\u0161li. To on m\u011bl r\u00e1d, to um\u011bl. D\u00e1vat lidi dohromady.<\/p>\n<p>P\u0159ed \u010dty\u0159ma lety jsme se lou\u010dili s jeho maminkou, s pan\u00ed Evou. Za sebe, ale asi i za mnoh\u00e9 z v\u00e1s mohu \u0159\u00edct, \u017ee pat\u0159ila mezi nejb\u00e1je\u010dn\u011bj\u0161\u00ed baby, jak\u00e9 jsem za cel\u00fd sv\u016fj \u017eivot poznal. Nen\u00ed mo\u017en\u00e9, aby z n\u00ed Martin n\u011bco nedostal. I on byl velmi bystr\u00fd \u2013 jako ona, velmi vn\u00edmav\u00fd \u2013 jako ona, a velmi otev\u0159en\u00fd \u2013 jako ona. Otev\u0159en\u00fd v\u0161emu nov\u00e9mu.&nbsp; Jasn\u011b, dob\u0159e v\u011bd\u011bl, \u017ee je spr\u00e1vn\u00e9 dr\u017eet se toho, co se osv\u011bd\u010dilo, ale neb\u00e1l se zkou\u0161et a za\u017e\u00edvat zase n\u011bco nov\u00e9ho.&nbsp; Za posledn\u00ed roky sv\u00e9ho \u017eivota se neb\u00e1l objevit \u00fapln\u011b nov\u00e9 sv\u011bty. Objevil nov\u00e9 p\u0159\u00e1tele, se kter\u00fdma ho nepojily \u017e\u00e1dn\u00e9 spole\u010dn\u00e9 vzpom\u00ednky z ml\u00e1d\u00ed, p\u0159\u00e1tele, kter\u00e9 poznal a\u017e p\u0159es sv\u00e9 dv\u011b skv\u011bl\u00e9 dcery a sv\u00e9 zet\u011b.<\/p>\n<p>Objevil sv\u011bt nov\u00fdch v\u00fdst\u0159edn\u00edch piv a neb\u00e1l se proniknout do nov\u00e9 spole\u010dnosti a nov\u00fdch sv\u011bt\u016f. Ve v\u011bku, kdy mnoz\u00ed na\u0161i p\u0159\u00e1tel\u00e9 zleniv\u011bli, zahrabali se doma a zaj\u00edmavou budoucnost \u017e\u00e1dnou nevid\u00ed, on klidn\u011b za\u010dal zase od nuly. V dob\u011b, kdy jin\u00ed pohodln\u011b sed\u011bli u televize, on vzal svou nohu na ramena, k tomu berle do rukou a trm\u00e1cel se t\u0159eba p\u0159es celou Prahu mezi p\u0159\u00e1tele, do nov\u00e9ho pivovaru, na ochutn\u00e1vku, na dal\u0161\u00ed akci. A v\u017edy za n\u011b\u010d\u00edm nov\u00fdm. Jednou se mu takov\u00e1 cesta p\u0159es celou Prahu za zaj\u00edmav\u00fdmi pivy a z\u00e1\u017eitky prot\u00e1hla a\u017e do Belgie. A v\u017edy se sna\u017eil b\u00fdt tahounem, ne \u010dern\u00fdm pasa\u017e\u00e9rem, \u010dekaj\u00edc\u00edm, jak ho ostatn\u00ed budou bavit. To on vym\u00fd\u0161lel nov\u00e9 akce, nov\u00e1 t\u00e9mata, nosil n\u00e1m sv\u016fj skv\u011bl\u00fd sulc a jin\u00e9 dobroty, prost\u011b d\u00e1val n\u00e1s dohromady.<\/p>\n<p>I jeho dv\u011b b\u00e1je\u010dn\u00e9 dcery maj\u00ed mnoh\u00e9 po n\u011bm, ale tak\u00e9 v n\u00e1s, kdo jsme ho m\u011bli p\u0159\u00edle\u017eitost ho poznat, n\u011bco po n\u011bm z\u016fst\u00e1v\u00e1. Z\u016fst\u00e1v\u00e1 p\u0159esv\u011bd\u010den\u00ed, \u017ee v\u017edy m\u00e1 cenu se zvednout a j\u00edt za n\u011b\u010d\u00edm nov\u00fdm, i kdy\u017e v&nbsp;cest\u011b stoj\u00ed r\u016fzn\u00e9 trampoty a p\u0159ek\u00e1\u017eky. A taky v\u011bdom\u00ed, \u017ee nejcenn\u011bj\u0161\u00ed, co na tomhle sv\u011bt\u011b m\u00e1me, jsou lid\u00e9 kolem n\u00e1s.<\/p>\n<p>\u017divot nen\u00ed samoz\u0159ejmost\u00ed. Je to p\u0159\u00edle\u017eitost. D\u00edky, Martine, \u017ee i d\u00edky tob\u011b jsme to pochopili zase o n\u011bco l\u00edp.<\/p>\n","protected":false},"excerpt":{"rendered":"<p>\u017divot nen\u00ed samoz\u0159ejmost. Mil\u00e1 Heleno, mil\u00e1 Heleno, mil\u00e1 Mark\u00e9to, mil\u00ed v\u0161ichni. Martine, kamar\u00e1de.<\/p>\n","protected":false},"author":1,"featured_media":0,"comment_status":"open","ping_status":"open","sticky":false,"template":"","format":"standard","meta":{"ngg_post_thumbnail":0,"footnotes":""},"categories":[5],"tags":[],"class_list":["post-10982","post","type-post","status-publish","format-standard","hentry","category-rodina"],"_links":{"self":[{"href":"https:\/\/www.ladislavjakl.cz\/index.php?rest_route=\/wp\/v2\/posts\/10982","targetHints":{"allow":["GET"]}}],"collection":[{"href":"https:\/\/www.ladislavjakl.cz\/index.php?rest_route=\/wp\/v2\/posts"}],"about":[{"href":"https:\/\/www.ladislavjakl.cz\/index.php?rest_route=\/wp\/v2\/types\/post"}],"author":[{"embeddable":true,"href":"https:\/\/www.ladislavjakl.cz\/index.php?rest_route=\/wp\/v2\/users\/1"}],"replies":[{"embeddable":true,"href":"https:\/\/www.ladislavjakl.cz\/index.php?rest_route=%2Fwp%2Fv2%2Fcomments&post=10982"}],"version-history":[{"count":2,"href":"https:\/\/www.ladislavjakl.cz\/index.php?rest_route=\/wp\/v2\/posts\/10982\/revisions"}],"predecessor-version":[{"id":10984,"href":"https:\/\/www.ladislavjakl.cz\/index.php?rest_route=\/wp\/v2\/posts\/10982\/revisions\/10984"}],"wp:attachment":[{"href":"https:\/\/www.ladislavjakl.cz\/index.php?rest_route=%2Fwp%2Fv2%2Fmedia&parent=10982"}],"wp:term":[{"taxonomy":"category","embeddable":true,"href":"https:\/\/www.ladislavjakl.cz\/index.php?rest_route=%2Fwp%2Fv2%2Fcategories&post=10982"},{"taxonomy":"post_tag","embeddable":true,"href":"https:\/\/www.ladislavjakl.cz\/index.php?rest_route=%2Fwp%2Fv2%2Ftags&post=10982"}],"curies":[{"name":"wp","href":"https:\/\/api.w.org\/{rel}","templated":true}]}}