{"id":11025,"date":"2020-07-01T16:11:11","date_gmt":"2020-07-01T14:11:11","guid":{"rendered":"http:\/\/www.ladislavjakl.cz\/?p=11025"},"modified":"2020-07-01T16:11:11","modified_gmt":"2020-07-01T14:11:11","slug":"jak-to-chodilo-v-ct-radni-kryli-vedeni-odhaluje-jakl-penize-a-nezavislost-zcela-bez-obalu","status":"publish","type":"post","link":"https:\/\/www.ladislavjakl.cz\/?p=11025","title":{"rendered":"Jak to chodilo v \u010cT? Radn\u00ed kryli veden\u00ed, odhaluje Jakl. Pen\u00edze a \u201enez\u00e1vislost\u201c? Zcela bez obalu"},"content":{"rendered":"<p><strong>&nbsp;Rada \u010cT d\u0159\u00edv veden\u00ed televize kamar\u00e1dsky kryla, m\u00edsto aby ji kontrolovala. Parlamentn\u00edmList\u016fm.cz to \u0159ekl \u010dlen Rady pro rozhlasov\u00e9 a televizn\u00ed vys\u00edl\u00e1n\u00ed, dlouholet\u00fd spolupracovn\u00edk prezidenta Klause a publicista Ladislav Jakl. \u010cT podle n\u011bho nikdy nem\u016f\u017ee b\u00fdt nez\u00e1visl\u00e1 a vysv\u011btluje pro\u010d.<\/strong><\/p>\n<p><!--more--><\/p>\n<p><strong>S jak\u00fdmi pocity sledujete d\u011bn\u00ed kolem \u010cesk\u00e9 televize v posledn\u00ed dob\u011b? Nejd\u0159\u00edve to byl boj o obsazen\u00ed uvoln\u011bn\u00fdch post\u016f v Rad\u011b \u010cT, te\u010f se mluv\u00ed o podob\u011b n\u011bkter\u00fdch po\u0159ad\u016f\u2026<\/strong><\/p>\n<p>Je dob\u0159e, \u017ee se o t\u00e9to instituci mluv\u00ed. Skoro t\u0159icet let v&nbsp;jej\u00ed rad\u011b zasedali lid\u00e9, kte\u0159\u00ed se kamar\u00e1dili s&nbsp;managementem a kryli ho, m\u00edsto aby ho kontrolovali. Nyn\u00ed se ve\u0159ejnost kone\u010dn\u011b za\u010d\u00edn\u00e1 zaj\u00edmat o to, co se za jej\u00ed pen\u00edze na Kav\u010d\u00edch hor\u00e1ch trop\u00ed.<\/p>\n<p><strong>Je spr\u00e1vn\u00e9, aby politici, koment\u00e1to\u0159i \u010di radn\u00ed \u010cT v\u016fbec diskusi ohledn\u011b obsahu a programu ve\u0159ejnopr\u00e1vn\u00ed televize vedli? Nen\u00ed u\u017e toto zasahov\u00e1n\u00ed do jej\u00ed nez\u00e1vislosti?<\/strong><\/p>\n<section class=\"section-brown section-inarticle poll\">\n<div class=\"well well-rounded\">\n<div>Pojem&nbsp; \u201enez\u00e1vislost\u201c je nesmysln\u00fd. Vys\u00edl\u00e1n\u00ed \u010cesk\u00e9 televize nikdy nem\u016f\u017ee b\u00fdt nez\u00e1visl\u00e9, to bychom ji museli celou darovat jej\u00edm zam\u011bstnanc\u016fm. Od \u010deho m\u00e1me politiky? Aby se starali o ve\u0159ejn\u00e9 instituce. St\u00e1t \u010ceskou televizi z\u0159\u00eddil z\u00e1konem, st\u00e1t j\u00ed v\u011bnoval majetek, kmito\u010dty, za\u0159\u00eddil financov\u00e1n\u00ed z&nbsp;ve\u0159ejn\u00fdch zdroj\u016f a ulo\u017eil j\u00ed \u00fakoly. Pro\u010d by se zrovna o tuto ve\u0159ejnou instituci nem\u011bl zaj\u00edmat? Jestli se n\u011bkdo boj\u00ed ve\u0159ejn\u00e9 diskuse, tak nem\u00e1 \u010dist\u00e9 sv\u011bdom\u00ed.&nbsp;<\/div>\n<\/div>\n<\/section>\n<p><strong>Po \u010dase ve\u0159ejn\u011b vystoupil V\u00e1clav Moravec a v r\u00e1mci skoro hodinu a p\u016fl dlouh\u00e9ho rozhovoru pro podcast Den\u00edku N kritizoval mnoh\u00e9 politiky i dal\u0161\u00ed lidi. O exprezidentu Klausovi \u0159ekl, \u017ee \u201ek\u0148oural\u201c, pustil se do n\u011bkter\u00fdch poslanc\u016f i moder\u00e1tor\u016f. Nenahr\u00e1v\u00e1 pan Moravec dal\u0161\u00ed vyost\u0159en\u00e9 kritice v\u016f\u010di sob\u011b? Anebo naopak, a je spr\u00e1vn\u011b, \u017ee neml\u010d\u00ed a za\u010dal televizi coby jej\u00ed v\u00fdznamn\u00e1 tv\u00e1\u0159 br\u00e1nit?<\/strong><\/p>\n<p>Tento pan moder\u00e1tor m\u00e1 na sv\u00e9 n\u00e1zory pr\u00e1vo. Jen by \u010dlov\u011bk s&nbsp;takto konkr\u00e9tn\u00edmi politick\u00fdmi postoji, kdy n\u011bkomu zjevn\u011b fand\u00ed a jin\u00e9ho zjevn\u011b odm\u00edt\u00e1, nem\u011bl m\u00edt faktick\u00fd monopol na n\u00e1zorov\u00fd po\u0159ad.<\/p>\n<div id=\"carodaOutstream16972Container\" class=\"carodaContainer\">\n<div id=\"carodaTeadsContainer734411915\" class=\"carodaOutstream fs-caroda-container-637564 fs-caroda-container-877900 loaded\"><strong>V\u00e1clav Moravec se ost\u0159e pustil do \u010dlena Rady Xavera Vesel\u00e9ho, de facto zpochybnil jeho moder\u00e1torsk\u00e9 schopnosti a do \u010cesk\u00e9ho rozhlasu se pr\u00fd dostal jen d\u00edky mocn\u00fdm zn\u00e1m\u00fdm a rozhovor\u016fm s prezidentem. Xaver je podle n\u011bho \u201epr\u016fm\u011brn\u00fd a zapad\u00e1 do spole\u010dnosti buran\u016f\u201c. Jak na tento spor nahl\u00ed\u017eet?&nbsp;<\/strong><\/div>\n<\/div>\n<p>Kontrolovan\u00fd se vztek\u00e1 na toho, kdo jej chce opr\u00e1vn\u011bn\u011b kontrolovat.<\/p>\n<p><strong>Lze p\u0159i obran\u011b nez\u00e1vislosti \u010cesk\u00e9 televize s\u00e1hnout i k takto hrub\u0161\u00edm v\u00fdraz\u016fm? Lid\u00e9, kte\u0159\u00ed podle sv\u00fdch slov televizi h\u00e1j\u00ed p\u0159ed jej\u00edmi \u201evrahy\u201c, \u010dasto paradoxn\u011b \u00fato\u010d\u00ed na jin\u00e9 za to, jak se o \u010cT vyjad\u0159uj\u00ed\u2026<\/strong><\/p>\n<p>Osobn\u00ed t\u00f3n debat\u011b o \u010cesk\u00e9 televizi \u0161kod\u00ed. Zakr\u00fdv\u00e1 to podstatu probl\u00e9mu: tato televize je politick\u00fdm hr\u00e1\u010dem m\u00edsto toho, aby politick\u00e9 d\u011bn\u00ed pozorovala.&nbsp;<\/p>\n<p><strong>Co se t\u00fd\u010de Ot\u00e1zek V\u00e1clava Moravce, tam se od po\u010d\u00e1tku debata ze strany kritik\u016f vede sm\u011brem, \u017ee po\u0159ad tu je u\u017e p\u0159\u00edli\u0161 dlouho, kles\u00e1 sledovanost, je za zenitem a m\u011bla by se \u0159e\u0161it n\u011bjak\u00e1 inovace. Moravec naopak kontruje t\u00edm, \u017ee opak je pravdou, proto\u017ee t\u0159eba v BBC \u010d\u00edm je moder\u00e1tor star\u0161\u00ed, t\u00edm je zku\u0161en\u011bj\u0161\u00ed, moud\u0159ej\u0161\u00ed a po\u0159ad m\u00e1 vy\u0161\u0161\u00ed v\u00e1hu. Co mysl\u00edte?<\/strong><\/p>\n<p>N\u011bkdo je s&nbsp;vy\u0161\u0161\u00edm v\u011bkem moud\u0159ej\u0161\u00ed, jin\u00fd zase s&nbsp;v\u011bkem blbne. V\u011bk s\u00e1m o sob\u011b nen\u00ed z\u00e1rukou ni\u010deho.<\/p>\n<section class=\"related-articles-wrap\">\n<div class=\"related-articles-box with-commercial\">\n<div class=\"related-article\"><strong>Pokud byste m\u011bl po\u0159ad OVM zhodnotit, jak si ve va\u0161ich o\u010d\u00edch stoj\u00ed? Sledujete ho? P\u0159\u00edpadn\u011b pokud jste ho sledoval v minulosti a nyn\u00ed u\u017e ne, jak\u00fd byl d\u016fvod?<\/strong><\/div>\n<\/div>\n<\/section>\n<p>N\u011bkolik let ho u\u017e nesleduju. Leda ze z\u00e1znamu kv\u016fli n\u011bjak\u00e9 st\u00ed\u017enosti. Byl st\u00e1le nudn\u011bj\u0161\u00ed a utahan\u011bj\u0161\u00ed. A m\u00edsto toho, aby sledoval re\u00e1lnou spole\u010denskou agendu, s\u00e1m ji zkou\u0161el vytv\u00e1\u0159et. A j\u00e1 nepot\u0159ebuju, aby mi n\u011bkdo z&nbsp;televize \u0159\u00edkal, co si m\u00e1m myslet.<\/p>\n<p><strong>\u010cT si nechala zpracovat pr\u016fzkum, podle n\u011bho\u017e 80 procent lid\u00ed podporuje existenci koncesion\u00e1\u0159sk\u00fdch poplatk\u016f. Bylo to vykl\u00e1d\u00e1no i jako d\u016fkaz, \u017ee v p\u0159\u00edpad\u011b krize, jako t\u0159eba odvol\u00e1n\u00ed gener\u00e1ln\u00edho \u0159editele radou, by se koncesion\u00e1\u0159i za \u010cT postavili. Jak vn\u00edm\u00e1te v\u00fdsledky onoho pr\u016fzkumu?<\/strong><\/p>\n<p>To je skv\u011bl\u00e1 zpr\u00e1va. Tak\u017ee m\u016f\u017ee b\u00fdt okam\u017eit\u011b zru\u0161ena povinnost platit televizn\u00ed poplatky a \u010ceskou televizi budou dobrovoln\u011b financovat ti, kdo jsou z&nbsp;jej\u00edho vys\u00edl\u00e1n\u00ed tak nad\u0161eni. Jestli je jich tolik a pr\u016fzkum nen\u00ed zfal\u0161ovan\u00fd, nemaj\u00ed se na Kav\u010d\u00edch hor\u00e1ch \u010deho b\u00e1t.<\/p>\n<section class=\"section-brown section-inarticle poll\">\n<div class=\"well well-rounded\">\n<div class=\"row\">\n<div class=\"col-md-2\"><strong>T\u00e9ma koncesion\u00e1\u0159sk\u00fdch poplatk\u016f je debatov\u00e1no cel\u00e9 roky. P\u0159ed t\u00fddnem vystoupil \u0161\u00e9f \u010cT Petr Dvo\u0159\u00e1k, podle n\u011bho\u017e je nutn\u00e9 poplatky zvednout, jinak hroz\u00ed, \u017ee televize bude muset omezit v\u00fdrobu, propou\u0161t\u011bt apod. M\u011bly by se nav\u00fd\u0161it?<\/strong><\/div>\n<\/div>\n<\/div>\n<\/section>\n<p>Pod\u00edvejte se na dne\u0161n\u00ed program \u010cT bod po bodu. Nebo v\u010derej\u0161\u00ed. A u ka\u017ed\u00e9ho po\u0159adu se zeptejte, jestli je kv\u016fli n\u011bmu nutn\u00e9 tla\u010dit poplatn\u00edky, aby jeho vys\u00edl\u00e1n\u00ed povinn\u011b financovali, nebo jestli by je zadarmo nemohla vys\u00edlat jak\u00e1koli jin\u00e1 televize. Moc v\u00e1m toho nezbude.<\/p>\n<p><strong>Nen\u00ed to tak, \u017ee pokud nebudou nav\u00fd\u0161eny poplatky, nebude moct televize fungovat naplno a bude na ni sm\u011b\u0159ovat kritika, \u017ee ned\u011bl\u00e1 svou pr\u00e1ci dob\u0159e? Takov\u00fd za\u010darovan\u00fd kruh\u2026&nbsp;<\/strong><\/p>\n<p>Ale v\u016fbec ne. \u010cesk\u00e1 televize d\u011bl\u00e1 tis\u00edce v\u011bc\u00ed, kter\u00e9 d\u011blat nemus\u00ed. Tak by je mohla p\u0159estat d\u011blat a v\u011bnovat se sv\u00e9 pr\u00e1ci. T\u00e9, kterou by pr\u00fd nemohl vys\u00edlat nikdo jin\u00fd.<\/p>\n<p><strong>Jak vid\u00edte spory kolem Rady \u010cT, kdy z jedn\u00e9 strany byli navoleni nov\u00ed radn\u00ed, co\u017e vyvolalo a\u017e bou\u0159livou kritiku, na druh\u00e9 stran\u011b pak snaha odvolat radn\u00edho \u0160arapatku, co\u017e se zat\u00edm nepovedlo. Lze z t\u011bchto v\u00e1lek je\u0161t\u011b vyj\u00edt s n\u011bjak\u00fdm rozumn\u00fdm v\u00fdchodiskem?<\/strong><\/p>\n<p>J\u00e1 do st\u0159ev t\u00e9 rady \u00fapln\u011b nevid\u00edm. Ale v\u00edm, \u017ee ke ka\u017ed\u00e9mu rozhodnut\u00ed pot\u0159ebujete v\u011bt\u0161inu hlas\u016f. Bez rozumn\u00e9 spolupr\u00e1ce a rozumn\u00e9 diskuse rada nerozhodne nic a sama sebe zcela zablokuje.<\/p>\n<p><a href=\"https:\/\/www.parlamentnilisty.cz\/arena\/rozhovory\/Jak-to-chodilo-v-CT-Radni-kryli-vedeni-odhaluje-Jakl-Penize-a-nezavislost-Zcela-bez-obalu-628916\">Zdroj<\/a><\/p>\n","protected":false},"excerpt":{"rendered":"<p>&nbsp;Rada \u010cT d\u0159\u00edv veden\u00ed televize kamar\u00e1dsky kryla, m\u00edsto aby ji kontrolovala. Parlamentn\u00edmList\u016fm.cz to \u0159ekl \u010dlen Rady pro rozhlasov\u00e9 a televizn\u00ed vys\u00edl\u00e1n\u00ed, dlouholet\u00fd spolupracovn\u00edk prezidenta Klause a publicista Ladislav Jakl. \u010cT podle n\u011bho nikdy nem\u016f\u017ee b\u00fdt nez\u00e1visl\u00e1 a vysv\u011btluje pro\u010d.<\/p>\n","protected":false},"author":1,"featured_media":0,"comment_status":"open","ping_status":"open","sticky":false,"template":"","format":"standard","meta":{"ngg_post_thumbnail":0,"footnotes":""},"categories":[13],"tags":[],"class_list":["post-11025","post","type-post","status-publish","format-standard","hentry","category-rozhovory"],"_links":{"self":[{"href":"https:\/\/www.ladislavjakl.cz\/index.php?rest_route=\/wp\/v2\/posts\/11025","targetHints":{"allow":["GET"]}}],"collection":[{"href":"https:\/\/www.ladislavjakl.cz\/index.php?rest_route=\/wp\/v2\/posts"}],"about":[{"href":"https:\/\/www.ladislavjakl.cz\/index.php?rest_route=\/wp\/v2\/types\/post"}],"author":[{"embeddable":true,"href":"https:\/\/www.ladislavjakl.cz\/index.php?rest_route=\/wp\/v2\/users\/1"}],"replies":[{"embeddable":true,"href":"https:\/\/www.ladislavjakl.cz\/index.php?rest_route=%2Fwp%2Fv2%2Fcomments&post=11025"}],"version-history":[{"count":1,"href":"https:\/\/www.ladislavjakl.cz\/index.php?rest_route=\/wp\/v2\/posts\/11025\/revisions"}],"predecessor-version":[{"id":11026,"href":"https:\/\/www.ladislavjakl.cz\/index.php?rest_route=\/wp\/v2\/posts\/11025\/revisions\/11026"}],"wp:attachment":[{"href":"https:\/\/www.ladislavjakl.cz\/index.php?rest_route=%2Fwp%2Fv2%2Fmedia&parent=11025"}],"wp:term":[{"taxonomy":"category","embeddable":true,"href":"https:\/\/www.ladislavjakl.cz\/index.php?rest_route=%2Fwp%2Fv2%2Fcategories&post=11025"},{"taxonomy":"post_tag","embeddable":true,"href":"https:\/\/www.ladislavjakl.cz\/index.php?rest_route=%2Fwp%2Fv2%2Ftags&post=11025"}],"curies":[{"name":"wp","href":"https:\/\/api.w.org\/{rel}","templated":true}]}}