{"id":11036,"date":"2020-07-13T12:13:18","date_gmt":"2020-07-13T10:13:18","guid":{"rendered":"http:\/\/www.ladislavjakl.cz\/?p=11036"},"modified":"2020-07-13T12:13:18","modified_gmt":"2020-07-13T10:13:18","slug":"squatting-je-cistokrevna-kradez-nesahejme-na-cizi-majetek-rekl-ladislav-jakl","status":"publish","type":"post","link":"https:\/\/www.ladislavjakl.cz\/?p=11036","title":{"rendered":"Squatting je \u010distokrevn\u00e1 kr\u00e1de\u017e, nesahejme na ciz\u00ed majetek, \u0159ekl Ladislav Jakl"},"content":{"rendered":"<p class=\"lead\">Squatting a opu\u0161t\u011bn\u00e9 domy, to bylo t\u00e9ma debaty pro dlouhodob\u00e9ho odp\u016frce t\u00e9to aktivity Ladislava Jakla a Jana Trnky v po\u0159adu Siln\u00fd hlas Mark\u00e9ty Fialov\u00e9. P\u0159ipome\u0148me, \u017ee Ladislav Jakl je b\u00fdval\u00fd tajemn\u00edk prezidenta republiky a nyn\u00ed \u0159editel Centra spole\u010densk\u00fdch studi\u00ed Institutu V\u00e1clava Klause. Jan Trnka je \u010desk\u00fd l\u00e9ka\u0159, vysoko\u0161kolsk\u00fd pedagog a n\u011bkdej\u0161\u00ed \u010dlen squattu Klinika.<\/p>\n<p><!--more--><\/p>\n<p>Squatting je obsazov\u00e1n\u00ed opu\u0161t\u011bn\u00fdch nebo neob\u00fdvan\u00fdch pozemk\u016f \u010di budov, kter\u00e9 squatter nevlastn\u00ed, nem\u00e1 v n\u00e1jmu nebo nem\u00e1 z\u00e1konn\u00e9 povolen\u00ed k u\u017e\u00edv\u00e1n\u00ed. Obsazen\u00fd objekt b\u00fdv\u00e1 zpravidla vyu\u017eit pro kulturn\u00ed a spole\u010densk\u00e9 aktivity \u010dasto spojen\u00e9 s politick\u00fdm protestem.<\/p>\n<p>\u201eJak se asi d\u00edv\u00e1 n\u011bkdo na moje auto, kter\u00e9 parkuje a nevypad\u00e1 moc udr\u017eovan\u011b? Taky by si mohl \u0159\u00edct, \u017ee s&nbsp;n\u00edm skoro nejezd\u00edm, tak se mi tam vloupou a budou s&nbsp;n\u00edm jezdit oni. \u010clov\u011bku se m\u016f\u017eou nel\u00edbit r\u016fzn\u00e9 v\u011bci, ale aby je \u0159e\u0161il zp\u016fsobem, kter\u00fd napad\u00e1 jednu z&nbsp;nejposv\u00e1tn\u011bj\u0161\u00edch v\u011bc\u00ed, kterou lidstvo vynalezlo \u2013\u2060 a to je vlastnictv\u00ed \u2013\u2060 tak to je cesta ke komunismu, co\u017e je mnohem v\u011bt\u0161\u00ed zlo ne\u017e opadan\u00e1 om\u00edtka,\u201c \u0159ekl dlouhodob\u00fd odp\u016frce squattingu Ladislav Jakl.<\/p>\n<p>\u201eVad\u00ed mi spousty v\u011bc\u00ed, ale nechov\u00e1m se ani dikt\u00e1torsky, ani uzurp\u00e1torsky, abych to, co se mi nel\u00edb\u00ed, \u0159e\u0161il bu\u010f poru\u0161en\u00edm z\u00e1kona, nebo omezen\u00edm svobody druh\u00e9ho,\u201c dodal.<\/p>\n<p><strong>Domy by se m\u011bly vyu\u017e\u00edvat k&nbsp;n\u011bjak\u00e9mu prosp\u011bchu<\/strong><\/p>\n<p>N\u011bkdej\u0161\u00ed \u010dlen Kliniky Jan Trnka si ale mysl\u00ed, \u017ee kdy\u017e nemovitost nevyu\u017e\u00edv\u00e1 vlastn\u00edk, m\u011bli by ji m\u00edt mo\u017enost vyu\u017e\u00edt ostatn\u00ed. \u201e\u0158ekl bych, \u017ee to je \u0161koda. Nemovitost, a\u0165 u\u017e je jak\u00e1koliv, by mohli lid\u00e9 vyu\u017e\u00edvat stejn\u011b jako vlastn\u00edk nebo kdokoliv dal\u0161\u00ed. Ale nemysl\u00edm si, \u017ee d\u016fm je n\u011bjak\u00e9 zbo\u017e\u00ed jako cokoliv jin\u00e9ho, proto\u017ee d\u016fm m\u016f\u017ee poskytovat bydlen\u00ed \u2013\u2060 a to je z\u00e1kladn\u00ed lidsk\u00e1 pot\u0159eba,\u201c uvedl s&nbsp;t\u00edm, \u017ee u z\u00e1kladn\u00edch lidsk\u00fdch pot\u0159eb trh selh\u00e1v\u00e1.<\/p>\n<p>Podle n\u011bj nejde o to kr\u00e1st majetek, jak n\u011bkte\u0159\u00ed lid\u00e9 \u0159\u00edkaj\u00ed, ale vyu\u017e\u00edt ho. \u201ePokud ho majitel nechce vyu\u017e\u00edvat, tak si mysl\u00edm, \u017ee by mu m\u011bla cel\u00e1 spole\u010dnost pomoct jej vyu\u017e\u00edt k&nbsp;n\u011bjak\u00e9mu prosp\u011bchu. A to p\u0159edev\u0161\u00edm, kdy\u017e dan\u00e1 nemovitost nen\u00ed u\u017e\u00edvan\u00e1 v&nbsp;situaci, kdy jsou v&nbsp;\u010cesk\u00e9 republice desetitis\u00edce lid\u00ed bez domova, kte\u0159\u00ed v&nbsp;zim\u011b um\u00edraj\u00ed,\u201c pospal Trnka a doplnil, \u017ee pro n\u011bj nen\u00ed d\u016fle\u017eit\u00e9, kdo je vlastn\u00edkem nemovitosti.<\/p>\n<p><b>Nen\u00ed to o tom, kdo m\u00e1 kl\u00ed\u010d<\/b><\/p>\n<p>Jaklovi se ale tento p\u0159\u00edstup nel\u00edb\u00ed pr\u00e1v\u011b kv\u016fli tomu, \u017ee nemovitost pat\u0159\u00ed n\u011bkomu jin\u00e9mu. \u201eJde o to, \u017ee n\u011bkdo okupuje ciz\u00ed majetek a v&nbsp;podstat\u011b ho nez\u00e1konn\u011b prohl\u00e1s\u00ed za svoje \u00fazem\u00ed, \u010dasto od n\u011bj m\u00e1 i kl\u00ed\u010d a rozhoduje o tom, kdo tam sm\u00ed nebo nesm\u00ed vstoupit. To je \u010distokrevn\u00e1 kr\u00e1de\u017e,\u201c byl p\u0159esv\u011bd\u010den \u0159editel Centra spole\u010densk\u00fdch studi\u00ed Institutu V\u00e1clava Klause a nar\u00e1\u017eel tak na autonomn\u00ed soci\u00e1ln\u00ed centrum Klinika, kter\u00e9 bylo do ledna lo\u0148sk\u00e9ho roku obsazen\u00e9 squattery. Lid\u00e9 ob\u00fdvaj\u00edc\u00ed Kliniku podle n\u011bj m\u011bli od nemovitosti i kl\u00ed\u010d.<\/p>\n<p>Podle Trnky to ale nen\u00ed o tom, kdo m\u00e1 kl\u00ed\u010d. \u201eJde o to, \u017ee ten d\u016fm, pokud se bav\u00edme konkr\u00e9tn\u011b o Klinice, nebyl dlouh\u00e9 roky vyu\u017e\u00edv\u00e1n, ch\u00e1tral a nikdo s&nbsp;n\u00edm nem\u011bl \u017e\u00e1dn\u00e9 pl\u00e1ny. Tak\u017ee pokud m\u00e1me pr\u00e1zdn\u00fd d\u016fm, kter\u00fd je vyu\u017eiteln\u00fd nap\u0159\u00edklad pro lidi, kte\u0159\u00ed sp\u00ed na ulici a jsou ohro\u017eeni t\u00edm, \u017ee um\u0159ou nebo je n\u011bkdo okrade, tak si mysl\u00edm, \u017ee takov\u00e9 vyu\u017eit\u00ed je lep\u0161\u00ed ne\u017e m\u00edt pr\u00e1zdn\u00fd d\u016fm,\u201c uvedl Trnka a sna\u017eil se vysv\u011btlit, pro\u010d se d\u016fm zamykal.<\/p>\n<p>\u201eBydleli tam n\u011bkte\u0159\u00ed lid\u00e9 bez domova kr\u00e1tkodob\u011b a je celkem logick\u00e9, \u017ee si sv\u00e9 v\u011bci museli zamknout. Nen\u00ed mo\u017en\u00e9, aby tam kdykoliv p\u0159i\u0161el kdokoliv a sebral jim v\u011bci, proto\u017ee potom by u\u017e nebyl zas tak velk\u00fd rozd\u00edl v&nbsp;tom, jestli budou bydlet na ulici, nebo ne,\u201c vysv\u011btlil Trnka.<\/p>\n<p><b>\u0158e\u0161me vlastn\u00edmi silami to, co m\u016f\u017eeme<\/b><\/p>\n<p>Podle n\u011bj v&nbsp;tomto ohledu pokulh\u00e1v\u00e1 p\u0159edev\u0161\u00edm legislativa. \u201eCht\u011bl bych to d\u00e1t do kontextu asi t\u00e9 nejpal\u010div\u011bj\u0161\u00ed krizi, kter\u00e1 te\u010f je, tou je krize bydlen\u00ed. Vid\u00edme nejen v&nbsp;Praze, ale i v&nbsp;jin\u00fdch m\u011bstech, \u017ee bydlen\u00ed nen\u00ed dostupn\u00e9, a to nemluv\u00edm jen o lidech bez domova, kte\u0159\u00ed nemaj\u00ed t\u0159eba pr\u00e1ci nebo jsou v&nbsp;t\u011b\u017ek\u00e9 soci\u00e1ln\u00ed situaci, ale i o b\u011b\u017en\u011b zam\u011bstnan\u00fdch lidech. Z\u00e1rove\u0148 jsou des\u00edtky tis\u00edc pr\u00e1zdn\u00fdch byt\u016f jenom v&nbsp;Praze. Pro majitele je n\u011bjak\u00fdm zp\u016fsobem v\u00fdhodn\u011bj\u0161\u00ed nechat byt zam\u010den\u00fd, nepou\u0161t\u011bt tam nikoho a zav\u0159\u00edt o\u010di nad t\u00edm, \u017ee spoustu lid\u00ed bydl\u00ed v&nbsp;ubytovn\u00e1ch nebo na ulici,\u201c nel\u00edbilo se Trnkovi.<\/p>\n<p>\u201eKdyby byla legislativa dob\u0159e nastaven\u00e1, na jednu stranu nem\u00e1me lidi bez domova a na druhou stranu nem\u00e1me pr\u00e1zdn\u00e9 byty,\u201c dodal.<\/p>\n<p>V&nbsp;ot\u00e1zce squatterstv\u00ed se ale s&nbsp;Jaklem neshodli. \u201eNecht\u011bl bych \u0159e\u0161it jak\u00fdkoliv probl\u00e9m t\u00edm, \u017ee omez\u00edm n\u011b\u010d\u00ed vlastnictv\u00ed. Je to zahr\u00e1v\u00e1n\u00ed si s&nbsp;n\u011b\u010d\u00edm nebezpe\u010dn\u00fdm, m\u00e1 to dalekos\u00e1hl\u00e9 d\u016fsledky, povede to k&nbsp;dezintegraci spole\u010dnosti i ohro\u017een\u00ed jej\u00edch z\u00e1klad\u016f. Nehrajme si s&nbsp;n\u011b\u010d\u00edm takov\u00fdm. A to, \u017ee n\u011bkde jsou pr\u00e1zdn\u00e9 domy, je smutn\u00e1 v\u011bc, ale \u017eijeme v&nbsp;mnohamilionov\u00e9 spole\u010dnosti, kdy se n\u00e1s dot\u00fdkaj\u00ed smutn\u00e9 v\u011bci. \u0158e\u0161me vlastn\u00edmi silami, co m\u016f\u017eeme, pom\u00e1hejme, komu um\u00edme, ale nesahejme na jeho majetek,\u201c st\u00e1l si za sv\u00fdm Jakl.<\/p>\n<p><a href=\"https:\/\/cnn.iprima.cz\/squatting-je-cistokrevna-kradez-nesahejme-na-cizi-majetek-rekl-ladislav-jakl-5348\">Zdroj<\/a><\/p>\n","protected":false},"excerpt":{"rendered":"<p>Squatting a opu\u0161t\u011bn\u00e9 domy, to bylo t\u00e9ma debaty pro dlouhodob\u00e9ho odp\u016frce t\u00e9to aktivity Ladislava Jakla a Jana Trnky v po\u0159adu Siln\u00fd hlas Mark\u00e9ty Fialov\u00e9. P\u0159ipome\u0148me, \u017ee Ladislav Jakl je b\u00fdval\u00fd tajemn\u00edk prezidenta republiky a nyn\u00ed \u0159editel Centra spole\u010densk\u00fdch studi\u00ed Institutu V\u00e1clava Klause. Jan Trnka je \u010desk\u00fd l\u00e9ka\u0159, vysoko\u0161kolsk\u00fd pedagog a n\u011bkdej\u0161\u00ed \u010dlen squattu Klinika.<\/p>\n","protected":false},"author":1,"featured_media":0,"comment_status":"open","ping_status":"open","sticky":false,"template":"","format":"standard","meta":{"ngg_post_thumbnail":0,"footnotes":""},"categories":[11],"tags":[],"class_list":["post-11036","post","type-post","status-publish","format-standard","hentry","category-ozvena"],"_links":{"self":[{"href":"https:\/\/www.ladislavjakl.cz\/index.php?rest_route=\/wp\/v2\/posts\/11036","targetHints":{"allow":["GET"]}}],"collection":[{"href":"https:\/\/www.ladislavjakl.cz\/index.php?rest_route=\/wp\/v2\/posts"}],"about":[{"href":"https:\/\/www.ladislavjakl.cz\/index.php?rest_route=\/wp\/v2\/types\/post"}],"author":[{"embeddable":true,"href":"https:\/\/www.ladislavjakl.cz\/index.php?rest_route=\/wp\/v2\/users\/1"}],"replies":[{"embeddable":true,"href":"https:\/\/www.ladislavjakl.cz\/index.php?rest_route=%2Fwp%2Fv2%2Fcomments&post=11036"}],"version-history":[{"count":1,"href":"https:\/\/www.ladislavjakl.cz\/index.php?rest_route=\/wp\/v2\/posts\/11036\/revisions"}],"predecessor-version":[{"id":11037,"href":"https:\/\/www.ladislavjakl.cz\/index.php?rest_route=\/wp\/v2\/posts\/11036\/revisions\/11037"}],"wp:attachment":[{"href":"https:\/\/www.ladislavjakl.cz\/index.php?rest_route=%2Fwp%2Fv2%2Fmedia&parent=11036"}],"wp:term":[{"taxonomy":"category","embeddable":true,"href":"https:\/\/www.ladislavjakl.cz\/index.php?rest_route=%2Fwp%2Fv2%2Fcategories&post=11036"},{"taxonomy":"post_tag","embeddable":true,"href":"https:\/\/www.ladislavjakl.cz\/index.php?rest_route=%2Fwp%2Fv2%2Ftags&post=11036"}],"curies":[{"name":"wp","href":"https:\/\/api.w.org\/{rel}","templated":true}]}}