{"id":11038,"date":"2020-07-13T12:18:04","date_gmt":"2020-07-13T10:18:04","guid":{"rendered":"http:\/\/www.ladislavjakl.cz\/?p=11038"},"modified":"2020-07-13T12:18:04","modified_gmt":"2020-07-13T10:18:04","slug":"jak-se-znovu-konstruuje-nas-stat","status":"publish","type":"post","link":"https:\/\/www.ladislavjakl.cz\/?p=11038","title":{"rendered":"Jak se znovu konstruuje n\u00e1\u0161 st\u00e1t"},"content":{"rendered":"<p><strong>Subject:<\/strong> omluva za chybu v re\u0161er\u0161i<\/p>\n<p>V\u00e1\u017een\u00fd pane Jakle,<\/p>\n<p>p\u0159ed zased\u00e1n\u00edm volebn\u00edho v\u00fdboru PSP \u010cR, konkr\u00e9tn\u011b 8. \u010dervna t.r. jsme za Rekonstrukci st\u00e1tu publikovali re\u0161er\u0161i v\u00fdrok\u016f medi\u00e1ln\u00edch radn\u00edch jako podklad pro rozhodov\u00e1n\u00ed \u010dlen\u016f v\u00fdboru o odvol\u00e1n\u00ed radn\u00edho Zde\u0148ka \u0160arapatky.&nbsp;<\/p>\n<p><!--more--><\/p>\n<p>Do t\u00e9to re\u0161er\u0161e jsem zahrnul vedle patn\u00e1cti dal\u0161\u00edch i <a href=\"https:\/\/twitter.com\/jakl_ladislav\/status\/1248511328605667328\">v\u00fdrok z twitterov\u00e9ho \u00fa\u010dtu<\/a> \u201cLadislav Jakl\u201d: <em>\u201eTak izraelsk\u00fd ministr zdravotnictv\u00ed \u0161el proti mainstreamu a nekorektn\u011b \u0159ekl, \u017ee COVID-19 je Bo\u017e\u00ed trest za homosexualitu. Pak s\u00e1m onemocn\u011bl. 1) Ne\u0159ekl to. 2) I kdy\u017e to ne\u0159ekl, tak s n\u00edm souhlas\u00edm.\u201c<\/em> \u00da\u010delem re\u0161er\u0161e bylo uk\u00e1zat p\u0159\u00edklady toho, kdy by mohlo doj\u00edt k naru\u0161en\u00ed d\u016fstojnosti funkce radn\u00edho, proto jsem p\u0159ipojil i koment\u00e1\u0159: <em>\u201cPodn\u011bcov\u00e1n\u00ed k nen\u00e1visti v\u016f\u010di skupin\u011b osob na z\u00e1klad\u011b sexu\u00e1ln\u00ed orientace\u201d<\/em>.<\/p>\n<p>Z Va\u0161eho vyj\u00e1d\u0159en\u00ed (<a href=\"https:\/\/www.ladislavjakl.cz\/?p=11017#more-11017\">na blogu<\/a>) vypl\u00fdv\u00e1, \u017ee twitterov\u00fd \u00fa\u010det nem\u00e1te, a tedy nejste autorem zm\u00edn\u011bn\u00e9ho v\u00fdroku. Za jeho za\u0159azen\u00ed do re\u0161er\u0161e se V\u00e1m proto&nbsp; omlouv\u00e1m. Nechal jsem se prost\u011b nap\u00e1lit fale\u0161n\u00fdm \u00fa\u010dtem.<\/p>\n<p>Z na\u0161ich podklad\u016f \u010derpal pro sv\u016fj <a href=\"https:\/\/hlidacipes.org\/ondrej-neumann-rozkaz-zni-jasne-dobyt-kavci-hory\/\">\u010dl\u00e1nek na hlidacipes.org<\/a> Ond\u0159ej Neumann, kter\u00fd u\u017e omluvu do \u010dl\u00e1nku doplnil.&nbsp;<\/p>\n<p>Text t\u00e9to omluvy publikujeme tak\u00e9 na webu Rekonstrukce st\u00e1tu.<\/p>\n<p>Z\u00e1rove\u0148 bych V\u00e1s, pane Jakle, r\u00e1d upozornil na to, \u017ee se za V\u00e1s vyd\u00e1v\u00e1 osoba provozuj\u00edc\u00ed v\u00fd\u0161e odkazovan\u00fd twitterov\u00fd \u00fa\u010det. Pou\u017e\u00edv\u00e1 mimo jm\u00e9na i fotku Va\u0161\u00ed osoby. Co\u017e je proti pravidl\u016fm pou\u017e\u00edv\u00e1n\u00ed s\u00edt\u011b Twitter a lze tedy doporu\u010dit, abyste o tom Twitter informoval pomoc\u00ed <a href=\"https:\/\/help.twitter.com\/en\/safety-and-security\/report-twitter-impersonation\">tohoto formul\u00e1\u0159e<\/a>.<\/p>\n<p>S pozdravem a p\u0159\u00e1n\u00edm v\u0161eho dobr\u00e9ho zejm\u00e9na ve funkci radn\u00edho pro rozhlasov\u00e9 a televizn\u00ed vys\u00edl\u00e1n\u00ed<\/p>\n<p><strong>Martin Luhan<br \/>\n<\/strong>Koordin\u00e1tor kampan\u00ed<br \/>\n<a href=\"https:\/\/www.rekonstrukcestatu.cz\/\">www.rekonstrukcestatu.cz<\/a><strong><br \/>\n<\/strong><\/p>\n<p><strong>&#8212;&#8212;&#8212;&#8212;-&nbsp;<\/strong><\/p>\n<p>Dobr\u00fd den.<\/p>\n<p>D\u011bkuji za informaci.<\/p>\n<p>Ch\u00e1pu to dob\u0159e, \u017ee pan \u0160arapatka je va\u0161\u00edm chr\u00e1n\u011bncem?<\/p>\n<p>Ch\u00e1pu to dob\u0159e, \u017ee h\u00e1j\u00edte jeho \u00falety t\u00edm, \u017ee se sna\u017e\u00edte naj\u00edt \u0161p\u00ednu na n\u00e1s ostatn\u00ed \u010dleny medi\u00e1ln\u00edch rad?<\/p>\n<p>Ch\u00e1pu to dob\u0159e, \u017ee si nalezen\u00e9 \u0161pinavosti neov\u011b\u0159ujete a rozd\u00e1v\u00e1te je rovnou poslanc\u016fm?<\/p>\n<p>Vy jste teda parta&#8230;<\/p>\n<p>L.J.&nbsp;<\/p>\n<p><strong>&#8212;&#8212;&#8212;&#8212;-<\/strong><\/p>\n<p>V\u00e1\u017een\u00fd pane Jakle,<\/p>\n<p>ne, pan \u0160arapatka nen\u00ed na\u0161\u00edm chr\u00e1n\u011bncem. Nem\u00e1me s n\u00edm \u017e\u00e1dn\u00fd osobn\u00ed vztah. Nebo je\u0161t\u011b p\u0159esn\u011bji, nem\u00e1me s n\u00edm \u017e\u00e1dn\u00fd vztah.<\/p>\n<p>\u017d\u00e1dnou \u0161p\u00ednu na \u010dleny medi\u00e1ln\u00edch rad neh\u00e1z\u00edme. Z\u00e1le\u017e\u00ed n\u00e1m na dodr\u017eov\u00e1n\u00ed z\u00e1kon\u016f, proto chceme pomoci vyjasnit v\u00fdklad pojmu \u201cnaru\u0161en\u00ed d\u016fstojnosti funkce \u010dlena Rady\u201d, kter\u00fd se v p\u0159\u00edslu\u0161n\u00fdch paragrafech vyskytuje a dosud nem\u00e1 rozvinutou aplika\u010dn\u00ed praxi. K vyjasn\u011bn\u00ed jsme cht\u011bli p\u0159isp\u011bt pr\u00e1v\u011b re\u0161er\u0161\u00ed ve\u0159ejn\u011b dostupn\u00fdch vyj\u00e1d\u0159en\u00ed radn\u00edch, kterou jsme poskytli novin\u00e1\u0159\u016fm a poslanc\u016fm volebn\u00edho v\u00fdboru.<\/p>\n<p>S pozdravem<\/p>\n<p><strong>Martin Luhan<br \/>\n<\/strong>Koordin\u00e1tor kampan\u00ed<br \/>\n<a href=\"https:\/\/www.rekonstrukcestatu.cz\/\">www.rekonstrukcestatu.cz<\/a><\/p>\n","protected":false},"excerpt":{"rendered":"<p>Subject: omluva za chybu v re\u0161er\u0161i V\u00e1\u017een\u00fd pane Jakle, p\u0159ed zased\u00e1n\u00edm volebn\u00edho v\u00fdboru PSP \u010cR, konkr\u00e9tn\u011b 8. \u010dervna t.r. jsme za Rekonstrukci st\u00e1tu publikovali re\u0161er\u0161i v\u00fdrok\u016f medi\u00e1ln\u00edch radn\u00edch jako podklad pro rozhodov\u00e1n\u00ed \u010dlen\u016f v\u00fdboru o odvol\u00e1n\u00ed radn\u00edho Zde\u0148ka \u0160arapatky.&nbsp;<\/p>\n","protected":false},"author":1,"featured_media":0,"comment_status":"open","ping_status":"open","sticky":false,"template":"","format":"standard","meta":{"ngg_post_thumbnail":0,"footnotes":""},"categories":[19],"tags":[],"class_list":["post-11038","post","type-post","status-publish","format-standard","hentry","category-jakl-leaks"],"_links":{"self":[{"href":"https:\/\/www.ladislavjakl.cz\/index.php?rest_route=\/wp\/v2\/posts\/11038","targetHints":{"allow":["GET"]}}],"collection":[{"href":"https:\/\/www.ladislavjakl.cz\/index.php?rest_route=\/wp\/v2\/posts"}],"about":[{"href":"https:\/\/www.ladislavjakl.cz\/index.php?rest_route=\/wp\/v2\/types\/post"}],"author":[{"embeddable":true,"href":"https:\/\/www.ladislavjakl.cz\/index.php?rest_route=\/wp\/v2\/users\/1"}],"replies":[{"embeddable":true,"href":"https:\/\/www.ladislavjakl.cz\/index.php?rest_route=%2Fwp%2Fv2%2Fcomments&post=11038"}],"version-history":[{"count":1,"href":"https:\/\/www.ladislavjakl.cz\/index.php?rest_route=\/wp\/v2\/posts\/11038\/revisions"}],"predecessor-version":[{"id":11039,"href":"https:\/\/www.ladislavjakl.cz\/index.php?rest_route=\/wp\/v2\/posts\/11038\/revisions\/11039"}],"wp:attachment":[{"href":"https:\/\/www.ladislavjakl.cz\/index.php?rest_route=%2Fwp%2Fv2%2Fmedia&parent=11038"}],"wp:term":[{"taxonomy":"category","embeddable":true,"href":"https:\/\/www.ladislavjakl.cz\/index.php?rest_route=%2Fwp%2Fv2%2Fcategories&post=11038"},{"taxonomy":"post_tag","embeddable":true,"href":"https:\/\/www.ladislavjakl.cz\/index.php?rest_route=%2Fwp%2Fv2%2Ftags&post=11038"}],"curies":[{"name":"wp","href":"https:\/\/api.w.org\/{rel}","templated":true}]}}