{"id":1105,"date":"2011-06-28T15:11:26","date_gmt":"2011-06-28T14:11:26","guid":{"rendered":"http:\/\/www.ladislavjakl.cz\/?p=1105"},"modified":"2011-06-28T15:11:26","modified_gmt":"2011-06-28T14:11:26","slug":"jakl-vyhlasil-valku-mlade-fronte-kvuli-mrazkovi-a-spehovani","status":"publish","type":"post","link":"https:\/\/www.ladislavjakl.cz\/?p=1105","title":{"rendered":"Jakl vyhl\u00e1sil v\u00e1lku Mlad\u00e9 front\u011b. Kv\u016fli Mr\u00e1zkovi a \u0161pehov\u00e1n\u00ed"},"content":{"rendered":"<p>S naru\u0161ov\u00e1n\u00edm soukrom\u00ed v podob\u011b nahr\u00e1vek nebo odposlech\u016f mobiln\u00edch telefon\u016f se v posledn\u00ed dob\u011b doslova roztrhl pytel.<\/p>\n<p><!--more--><\/p>\n<p align=\"justify\">Stejn\u011b jako dal\u0161\u00ed spolupracovn\u00edci prezidenta V\u00e1clava Klause byl skrz  v\u00fdpisy z mobiln\u00edho telefonu odposlouch\u00e1v\u00e1n i jeho tajemn\u00edk Ladislav  Jakl.<\/p>\n<p align=\"justify\">Kv\u016fli sv\u00e9mu odposlouch\u00e1v\u00e1n\u00ed se nakonec dostal do k\u0159\u00ed\u017eku nejen s polici\u00ed,  ale i s m\u00e9dii. Konkr\u00e9tn\u011b Mladou frontou Dnes. Ta o z\u00e1v\u011brech Inspekce  Ministerstva vnitra byla podle Jakla informov\u00e1na d\u0159\u00edve, ne\u017e on s\u00e1m.<\/p>\n<p align=\"justify\"><strong>S Mr\u00e1zkem nic nem\u011bl<\/strong><\/p>\n<p align=\"justify\">&#8222;Referovala o tom tak, aby u \u010dten\u00e1\u0159\u016f vzbudila dojem, \u017ee nejsem  po\u0161kozen\u00fd, ale b\u016fhv\u00edz\u010deho podez\u0159el\u00fd. A dokonce m\u011b dala do souvislosti se  zavra\u017ed\u011bn\u00fdm podnikatelem Mr\u00e1zkem. \u017de pr\u00fd jsem \u201e\u017eehlil&#8220; n\u011bjak\u00e9 milosti,  co\u017e je \u010distokrevn\u00e1 le\u017e. Mus\u00edm \u0159\u00edci, \u017ee se m\u011b to docela dotklo,&#8220;  post\u011b\u017eoval si Jakl na EUport\u00e1lu.<\/p>\n<p align=\"justify\">Novin\u00e1\u0159\u016fm zm\u00edn\u011bn\u00e9ho den\u00edku tak pr\u00fd poslal sms, v n\u00ed\u017e \u017e\u00e1dal objasn\u011bn\u00ed  faktu, pro\u010d se jej list sna\u017e\u00ed o\u010der\u0148ovat a podsouvat \u010dten\u00e1\u0159\u016fm nap\u0159\u00edklad  spojitost jeho osoby se zesnul\u00fdm mafi\u00e1nsk\u00fdm bossem Franti\u0161kem Mr\u00e1zkem.<\/p>\n<p align=\"justify\"><strong>Zv\u011bd se dostal a\u017e k Ne\u010dasovi?<\/strong><\/p>\n<p align=\"justify\">List v\u0161ak pr\u00fd jeho v\u00fdhrady nezaj\u00edmaly. &#8222;&#8230;Situace je mimo\u0159\u00e1dn\u011b v\u00e1\u017en\u00e1.  Na\u0161\u00ed povinnost\u00ed je o tom ps\u00e1t, zvl\u00e1\u0161\u0165 v\u00a0p\u0159\u00edpad\u011b, \u017ee hlavn\u00ed podez\u0159el\u00fd  dosadil sv\u00e9 lidi a\u017e do vl\u00e1dy,&#8220; napsala pr\u00fd Jaklovi vedouc\u00ed dom\u00e1c\u00ed  redakce MF Dnes.<\/p>\n<p align=\"justify\">Po dal\u0161\u00ed kr\u00e1tk\u00e9 smskov\u00e9 p\u0159est\u0159elce, o n\u00ed\u017e se Jak na EUport\u00e1lu zmi\u0148uje,  mu pr\u00fd MF Dnes mimo jin\u00e9 sd\u011blila, \u017ee se sna\u017e\u00ed zjistit, pro\u010d si jej  &#8222;B\u00e1rta prov\u011b\u0159oval.&#8220;<\/p>\n<p align=\"justify\">Toto odhalen\u00ed zdvihlo prezidentova tajemn\u00edka ze \u017eidle podruh\u00e9. Pokud pr\u00fd  den\u00edk v\u00ed, \u017ee si jej prov\u011b\u0159oval b\u00fdval\u00fd \u0161\u00e9f dopravy v sou\u010dasnosti \u010del\u00edc\u00ed  podez\u0159en\u00ed z korupce, m\u011bl by to zve\u0159ejnit a dolo\u017eit. Stejn\u011b jako jeho  \u00fadajnou prov\u00e1zanost s &#8222;kmotrem Mr\u00e1zkem&#8220;, kter\u00e1 podle Jakla neexistuje.<\/p>\n<p align=\"justify\"><a href=\"http:\/\/www.parlamentnilisty.cz\/zpravy\/201140.aspx\" target=\"_blank\">Zdroj<\/a><\/p>\n","protected":false},"excerpt":{"rendered":"<p>S naru\u0161ov\u00e1n\u00edm soukrom\u00ed v podob\u011b nahr\u00e1vek nebo odposlech\u016f mobiln\u00edch telefon\u016f se v posledn\u00ed dob\u011b doslova roztrhl pytel.<\/p>\n","protected":false},"author":1,"featured_media":0,"comment_status":"open","ping_status":"open","sticky":false,"template":"","format":"standard","meta":{"ngg_post_thumbnail":0,"footnotes":""},"categories":[11],"tags":[],"class_list":["post-1105","post","type-post","status-publish","format-standard","hentry","category-ozvena"],"_links":{"self":[{"href":"https:\/\/www.ladislavjakl.cz\/index.php?rest_route=\/wp\/v2\/posts\/1105","targetHints":{"allow":["GET"]}}],"collection":[{"href":"https:\/\/www.ladislavjakl.cz\/index.php?rest_route=\/wp\/v2\/posts"}],"about":[{"href":"https:\/\/www.ladislavjakl.cz\/index.php?rest_route=\/wp\/v2\/types\/post"}],"author":[{"embeddable":true,"href":"https:\/\/www.ladislavjakl.cz\/index.php?rest_route=\/wp\/v2\/users\/1"}],"replies":[{"embeddable":true,"href":"https:\/\/www.ladislavjakl.cz\/index.php?rest_route=%2Fwp%2Fv2%2Fcomments&post=1105"}],"version-history":[{"count":1,"href":"https:\/\/www.ladislavjakl.cz\/index.php?rest_route=\/wp\/v2\/posts\/1105\/revisions"}],"predecessor-version":[{"id":1106,"href":"https:\/\/www.ladislavjakl.cz\/index.php?rest_route=\/wp\/v2\/posts\/1105\/revisions\/1106"}],"wp:attachment":[{"href":"https:\/\/www.ladislavjakl.cz\/index.php?rest_route=%2Fwp%2Fv2%2Fmedia&parent=1105"}],"wp:term":[{"taxonomy":"category","embeddable":true,"href":"https:\/\/www.ladislavjakl.cz\/index.php?rest_route=%2Fwp%2Fv2%2Fcategories&post=1105"},{"taxonomy":"post_tag","embeddable":true,"href":"https:\/\/www.ladislavjakl.cz\/index.php?rest_route=%2Fwp%2Fv2%2Ftags&post=1105"}],"curies":[{"name":"wp","href":"https:\/\/api.w.org\/{rel}","templated":true}]}}