{"id":1107,"date":"2011-06-30T09:27:15","date_gmt":"2011-06-30T08:27:15","guid":{"rendered":"http:\/\/www.ladislavjakl.cz\/?p=1107"},"modified":"2011-06-30T09:27:32","modified_gmt":"2011-06-30T08:27:32","slug":"jakl-vs-mf-dnes-a-pavlacove-drby-pani-blazkove","status":"publish","type":"post","link":"https:\/\/www.ladislavjakl.cz\/?p=1107","title":{"rendered":"Jakl vs. MF DNES a pavla\u010dov\u00e9 drby pan\u00ed Bla\u017ekov\u00e9"},"content":{"rendered":"<div>Prezident\u016fv  tajemn\u00edk nevych\u00e1z\u00ed z \u00fa\u017easu nad drzost\u00ed redaktor\u016f Mlad\u00e9 fronty. Tyhle  \u010dl\u00e1nky u\u017e lze br\u00e1t do ruky snad jen ve funebr\u00e1ck\u00fdch rukavic\u00edch, \u0159\u00edk\u00e1. V medi\u00e1ln\u00ed bran\u017ei  se v\u017edy \u0159\u00edkalo, \u017ee  zpr\u00e1vy je t\u0159eba ps\u00e1t tak, aby jim rozum\u011bla i star\u00e1  Bla\u017ekov\u00e1. Dnes u\u017e  kone\u010dn\u011b tu\u0161\u00edm, kdo je tou osobou.<\/div>\n<div style=\"margin-top: 15px;\"><strong><\/strong><strong><span style=\"font-size: x-small;\"><!--more--><\/span><\/strong><\/div>\n<p>Do\u0161lo mi to  p\u0159i pro\u010d\u00edt\u00e1n\u00ed nejnov\u011bj\u0161\u00edho blogu Ladislava Jakla, ve kter\u00e9m si tajemn\u00edk  prezidenta republiky st\u011b\u017euje na neprofesionalitu, sp\u00ed\u0161e v\u0161ak z\u00e1ke\u0159nost  den\u00edku MF DNES.<\/p>\n<p>Ten p\u0159ed \u010dasem informoval o tom, \u017ee si \u0159adov\u00fd  policista obstaral v\u00fdpisy z telefonu Ladislava Jakla a dal\u0161\u00edch osob z  politick\u00e9 sf\u00e9ry a nejsp\u00ed\u0161e s nimi obchodoval, za co\u017e ho vy\u0161et\u0159uje  Inspekce ministerstva vnitra.<\/p>\n<p>Podle Jakla je ale nejen skand\u00e1ln\u00ed  to, \u017ee policie nez\u00e1konn\u011b odposlouch\u00e1v\u00e1, koho si zamane, ale i to, \u017ee  informace pot\u00e9 putuje do Mlad\u00e9 fronty, kter\u00e1 je\u0161t\u011b z toho v\u0161eho vyrob\u00ed  p\u0159\u00edb\u011bh, kter\u00fdm po\u0161kozen\u00e9 po\u0161kod\u00ed je\u0161t\u011b v\u00edce. V p\u0159\u00edpad\u011b Jakla nap\u0159\u00edklad  referuje o p\u0159\u00edb\u011bhu z\u00e1m\u011brn\u011b tak, aby u \u010dten\u00e1\u0159\u016f vzbudila dojem, \u017ee\u00a0  prezident\u016fv tajemn\u00edk nen\u00ed po\u0161kozen\u00fd, ale b\u016fhv\u00edz\u010deho podez\u0159el\u00fd.<\/p>\n<p>&#8222;Dokonce  m\u011b dala do souvislosti se zavra\u017ed\u011bn\u00fdm podnikatelem Mr\u00e1zkem. \u017de pr\u00fd jsem  \u00b4\u017eehlil\u00b4 n\u011bjak\u00e9 milosti, co\u017e je \u010distokrevn\u00e1 le\u017e. Mus\u00edm \u0159\u00edci, \u017ee se m\u011b  to docela dotklo,&#8220; napsal Jakl a p\u0159ipojil rozho\u0159\u010denou sms, kterou v t\u00e9  souvislosti poslal n\u011bkter\u00fdm novin\u00e1\u0159\u016fm Mlad\u00e9 fronty.<\/p>\n<p>&#8222;K dne\u0161n\u00edmu  hlavn\u00edmu textu Mlad\u00e9 fronty: Skand\u00e1ln\u00ed nen\u00ed pouze selh\u00e1n\u00ed doty\u010dn\u00e9ho  policisty a soudce. Skand\u00e1ln\u00ed je p\u0159edev\u0161\u00edm to, \u017ee kdosi z Inspekce  Ministerstva vnitra, m\u00edsto aby v\u011bc vy\u0161et\u0159oval a informoval mne jako  po\u0161kozen\u00e9ho, nejsp\u00ed\u0161e nejd\u0159\u00edv prodal informace Mlad\u00e9 front\u011b a j\u00e1 se tak o  sv\u00e9m \u0161piclov\u00e1n\u00ed\u00a0 a jeho vy\u0161et\u0159ov\u00e1n\u00ed nedozv\u00edd\u00e1m od policie ale z novin. A  u\u017e v\u016fbec nechutn\u00e9 je, s jakou \u00fapornost\u00ed se sna\u017e\u00ed Mlad\u00e1 fronta na tomto  m\u00e9m po\u0161kozen\u00ed je\u0161t\u011b parazitovat, d\u00e1l m\u011b o\u010der\u0148ovat a podsouvat \u010dten\u00e1\u0159\u016fm  souvislost m\u00e9 osoby s Mr\u00e1zkem a t\u00edm s organizovan\u00fdm zlo\u010dinem. Tyhle  \u010dl\u00e1nky u\u017e lze br\u00e1t do ruky snad jen ve funebr\u00e1ck\u00fdch rukavic\u00edch,&#8220; napsal  Jakl novin\u00e1\u0159\u016fm z MF DNES.<\/p>\n<p>Cituje d\u00e1le odpov\u011b\u010f, kter\u00e1 v mu v  reakci na tuto zpr\u00e1vu p\u0159i\u0161la od novin\u00e1\u0159ky, kter\u00e1 by m\u011bla m\u00edt na starosti  korektnost zpravodajstv\u00ed tohoto den\u00edku.<\/p>\n<p>&#8222;V\u00e1\u017een\u00fd pane tajemn\u00edku,  omlouv\u00e1m se, ale Va\u0161\u00ed reakci nerozum\u00edm. Situace je mimo\u0159\u00e1dn\u011b v\u00e1\u017en\u00e1. Na\u0161\u00ed  povinnost\u00ed je o tom ps\u00e1t, zvl\u00e1\u0161\u0165 v p\u0159\u00edpad\u011b, \u017ee hlavn\u00ed podez\u0159el\u00fd dosadil  sv\u00e9 lidi a\u017e do vl\u00e1dy. M\u011bjte se hezky. Jana Bla\u017ekov\u00e1, vedouc\u00ed dom\u00e1c\u00edho  zpravodajstv\u00ed mf dnes.&#8220;<\/p>\n<p>Co t\u00edm myslela, v\u00ed z\u0159ejm\u011b jen ona sama.  Hlavn\u00ed podez\u0159el\u00fd z Jaklova \u0161piclov\u00e1n\u00ed \u017ee dosadil sv\u00e9 lidi a\u017e do vl\u00e1dy?  Hradn\u00ed tajemn\u00edk krout\u00ed hlavou a t\u0159eba\u017ee cht\u011bl komunikaci u\u017e ukon\u010dit,  je\u0161t\u011b jednou odep\u00ed\u0161e. Pro m\u00e9n\u011b vn\u00edmav\u00e9 novin\u00e1\u0159e zopakuje hlavn\u00ed dv\u011b teze  sv\u00e9 v\u00fdtky:<\/p>\n<p>Vad\u00ed mu, \u017ee Inspekce informovala d\u0159\u00edve novin\u00e1\u0159e, ne\u017e  jeho a za druh\u00e9 to, \u017ee kdy\u017e u\u017e MFD o p\u0159\u00edpadu p\u00ed\u0161e, zlomysln\u011b d\u00e1v\u00e1 Jakla  do souvislosti se zavra\u017ed\u011bn\u00fdm mafi\u00e1nem Mr\u00e1zkem. &#8222;C\u00edlem mohlo b\u00fdt jedin\u00e9:  ubl\u00ed\u017eit mi. A to je hnusn\u00e9. Nem\u00e1m nejmen\u0161\u00ed pot\u0159ebu komunikovat s t\u00edm,  kdo mi \u00famysln\u011b ubli\u017euje,&#8220; uzav\u0159el Jakl sv\u016fj vzkaz.<\/p>\n<p>Pan\u00ed na pavla\u010di n\u011bmeck\u00e9ho medi\u00e1ln\u00edho domu se zamyslela a napsala dal\u0161\u00ed zpr\u00e1vu, ve kter\u00e9 si hraje na d\u016fle\u017eitou:<\/p>\n<p>&#8222;My  p\u0159ece nem\u016f\u017eeme za to, komu a kdy pan prezident ud\u011bluje milost. V t\u00e9  dob\u011b se o V\u00e1s psalo v t\u00e9to souvislosti, to\u0165 v\u0161e. \u017d\u00e1dn\u00fd nekal\u00fd z\u00e1m\u011br v  tom nen\u00ed, sna\u017e\u00edme se pouze zjistit, pro\u010d si V\u00e1s B\u00e1rta prov\u011b\u0159oval,&#8220;  cituje Jakl jej\u00ed odpov\u011b\u010f.<\/p>\n<p>My\u0161lenkov\u00e9 pochody redaktor\u016f MF DNES snad nepot\u0159ebuji koment\u00e1\u0159e. Hradn\u00ed tajemn\u00edk \u010dten\u00e1\u0159\u016fm sv\u00e9ho blogu pouze dod\u00e1v\u00e1:<\/p>\n<p>&#8222;Souvislost  m\u00e9ho jm\u00e9na s Mr\u00e1zkem \u010di n\u011bjakou milost\u00ed neexistuje, nic se o mn\u011b v t\u00e9to  souvislosti ps\u00e1t nemohlo, leda n\u011bco zcela vylhan\u00e9ho. Nev\u00edm, jak snaha  n\u011bco zjistit m\u016f\u017ee souviset s publikov\u00e1n\u00edm hnusn\u00e9 spekulace. T\u00edm se n\u011bco  zjist\u00ed? A ona v\u00ed, \u017ee si m\u011b B\u00e1rta prov\u011b\u0159oval? Pokud ano, a\u0165 to zve\u0159ejn\u00ed a  dolo\u017e\u00ed, pokud ne, a\u0165 mi to nep\u00ed\u0161e jako hotovou v\u011bc. Je to \u010dlov\u011bk na  sv\u00e9m m\u00edst\u011b? V\u00ed, jak neuv\u00e1\u017een\u00e1 nebo zlomysln\u00e1 v\u011bta m\u016f\u017ee ubl\u00ed\u017eit? Nev\u00ed,  proto\u017ee o n\u00ed je\u0161t\u011b takhle nikdo nepsal.&#8220;<\/p>\n<p>A j\u00e1 dod\u00e1v\u00e1m: Mr\u00e1zek je  n\u011bco jako Us\u00e1ma bin L\u00e1din. Zt\u011blesn\u011bn\u00e9 zlo, kter\u00e9 slou\u017e\u00ed k lep\u0161\u00edmu  prodeji MF DNES (a Kmentov\u00fdch kn\u00ed\u017eek). Sice existoval a byl to prev\u00edt,  ale mnohem sp\u00ed\u0161e jde o nafouknutou bublinu. Mafi\u00e1n, kter\u00e9mu se v\u011bnuje  v\u011bt\u0161\u00ed pozornost, ne\u017e zaslou\u017e\u00ed. Nav\u00edc je mrtv\u00fd, tak\u017ee se br\u00e1nit nem\u016f\u017ee a  ti, kdo o n\u011bm p\u00ed\u0161\u00ed, si tak mohou snadno hr\u00e1t na hrdiny. Jeho jm\u00e9no se  nav\u00edc d\u00e1 donekone\u010dna medi\u00e1ln\u011b vyt\u011b\u017eovat a m\u016f\u017ee kompromitovat lidi, kter\u00e9  se MFD sv\u00e9voln\u011b a zlovoln\u011b rozhodne s n\u00edm d\u00e1t do souvislosti. D\u016fkaz\u016f  net\u0159eba. Posta\u010d\u00ed pavla\u010dov\u00e9 drby pan\u00ed Bla\u017ekov\u00e9.<\/p>\n<p>MF DNES toti\u017e  nep\u00ed\u0161e sv\u00e9 noviny jen tak, aby jim rozum\u011bla i star\u00e1 Bla\u017ekov\u00e1. Star\u00e1  Bla\u017ekov\u00e1 je toti\u017e hlavn\u00ed c\u00edlovou skupinou MF DNES. Na v\u00edc toti\u017e tento  list nem\u00e1. Kdyby m\u011bl, nep\u0159edv\u00e1d\u011bl by nechutnosti, kter\u00e9 p\u0159edv\u00e1d\u00ed.<\/p>\n<p><a href=\"http:\/\/www.prvnizpravy.cz\/zpravy\/z-domova\/jakl-vs--mf-dnes-a-pavlacove-drby-pani-blazkove\/\" target=\"_blank\">Zdroj<\/a><\/p>\n","protected":false},"excerpt":{"rendered":"<p>Prezident\u016fv tajemn\u00edk nevych\u00e1z\u00ed z \u00fa\u017easu nad drzost\u00ed redaktor\u016f Mlad\u00e9 fronty. Tyhle \u010dl\u00e1nky u\u017e lze br\u00e1t do ruky snad jen ve funebr\u00e1ck\u00fdch rukavic\u00edch, \u0159\u00edk\u00e1. V medi\u00e1ln\u00ed bran\u017ei se v\u017edy \u0159\u00edkalo, \u017ee zpr\u00e1vy je t\u0159eba ps\u00e1t tak, aby jim rozum\u011bla i star\u00e1 Bla\u017ekov\u00e1. Dnes u\u017e kone\u010dn\u011b tu\u0161\u00edm, kdo je tou osobou.<\/p>\n","protected":false},"author":1,"featured_media":0,"comment_status":"open","ping_status":"open","sticky":false,"template":"","format":"standard","meta":{"ngg_post_thumbnail":0,"footnotes":""},"categories":[11],"tags":[],"class_list":["post-1107","post","type-post","status-publish","format-standard","hentry","category-ozvena"],"_links":{"self":[{"href":"https:\/\/www.ladislavjakl.cz\/index.php?rest_route=\/wp\/v2\/posts\/1107","targetHints":{"allow":["GET"]}}],"collection":[{"href":"https:\/\/www.ladislavjakl.cz\/index.php?rest_route=\/wp\/v2\/posts"}],"about":[{"href":"https:\/\/www.ladislavjakl.cz\/index.php?rest_route=\/wp\/v2\/types\/post"}],"author":[{"embeddable":true,"href":"https:\/\/www.ladislavjakl.cz\/index.php?rest_route=\/wp\/v2\/users\/1"}],"replies":[{"embeddable":true,"href":"https:\/\/www.ladislavjakl.cz\/index.php?rest_route=%2Fwp%2Fv2%2Fcomments&post=1107"}],"version-history":[{"count":2,"href":"https:\/\/www.ladislavjakl.cz\/index.php?rest_route=\/wp\/v2\/posts\/1107\/revisions"}],"predecessor-version":[{"id":1109,"href":"https:\/\/www.ladislavjakl.cz\/index.php?rest_route=\/wp\/v2\/posts\/1107\/revisions\/1109"}],"wp:attachment":[{"href":"https:\/\/www.ladislavjakl.cz\/index.php?rest_route=%2Fwp%2Fv2%2Fmedia&parent=1107"}],"wp:term":[{"taxonomy":"category","embeddable":true,"href":"https:\/\/www.ladislavjakl.cz\/index.php?rest_route=%2Fwp%2Fv2%2Fcategories&post=1107"},{"taxonomy":"post_tag","embeddable":true,"href":"https:\/\/www.ladislavjakl.cz\/index.php?rest_route=%2Fwp%2Fv2%2Ftags&post=1107"}],"curies":[{"name":"wp","href":"https:\/\/api.w.org\/{rel}","templated":true}]}}